{"id":6113,"date":"2015-04-22T21:20:33","date_gmt":"2015-04-22T19:20:33","guid":{"rendered":"http:\/\/www.pzwnarew.pl\/?p=6113"},"modified":"2015-04-23T07:48:08","modified_gmt":"2015-04-23T05:48:08","slug":"konkurs-fotograficzny-narew-rozstrzygniety","status":"publish","type":"post","link":"https:\/\/www.pzwnarew.pl\/?p=6113","title":{"rendered":"Konkurs fotograficzny Narew rozstrzygni\u0119ty."},"content":{"rendered":"<p>Jury konkursu po obejrzeniu 71 fotografii 19 autor\u00f3w postanowi\u0142o zakwalifikowa\u0107 do wystawy pokonkursowej 38 <a href=\"http:\/\/www.pzwnarew.pl\/wp-content\/uploads\/2015\/04\/dded.jpg\"><img loading=\"lazy\" decoding=\"async\" class=\"alignright size-thumbnail wp-image-6121\" src=\"http:\/\/www.pzwnarew.pl\/wp-content\/uploads\/2015\/04\/dded-150x150.jpg\" alt=\"dded\" width=\"150\" height=\"150\" \/><\/a>prac oraz przyzna\u0107 nast\u0119puj\u0105ce nagrody:<br \/>\nI nagroda \u2013 Micha\u0142 Nerwi\u0144ski za zdj\u0119cie \u201e\u015aniadanie nad Narwi\u0105\u201d<br \/>\nII nagroda \u2013 Daniel Ejsymont za zdj\u0119cie \u201eKurpiowskie pych\u00f3wki\u201d<br \/>\nIII nagroda \u2013 Rafa\u0142 Reddig za zdj\u0119cie \u201eRozlewisko Narwi \u2013 okolice Dobro\u0142\u0119ki\u201d<br \/>\nNagrod\u0119 Przewodnicz\u0105cego Rady Miasta otrzymuje Ilona Idzikowska za zdj\u0119cie \u201eOdbicie\u201d.<br \/>\nWyr\u00f3\u017cnienie specjalne Wiadomo\u015bci W\u0119dkarskich za propagowanie w\u0119dkarstwa otrzymuje Rafa\u0142 Reddig za zdj\u0119cie \u201eNa rybach \u2013 okolice Laskowca\u201d.<!--more--><br \/>\nDwa r\u00f3wnorz\u0119dne wyr\u00f3\u017cnienia otrzymuj\u0105:<br \/>\nDaniel Ejsymont za zdj\u0119cie \u201eZach\u00f3d na Rogalu\u201d oraz Kamil Nalewajk za zdj\u0119cie \u201ePara zachwycaj\u0105ca si\u0119 krajobrazem nadnarwia\u0144skim\u201d.<br \/>\nWr\u0119czenie nagr\u00f3d 26 kwietnia br. oko\u0142o godziny 13.00 w trakcie obchod\u00f3w Dnia Ziemi w Galerii Bursztynowej.<\/p>\n<p><a href=\"http:\/\/www.pzwnarew.pl\/wp-content\/uploads\/2015\/04\/erd.jpg\"><img loading=\"lazy\" decoding=\"async\" class=\"alignleft size-medium wp-image-6115\" src=\"http:\/\/www.pzwnarew.pl\/wp-content\/uploads\/2015\/04\/erd-300x199.jpg\" alt=\"erd\" width=\"300\" height=\"199\" srcset=\"https:\/\/www.pzwnarew.pl\/wp-content\/uploads\/2015\/04\/erd-300x199.jpg 300w, https:\/\/www.pzwnarew.pl\/wp-content\/uploads\/2015\/04\/erd.jpg 770w\" sizes=\"auto, (max-width: 300px) 100vw, 300px\" \/><\/a><a href=\"http:\/\/www.pzwnarew.pl\/wp-content\/uploads\/2015\/04\/erted.jpg\"><img loading=\"lazy\" decoding=\"async\" class=\"alignright size-medium wp-image-6116\" src=\"http:\/\/www.pzwnarew.pl\/wp-content\/uploads\/2015\/04\/erted-300x203.jpg\" alt=\"erted\" width=\"300\" height=\"203\" srcset=\"https:\/\/www.pzwnarew.pl\/wp-content\/uploads\/2015\/04\/erted-300x203.jpg 300w, https:\/\/www.pzwnarew.pl\/wp-content\/uploads\/2015\/04\/erted.jpg 756w\" sizes=\"auto, (max-width: 300px) 100vw, 300px\" \/><\/a><a href=\"http:\/\/www.pzwnarew.pl\/wp-content\/uploads\/2015\/04\/undfd.jpg\"><img loading=\"lazy\" decoding=\"async\" class=\"alignleft size-medium wp-image-6117\" src=\"http:\/\/www.pzwnarew.pl\/wp-content\/uploads\/2015\/04\/undfd-300x201.jpg\" alt=\"undfd\" width=\"300\" height=\"201\" srcset=\"https:\/\/www.pzwnarew.pl\/wp-content\/uploads\/2015\/04\/undfd-300x201.jpg 300w, https:\/\/www.pzwnarew.pl\/wp-content\/uploads\/2015\/04\/undfd.jpg 763w\" sizes=\"auto, (max-width: 300px) 100vw, 300px\" \/><\/a><a href=\"http:\/\/www.pzwnarew.pl\/wp-content\/uploads\/2015\/04\/wed.jpg\"><img loading=\"lazy\" decoding=\"async\" class=\"alignright size-medium wp-image-6118\" src=\"http:\/\/www.pzwnarew.pl\/wp-content\/uploads\/2015\/04\/wed-300x200.jpg\" alt=\"wed\" width=\"300\" height=\"200\" srcset=\"https:\/\/www.pzwnarew.pl\/wp-content\/uploads\/2015\/04\/wed-300x200.jpg 300w, https:\/\/www.pzwnarew.pl\/wp-content\/uploads\/2015\/04\/wed.jpg 767w\" sizes=\"auto, (max-width: 300px) 100vw, 300px\" \/><\/a><a href=\"http:\/\/www.pzwnarew.pl\/wp-content\/uploads\/2015\/04\/weee.jpg\"><img loading=\"lazy\" decoding=\"async\" class=\"alignleft size-medium wp-image-6119\" src=\"http:\/\/www.pzwnarew.pl\/wp-content\/uploads\/2015\/04\/weee-300x198.jpg\" alt=\"weee\" width=\"300\" height=\"198\" srcset=\"https:\/\/www.pzwnarew.pl\/wp-content\/uploads\/2015\/04\/weee-300x198.jpg 300w, https:\/\/www.pzwnarew.pl\/wp-content\/uploads\/2015\/04\/weee.jpg 774w\" sizes=\"auto, (max-width: 300px) 100vw, 300px\" \/><\/a><a href=\"http:\/\/www.pzwnarew.pl\/wp-content\/uploads\/2015\/04\/dr.jpg\"><img loading=\"lazy\" decoding=\"async\" class=\"alignleft size-medium wp-image-6114\" src=\"http:\/\/www.pzwnarew.pl\/wp-content\/uploads\/2015\/04\/dr-300x201.jpg\" alt=\"dr\" width=\"300\" height=\"201\" srcset=\"https:\/\/www.pzwnarew.pl\/wp-content\/uploads\/2015\/04\/dr-300x201.jpg 300w, https:\/\/www.pzwnarew.pl\/wp-content\/uploads\/2015\/04\/dr.jpg 763w\" sizes=\"auto, (max-width: 300px) 100vw, 300px\" \/><\/a><\/p>\n","protected":false},"excerpt":{"rendered":"<p>Jury konkursu po obejrzeniu 71 fotografii 19 autor\u00f3w postanowi\u0142o zakwalifikowa\u0107 do wystawy pokonkursowej 38 prac oraz przyzna\u0107 nast\u0119puj\u0105ce nagrody: I nagroda \u2013 Micha\u0142 Nerwi\u0144ski za zdj\u0119cie \u201e\u015aniadanie nad Narwi\u0105\u201d II nagroda \u2013 Daniel Ejsymont za zdj\u0119cie \u201eKurpiowskie pych\u00f3wki\u201d III nagroda \u2013 Rafa\u0142 Reddig za zdj\u0119cie \u201eRozlewisko Narwi \u2013 okolice Dobro\u0142\u0119ki\u201d Nagrod\u0119 Przewodnicz\u0105cego Rady Miasta otrzymuje Ilona Idzikowska za zdj\u0119cie \u201eOdbicie\u201d. Wyr\u00f3\u017cnienie specjalne Wiadomo\u015bci W\u0119dkarskich za propagowanie w\u0119dkarstwa otrzymuje Rafa\u0142 Reddig za zdj\u0119cie \u201eNa rybach \u2013 okolice Laskowca\u201d.<\/p>\n","protected":false},"author":2,"featured_media":0,"comment_status":"open","ping_status":"closed","sticky":false,"template":"","format":"standard","meta":{"footnotes":""},"categories":[20],"tags":[],"class_list":["post-6113","post","type-post","status-publish","format-standard","hentry","category-newsy"],"_links":{"self":[{"href":"https:\/\/www.pzwnarew.pl\/index.php?rest_route=\/wp\/v2\/posts\/6113","targetHints":{"allow":["GET"]}}],"collection":[{"href":"https:\/\/www.pzwnarew.pl\/index.php?rest_route=\/wp\/v2\/posts"}],"about":[{"href":"https:\/\/www.pzwnarew.pl\/index.php?rest_route=\/wp\/v2\/types\/post"}],"author":[{"embeddable":true,"href":"https:\/\/www.pzwnarew.pl\/index.php?rest_route=\/wp\/v2\/users\/2"}],"replies":[{"embeddable":true,"href":"https:\/\/www.pzwnarew.pl\/index.php?rest_route=%2Fwp%2Fv2%2Fcomments&post=6113"}],"version-history":[{"count":2,"href":"https:\/\/www.pzwnarew.pl\/index.php?rest_route=\/wp\/v2\/posts\/6113\/revisions"}],"predecessor-version":[{"id":6122,"href":"https:\/\/www.pzwnarew.pl\/index.php?rest_route=\/wp\/v2\/posts\/6113\/revisions\/6122"}],"wp:attachment":[{"href":"https:\/\/www.pzwnarew.pl\/index.php?rest_route=%2Fwp%2Fv2%2Fmedia&parent=6113"}],"wp:term":[{"taxonomy":"category","embeddable":true,"href":"https:\/\/www.pzwnarew.pl\/index.php?rest_route=%2Fwp%2Fv2%2Fcategories&post=6113"},{"taxonomy":"post_tag","embeddable":true,"href":"https:\/\/www.pzwnarew.pl\/index.php?rest_route=%2Fwp%2Fv2%2Ftags&post=6113"}],"curies":[{"name":"wp","href":"https:\/\/api.w.org\/{rel}","templated":true}]}}