{"id":6103,"date":"2015-04-19T22:17:11","date_gmt":"2015-04-19T20:17:11","guid":{"rendered":"http:\/\/www.pzwnarew.pl\/?p=6103"},"modified":"2015-05-28T12:24:43","modified_gmt":"2015-05-28T10:24:43","slug":"wesola-wycieczka-na-kanal-taucki","status":"publish","type":"post","link":"https:\/\/www.pzwnarew.pl\/?p=6103","title":{"rendered":"Weso\u0142a wycieczka na kana\u0142 Ta\u0142cki"},"content":{"rendered":"<p>19 kwietnia odby\u0142o si\u0119 rodzinne spotkanie ko\u0142a PZW Narew na Kanale Ta\u0142ckim.O godzinie 5,20 wyruszyli\u015bmy <a href=\"http:\/\/www.pzwnarew.pl\/wp-content\/uploads\/2015\/04\/IMG_0336.jpg\"><img loading=\"lazy\" decoding=\"async\" class=\"alignright size-thumbnail wp-image-6105\" src=\"http:\/\/www.pzwnarew.pl\/wp-content\/uploads\/2015\/04\/IMG_0336-150x150.jpg\" alt=\"IMG_0336\" width=\"150\" height=\"150\" \/><\/a>pe\u0142nym autokarem na weso\u0142\u0105 wypraw\u0119 w\u0119dkarsk\u0105. To nasza pierwsza wycieczka w zmienionej formule. Tym razem zaproszenie do udzia\u0142u zosta\u0142o skierowane do rodzin naszych cz\u0142onk\u00f3w. Chcieli\u015bmy, aby tego dnia nasi koledzy i kole\u017canki sp\u0119dzili czas na w\u0119dkowaniu w gronie najbli\u017cszych im os\u00f3b, aby podzielili si\u0119 swoja pasj\u0105, aby w\u0119dkowanie by\u0142o sposobem na przyjemne sp\u0119dzenie razem wolnego czasu, by \u0142owienie ryb nie dzieli\u0142o a \u0142\u0105czy\u0142o. Czy nam si\u0119 to uda\u0142o ? Pe\u0142en autokar ch\u0119tnych \u015bwiadczy o tym, \u017ce zapotrzebowanie na tak\u0105 form\u0119 wycieczki jest. I to jest dla nas odpowiedzi\u0105 na pytanie czy b\u0119dziemy chcieli robi\u0107 to w przysz\u0142o\u015bci. Tak ! Ju\u017c nie d\u0142ugo dzie\u0144 dziecka. Zaprosimy znowu cz\u0142on\u00f3w naszego ko\u0142a wraz z rodzinami i znowu si\u0119 spotkamy.\u00a0Najm\u0142odszym uczestnikiem wycieczki by\u0142 3,5 letni Patryk Dawidczyk.\u00a0<!--more-->Postaramy si\u0119, aby nikt nie wr\u00f3ci\u0142 do domu niezadowolony. Byleby pogoda by\u0142a i ryby bra\u0142y, bo dzisiaj to by\u0142o z tym kiepsko. By\u0142o zimno i ryby nie bra\u0142y, ale nie pada\u0142o.<\/p>\n<p><a href=\"http:\/\/www.pzwnarew.pl\/gallery_pzw\/thumbnails.php?album=182\"><img loading=\"lazy\" decoding=\"async\" class=\"aligncenter size-full wp-image-4190\" src=\"http:\/\/www.pzwnarew.pl\/wp-content\/uploads\/2013\/04\/play-galeria.jpg\" alt=\"play galeria\" width=\"342\" height=\"213\" srcset=\"https:\/\/www.pzwnarew.pl\/wp-content\/uploads\/2013\/04\/play-galeria.jpg 342w, https:\/\/www.pzwnarew.pl\/wp-content\/uploads\/2013\/04\/play-galeria-300x186.jpg 300w\" sizes=\"auto, (max-width: 342px) 100vw, 342px\" \/><\/a><\/p>\n","protected":false},"excerpt":{"rendered":"<p>19 kwietnia odby\u0142o si\u0119 rodzinne spotkanie ko\u0142a PZW Narew na Kanale Ta\u0142ckim.O godzinie 5,20 wyruszyli\u015bmy pe\u0142nym autokarem na weso\u0142\u0105 wypraw\u0119 w\u0119dkarsk\u0105. To nasza pierwsza wycieczka w zmienionej formule. Tym razem zaproszenie do udzia\u0142u zosta\u0142o skierowane do rodzin naszych cz\u0142onk\u00f3w. Chcieli\u015bmy, aby tego dnia nasi koledzy i kole\u017canki sp\u0119dzili czas na w\u0119dkowaniu w gronie najbli\u017cszych im os\u00f3b, aby podzielili si\u0119 swoja pasj\u0105, aby w\u0119dkowanie by\u0142o sposobem na przyjemne sp\u0119dzenie razem wolnego czasu, by \u0142owienie ryb nie dzieli\u0142o a \u0142\u0105czy\u0142o. Czy nam&#8230;<\/p>\n<p class=\"read-more\"><a class=\"btn btn-default\" href=\"https:\/\/www.pzwnarew.pl\/?p=6103\"> Read More<span class=\"screen-reader-text\">  Read More<\/span><\/a><\/p>\n","protected":false},"author":2,"featured_media":0,"comment_status":"open","ping_status":"closed","sticky":false,"template":"","format":"standard","meta":{"footnotes":""},"categories":[20,17],"tags":[],"class_list":["post-6103","post","type-post","status-publish","format-standard","hentry","category-newsy","category-imprezy"],"_links":{"self":[{"href":"https:\/\/www.pzwnarew.pl\/index.php?rest_route=\/wp\/v2\/posts\/6103","targetHints":{"allow":["GET"]}}],"collection":[{"href":"https:\/\/www.pzwnarew.pl\/index.php?rest_route=\/wp\/v2\/posts"}],"about":[{"href":"https:\/\/www.pzwnarew.pl\/index.php?rest_route=\/wp\/v2\/types\/post"}],"author":[{"embeddable":true,"href":"https:\/\/www.pzwnarew.pl\/index.php?rest_route=\/wp\/v2\/users\/2"}],"replies":[{"embeddable":true,"href":"https:\/\/www.pzwnarew.pl\/index.php?rest_route=%2Fwp%2Fv2%2Fcomments&post=6103"}],"version-history":[{"count":8,"href":"https:\/\/www.pzwnarew.pl\/index.php?rest_route=\/wp\/v2\/posts\/6103\/revisions"}],"predecessor-version":[{"id":6203,"href":"https:\/\/www.pzwnarew.pl\/index.php?rest_route=\/wp\/v2\/posts\/6103\/revisions\/6203"}],"wp:attachment":[{"href":"https:\/\/www.pzwnarew.pl\/index.php?rest_route=%2Fwp%2Fv2%2Fmedia&parent=6103"}],"wp:term":[{"taxonomy":"category","embeddable":true,"href":"https:\/\/www.pzwnarew.pl\/index.php?rest_route=%2Fwp%2Fv2%2Fcategories&post=6103"},{"taxonomy":"post_tag","embeddable":true,"href":"https:\/\/www.pzwnarew.pl\/index.php?rest_route=%2Fwp%2Fv2%2Ftags&post=6103"}],"curies":[{"name":"wp","href":"https:\/\/api.w.org\/{rel}","templated":true}]}}