{"id":6016,"date":"2015-03-15T13:07:47","date_gmt":"2015-03-15T12:07:47","guid":{"rendered":"http:\/\/www.pzwnarew.pl\/?p=6016"},"modified":"2015-03-16T18:13:56","modified_gmt":"2015-03-16T17:13:56","slug":"zebranie-sprawozdawcze-z-dzialalnosci-kola","status":"publish","type":"post","link":"https:\/\/www.pzwnarew.pl\/?p=6016","title":{"rendered":"Zebranie Sprawozdawcze z dzia\u0142alno\u015bci Ko\u0142a"},"content":{"rendered":"<p>Dnia 15.03.2015r. odby\u0142o si\u0119 coroczne Zebranie Sprawozdawcze z dzia\u0142alno\u015bci Ko\u0142a Narew, za rok 2014. Jak co <a href=\"http:\/\/www.pzwnarew.pl\/wp-content\/uploads\/2015\/03\/IMG_0170.jpg\"><img loading=\"lazy\" decoding=\"async\" class=\"alignright size-thumbnail wp-image-6018\" src=\"http:\/\/www.pzwnarew.pl\/wp-content\/uploads\/2015\/03\/IMG_0170-150x150.jpg\" alt=\"IMG_0170\" width=\"150\" height=\"150\" \/><\/a>roku go\u015bcili\u015bmy ju\u017c tradycyjnie na zebraniu przedstawiciela Okr\u0119gu Mazowieckiego, Pana Stanis\u0142awa Pliszk\u0119, kt\u00f3ry to szczeg\u00f3\u0142owo odpowiada\u0142 na postawione pytania podczas dyskusji w czasie zebrania, przez cz\u0142onk\u00f3w Ko\u0142a. W trakcie zebrania z\u0142o\u017cono te\u017c kilka wniosk\u00f3w skierowanych do Okr\u0119gu PZW. Uczestnicy zebrania mogli r\u00f3wnie\u017c dowiedzie\u0107 si\u0119 sporo informacji na temat ubieg\u0142orocznych zarybie\u0144 prowadzonych w ca\u0142ym Okr\u0119gu jak i imprezach organizowanych przez nasze ko\u0142o. W trakcie zebrania uhonorowano Z\u0142ot\u0105 odznak\u0119 PZW z wie\u0144cami za zas\u0142ugi dla w\u0119dkarstwa polskiego Andrzeja Ho\u0142dy\u0144skiego. Z\u0142ot\u0105 odznak\u0105 PZW Andrzeja Za\u0142\u0119skiego oraz srebrn\u0105 odznak\u0119 PZW za zas\u0142ugi dla w\u0119dkarstwa polskiego otrzymali : Zbigniew Lis oraz J\u00f3zef <!--more-->Dziadak<\/p>\n<p><a href=\"http:\/\/www.pzwnarew.pl\/gallery_pzw\/thumbnails.php?album=177\"><img loading=\"lazy\" decoding=\"async\" class=\"aligncenter size-full wp-image-4190\" src=\"http:\/\/www.pzwnarew.pl\/wp-content\/uploads\/2013\/04\/play-galeria.jpg\" alt=\"play galeria\" width=\"342\" height=\"213\" srcset=\"https:\/\/www.pzwnarew.pl\/wp-content\/uploads\/2013\/04\/play-galeria.jpg 342w, https:\/\/www.pzwnarew.pl\/wp-content\/uploads\/2013\/04\/play-galeria-300x186.jpg 300w\" sizes=\"auto, (max-width: 342px) 100vw, 342px\" \/><\/a><\/p>\n","protected":false},"excerpt":{"rendered":"<p>Dnia 15.03.2015r. odby\u0142o si\u0119 coroczne Zebranie Sprawozdawcze z dzia\u0142alno\u015bci Ko\u0142a Narew, za rok 2014. Jak co roku go\u015bcili\u015bmy ju\u017c tradycyjnie na zebraniu przedstawiciela Okr\u0119gu Mazowieckiego, Pana Stanis\u0142awa Pliszk\u0119, kt\u00f3ry to szczeg\u00f3\u0142owo odpowiada\u0142 na postawione pytania podczas dyskusji w czasie zebrania, przez cz\u0142onk\u00f3w Ko\u0142a. W trakcie zebrania z\u0142o\u017cono te\u017c kilka wniosk\u00f3w skierowanych do Okr\u0119gu PZW. Uczestnicy zebrania mogli r\u00f3wnie\u017c dowiedzie\u0107 si\u0119 sporo informacji na temat ubieg\u0142orocznych zarybie\u0144 prowadzonych w ca\u0142ym Okr\u0119gu jak i imprezach organizowanych przez nasze ko\u0142o. W trakcie zebrania&#8230;<\/p>\n<p class=\"read-more\"><a class=\"btn btn-default\" href=\"https:\/\/www.pzwnarew.pl\/?p=6016\"> Read More<span class=\"screen-reader-text\">  Read More<\/span><\/a><\/p>\n","protected":false},"author":2,"featured_media":0,"comment_status":"open","ping_status":"closed","sticky":false,"template":"","format":"standard","meta":{"footnotes":""},"categories":[20],"tags":[],"class_list":["post-6016","post","type-post","status-publish","format-standard","hentry","category-newsy"],"_links":{"self":[{"href":"https:\/\/www.pzwnarew.pl\/index.php?rest_route=\/wp\/v2\/posts\/6016","targetHints":{"allow":["GET"]}}],"collection":[{"href":"https:\/\/www.pzwnarew.pl\/index.php?rest_route=\/wp\/v2\/posts"}],"about":[{"href":"https:\/\/www.pzwnarew.pl\/index.php?rest_route=\/wp\/v2\/types\/post"}],"author":[{"embeddable":true,"href":"https:\/\/www.pzwnarew.pl\/index.php?rest_route=\/wp\/v2\/users\/2"}],"replies":[{"embeddable":true,"href":"https:\/\/www.pzwnarew.pl\/index.php?rest_route=%2Fwp%2Fv2%2Fcomments&post=6016"}],"version-history":[{"count":4,"href":"https:\/\/www.pzwnarew.pl\/index.php?rest_route=\/wp\/v2\/posts\/6016\/revisions"}],"predecessor-version":[{"id":6021,"href":"https:\/\/www.pzwnarew.pl\/index.php?rest_route=\/wp\/v2\/posts\/6016\/revisions\/6021"}],"wp:attachment":[{"href":"https:\/\/www.pzwnarew.pl\/index.php?rest_route=%2Fwp%2Fv2%2Fmedia&parent=6016"}],"wp:term":[{"taxonomy":"category","embeddable":true,"href":"https:\/\/www.pzwnarew.pl\/index.php?rest_route=%2Fwp%2Fv2%2Fcategories&post=6016"},{"taxonomy":"post_tag","embeddable":true,"href":"https:\/\/www.pzwnarew.pl\/index.php?rest_route=%2Fwp%2Fv2%2Ftags&post=6016"}],"curies":[{"name":"wp","href":"https:\/\/api.w.org\/{rel}","templated":true}]}}