{"id":590,"date":"2006-09-24T12:06:43","date_gmt":"2006-09-24T11:06:43","guid":{"rendered":"http:\/\/www.ostroleka.com.pl\/pzw-narew38\/?p=590"},"modified":"2011-03-19T12:26:33","modified_gmt":"2011-03-19T11:26:33","slug":"viii-ogolnopolskich-zawodow-spinningowych-%e2%80%9eokon-narwi","status":"publish","type":"post","link":"https:\/\/www.pzwnarew.pl\/?p=590","title":{"rendered":"VIII Og\u00f3lnopolskich Zawod\u00f3w Spinningowych \u201eOKO\u0143 NARWI&#8221;"},"content":{"rendered":"<p><strong>W niedziel\u0119, 24 wrze\u015bnia 2006 r. na Pla\u017cy Miejskiej w Ostro\u0142\u0119ce by\u0142o wyj\u0105tkowo gwarnie, przyjemnie i interesuj\u0105co.<\/strong><\/p>\n<p><a href=\"http:\/\/www.ostroleka.com.pl\/pzw-narew38\/wp-content\/uploads\/2011\/03\/okon_2006_011.jpg\"><img loading=\"lazy\" decoding=\"async\" class=\"alignleft size-thumbnail wp-image-592\" title=\"okon_2006_01\" src=\"http:\/\/www.ostroleka.com.pl\/pzw-narew38\/wp-content\/uploads\/2011\/03\/okon_2006_011-150x147.jpg\" alt=\"\" width=\"150\" height=\"147\" \/><\/a>Ponad 100 w\u0119dkarzy &#8211; sportowc\u00f3w i drugie tyle organizator\u00f3w, s\u0119dzi\u00f3w i kibic\u00f3w ju\u017c od wczesnych godzin rannych zacz\u0119\u0142o rozgania\u0107 porann\u0105 mg\u0142\u0119, aby stan\u0105\u0107 do rywalizacji w VIII Og\u00f3lnopolskich Zawodach Spinningowych &#8222;Oko\u0144 Narwi&#8221;.<br \/>\nOrganizator zawod\u00f3w &#8211; Rejon Ostro\u0142\u0119cki Okr\u0119gu Mazowieckiego PZW, podobnie jak we wcze\u015bniejszych edycjach tych zawod\u00f3w, stan\u0105\u0142 na wysoko\u015bci zadania i zrealizowa\u0142 wszystkie za\u0142o\u017cenia jakie sobie postawi\u0142, a poprzeczka wisia\u0142a wysoko. Patronat honorowy nad zawodami obj\u0105\u0142 Prezydent Miasta Ostro\u0142\u0119ki, w imieniu kt\u00f3rego na ceremonii zako\u0144czenia zawod\u00f3w by\u0142 obecny Wice Prezydent Stanis\u0142aw Rybski.<\/p>\n<p><!--more--><\/p>\n<p><a href=\"http:\/\/www.ostroleka.com.pl\/pzw-narew38\/wp-content\/uploads\/2011\/03\/okon_2006_04.jpg\"><img loading=\"lazy\" decoding=\"async\" class=\"alignleft size-thumbnail wp-image-595\" title=\"okon_2006_04\" src=\"http:\/\/www.ostroleka.com.pl\/pzw-narew38\/wp-content\/uploads\/2011\/03\/okon_2006_04-150x147.jpg\" alt=\"\" width=\"150\" height=\"147\" \/><\/a>W\u015br\u00f3d zacnych go\u015bci, kt\u00f3rzy zaszczycili w\u0119dkarzy swoj\u0105 obecno\u015bci\u0105 byli m.in. Wice Starosta Ostro\u0142\u0119cki Witold Pakie\u0142a oraz Dyrektor Urz\u0119du \u017beglugi \u015ar\u00f3dl\u0105dowej Andrzej Potapowicz. Jednak najwi\u0119ksz\u0105 niespodziank\u0105 by\u0142a obecno\u015b\u0107 samego Prezesa Zarz\u0105du G\u0142\u00f3wnego Polskiego Zwi\u0105zku W\u0119dkarskiego Eugeniusza Grabowskiego, kt\u00f3ry ufundowa\u0142 i osobi\u015bcie wr\u0119czy\u0142 puchar dla zwyci\u0119zcy zawod\u00f3w. Mi\u0142ym akcentem by\u0142a przeja\u017cd\u017cka Pana Prezesa \u0142odzi\u0105 motorow\u0105, podczas kt\u00f3rej wita\u0142 i pozdrawia\u0142 zawodnik\u00f3w oraz podziwia\u0142 nasz\u0105 pi\u0119kn\u0105 Narew, jak sam twierdzi &#8211; jedn\u0105 z najpi\u0119kniejszych rzek w Europie.<\/p>\n<p><a href=\"http:\/\/www.ostroleka.com.pl\/pzw-narew38\/wp-content\/uploads\/2011\/03\/okon_2006_02.jpg\"><img loading=\"lazy\" decoding=\"async\" class=\"alignleft size-thumbnail wp-image-594\" title=\"okon_2006_02\" src=\"http:\/\/www.ostroleka.com.pl\/pzw-narew38\/wp-content\/uploads\/2011\/03\/okon_2006_02-150x147.jpg\" alt=\"\" width=\"150\" height=\"147\" \/><\/a>Ostro\u0142\u0119ccy dzia\u0142acze mieli r\u00f3wnie\u017c przyjemno\u015b\u0107 go\u015bci\u0107 Prezesa Okr\u0119gu Mazowieckiego PZW w Warszawie Zbigniewa Bedy\u0144skiego, kt\u00f3ry formalnie sprawuje nadz\u00f3r nad Rejonem Ostro\u0142\u0119ckim PZW i r\u00f3wnie\u017c ufundowa\u0142 okaza\u0142y puchar dla jednego ze zwyci\u0119zc\u00f3w zawod\u00f3w. Og\u00f3lnopolskie Zawody &#8222;Oko\u0144 Narwi&#8221; by\u0142y r\u00f3wnie\u017c do\u015b\u0107 licznie reprezentowane przez lokalne media, kt\u00f3re obj\u0119\u0142y swoim patronatem zawody, a tak\u017ce cz\u0119\u015bciowo sponsorowali je, a by\u0142y to: Tygodnik Ostro\u0142\u0119cki, Radio &#8222;Oko&#8221;, Wiadomo\u015bci W\u0119dkarskie oraz Radio dla Ciebie.<\/p>\n<p>Na zawodach nie zabrak\u0142o r\u00f3wnie\u017c Radia Nadzieja i sprawdzonego sponsora &#8211; Towarzystwa Ubezpieczeniowego UNIQA w Ostro\u0142\u0119ce.<\/p>\n<p>Ostatecznie w zawodach udzia\u0142 wzi\u0119\u0142o 103 zawodnik\u00f3w z p\u00f3\u0142nocno-wschodniej i centralnej Polski. Z komunikatu ko\u0144cowego zawod\u00f3w, przedstawionego przez S\u0119dziego G\u0142\u00f3wnego zawod\u00f3w Antoniego Jab\u0142o\u0144skiego, niezbicie wynika, \u017ce nasz\u0105 kurpiowsk\u0105 rzek\u0119 najlepiej znaj\u0105 w\u0142a\u015bnie kurpie, bo to g\u0142\u00f3wnie Oni plasowali si\u0119 na czo\u0142owych miejscach.<\/p>\n<p>Sponsor g\u0142\u00f3wny zawod\u00f3w &#8211; Prezydent Miasta Ostro\u0142\u0119ki ufundowa\u0142 szereg bardzo warto\u015bciowych nagr\u00f3d rzeczowych w postaci sprz\u0119tu w\u0119dkarskiego najwy\u017cszej klasy. Zarz\u0105d Powiatu Ostro\u0142\u0119ckiego r\u00f3wnie\u017c znacz\u0105co wzbogaci\u0142 pul\u0119 nagr\u00f3d, kt\u00f3r\u0105 to odebrali najlepsi zawodnicy, zajmuj\u0105c kolejne miejsca:<br \/>\nI m &#8211; Tomasz Knobelzdorf &#8211; Ostro\u0142\u0119ka Ko\u0142o PZW &#8222;Energopap&#8221; &#8211; 6285 pkt<br \/>\nII m &#8211; \u0141ukasz Romanik &#8211; Ostro\u0142\u0119ka &#8211; &#8221; &#8211; &#8222;Narew&#8221; &#8211; 2815 pkt<br \/>\nIII m &#8211; Sylwester Grabowski &#8211; Ostro\u0142\u0119ka &#8211; &#8221; &#8211; &#8222;Energopap&#8221; &#8211; 1775 pkt<br \/>\nIV m &#8211; Stanis\u0142aw Dylewski &#8211; Ostro\u0142\u0119ka &#8211; &#8221; &#8211; &#8222;Narew&#8221; &#8211; 1750 pkt<br \/>\nV m &#8211; Jaros\u0142aw Modzelewski &#8211; Ostro\u0142\u0119ka &#8211; &#8221; &#8211; &#8222;Energopap&#8221; &#8211; 1725 pkt<br \/>\nVI m &#8211; Tadeusz Przyborowski &#8211; Ostro\u0142\u0119ka &#8211; &#8221; &#8211; &#8222;Energopap&#8221; &#8211; 1480 pkt<br \/>\nVII m &#8211; S\u0142awomir Szyma\u0144ski &#8211; Ostr\u00f3w Maz. &#8211; Klub W\u0119dk. &#8222;Spiner&#8221; &#8211; 1195 pkt<br \/>\nVIII m &#8211; Zbigniew Farfu\u0142owicz &#8211; \u0141om\u017ca &#8211; 1120 pkt<br \/>\nIX m &#8211; Miros\u0142aw Biegaj &#8211; Ma\u0142kinia &#8211; 1105 pkt<br \/>\nX m &#8211; Arkadiusz Kowalewski &#8211; Ostr\u00f3w Maz. &#8211; Klub W\u0119dk.&#8221;Spiner&#8221; &#8211; 1070 pkt<\/p>\n<p><a href=\"http:\/\/www.ostroleka.com.pl\/pzw-narew38\/wp-content\/uploads\/2011\/03\/okon_2006_05.jpg\"><img loading=\"lazy\" decoding=\"async\" class=\"size-thumbnail wp-image-596 alignright\" title=\"okon_2006_05\" src=\"http:\/\/www.ostroleka.com.pl\/pzw-narew38\/wp-content\/uploads\/2011\/03\/okon_2006_05-150x147.jpg\" alt=\"\" width=\"150\" height=\"147\" \/><\/a>Najlepsz\u0105 zawodniczk\u0105 zawod\u00f3w zosta\u0142a Pani Hanna Kamieniecka z Ostrowi Maz.<br \/>\nNajwi\u0119ksz\u0105 ryb\u0119 zawod\u00f3w, suma o wadze 2,7 kg z\u0142owi\u0142 zwyci\u0119zca zawod\u00f3w Tomasz Knobelzdorf.<br \/>\n\u0141owc\u0105 najwi\u0119kszego okonia, sztandarowej ryby zawod\u00f3w, okaza\u0142 si\u0119 Adam Krupa z Ostrowi Maz.<br \/>\nNajwi\u0119ksze ryby w poszczeg\u00f3lnych gatunkach z\u0142owili:<br \/>\n&#8211; Stanis\u0142aw Dylewski &#8211; bole\u0144 o wadze 1750 g<br \/>\n&#8211; Arkadiusz Kowalewski &#8211; ja\u017a o wadze 1070 g<br \/>\n&#8211; S\u0142awomir Szyma\u0144ski &#8211; kle\u0144 o wadze 635 g<br \/>\n&#8211; Sylwester Grabowski &#8211; szczupak o wadze 1275 g<\/p>\n<p>Przewodnicz\u0105cy Rady Rejonu Ostro\u0142\u0119ckiego PZW Stanis\u0142aw Pliszka oraz Kierownik Biura Waldemar Waleszkiewicz mieli wiele powod\u00f3w do zadowolenia z przebiegu i organizacji zawod\u00f3w.<\/p>\n<p>Gratulacje jakie odebrali od najwy\u017cszych w\u0142adz PZW oraz w\u0142adz miasta i powiatu ostro\u0142\u0119ckiego z ca\u0142\u0105 pewno\u015bci\u0105 przysparzaj\u0105 wiele satysfakcji dla lokalnych dzia\u0142aczy PZW, a tak\u017ce mobilizuj\u0105 do organizacji zawod\u00f3w w\u0119dkarskich i innych przedsi\u0119wzi\u0119\u0107 ekologicznych na skal\u0119 krajow\u0105, o czym zapewnia\u0142 sam Prezes ZG PZW.<\/p>\n<p>W imieniu organizatora<br \/>\nWies\u0142aw Szczube\u0142ek<\/p>\n<p>Zapraszamy do galerii zdj\u0119\u0107 &gt;&gt;<\/p>\n","protected":false},"excerpt":{"rendered":"<p>W niedziel\u0119, 24 wrze\u015bnia 2006 r. na Pla\u017cy Miejskiej w Ostro\u0142\u0119ce by\u0142o wyj\u0105tkowo gwarnie, przyjemnie i interesuj\u0105co. Ponad 100 w\u0119dkarzy &#8211; sportowc\u00f3w i drugie tyle organizator\u00f3w, s\u0119dzi\u00f3w i kibic\u00f3w ju\u017c od wczesnych godzin rannych zacz\u0119\u0142o rozgania\u0107 porann\u0105 mg\u0142\u0119, aby stan\u0105\u0107 do rywalizacji w VIII Og\u00f3lnopolskich Zawodach Spinningowych &#8222;Oko\u0144 Narwi&#8221;. Organizator zawod\u00f3w &#8211; Rejon Ostro\u0142\u0119cki Okr\u0119gu Mazowieckiego PZW, podobnie jak we wcze\u015bniejszych edycjach tych zawod\u00f3w, stan\u0105\u0142 na wysoko\u015bci zadania i zrealizowa\u0142 wszystkie za\u0142o\u017cenia jakie sobie postawi\u0142, a poprzeczka wisia\u0142a wysoko. Patronat&#8230;<\/p>\n<p class=\"read-more\"><a class=\"btn btn-default\" href=\"https:\/\/www.pzwnarew.pl\/?p=590\"> Read More<span class=\"screen-reader-text\">  Read More<\/span><\/a><\/p>\n","protected":false},"author":1,"featured_media":0,"comment_status":"closed","ping_status":"closed","sticky":false,"template":"","format":"standard","meta":{"footnotes":""},"categories":[20,17],"tags":[],"class_list":["post-590","post","type-post","status-publish","format-standard","hentry","category-newsy","category-imprezy"],"_links":{"self":[{"href":"https:\/\/www.pzwnarew.pl\/index.php?rest_route=\/wp\/v2\/posts\/590","targetHints":{"allow":["GET"]}}],"collection":[{"href":"https:\/\/www.pzwnarew.pl\/index.php?rest_route=\/wp\/v2\/posts"}],"about":[{"href":"https:\/\/www.pzwnarew.pl\/index.php?rest_route=\/wp\/v2\/types\/post"}],"author":[{"embeddable":true,"href":"https:\/\/www.pzwnarew.pl\/index.php?rest_route=\/wp\/v2\/users\/1"}],"replies":[{"embeddable":true,"href":"https:\/\/www.pzwnarew.pl\/index.php?rest_route=%2Fwp%2Fv2%2Fcomments&post=590"}],"version-history":[{"count":7,"href":"https:\/\/www.pzwnarew.pl\/index.php?rest_route=\/wp\/v2\/posts\/590\/revisions"}],"predecessor-version":[{"id":602,"href":"https:\/\/www.pzwnarew.pl\/index.php?rest_route=\/wp\/v2\/posts\/590\/revisions\/602"}],"wp:attachment":[{"href":"https:\/\/www.pzwnarew.pl\/index.php?rest_route=%2Fwp%2Fv2%2Fmedia&parent=590"}],"wp:term":[{"taxonomy":"category","embeddable":true,"href":"https:\/\/www.pzwnarew.pl\/index.php?rest_route=%2Fwp%2Fv2%2Fcategories&post=590"},{"taxonomy":"post_tag","embeddable":true,"href":"https:\/\/www.pzwnarew.pl\/index.php?rest_route=%2Fwp%2Fv2%2Ftags&post=590"}],"curies":[{"name":"wp","href":"https:\/\/api.w.org\/{rel}","templated":true}]}}