{"id":5861,"date":"2015-02-23T21:20:05","date_gmt":"2015-02-23T20:20:05","guid":{"rendered":"http:\/\/www.pzwnarew.pl\/?p=5861"},"modified":"2015-02-23T21:20:05","modified_gmt":"2015-02-23T20:20:05","slug":"czy-bedziemy-strzelac-do-kormoranow","status":"publish","type":"post","link":"https:\/\/www.pzwnarew.pl\/?p=5861","title":{"rendered":"Czy b\u0119dziemy strzela\u0107 do kormoran\u00f3w?"},"content":{"rendered":"<p>Ot\u00f3\u017c nie, my w\u0119dkarze strzela\u0107 do ptak\u00f3w nie b\u0119dziemy, ale jak wynika z Raportu dotycz\u0105cego monitoringu <a href=\"http:\/\/www.pzwnarew.pl\/wp-content\/uploads\/2015\/02\/fred.jpg\"><img loading=\"lazy\" decoding=\"async\" class=\"alignright size-thumbnail wp-image-5862\" src=\"http:\/\/www.pzwnarew.pl\/wp-content\/uploads\/2015\/02\/fred-150x150.jpg\" alt=\"fred\" width=\"150\" height=\"150\" \/><\/a>ichtiofauny jezior : Sasek Wielki, Sasek Ma\u0142y i Wa\u0142pusz, zleconego naukowcom z Uniwersytetu Warminsko-Mazurskiego w Olsztynie &#8222;olbrzymim zagro\u017ceniem dla zasob\u00f3w ichtiofauny jest niekontrolowany rozw\u00f3j bytuj\u0105cych nad jeziorami Sasek Ma\u0142y i Sasek Wielki populacji l\u0119gowych kormorana czarnego&#8221;.<br \/>\nW miniony czwartek 19 lutego br. cz\u0142onkowie naszego ko\u0142a wzi\u0119li udzia\u0142 w konferencji naukowej w Szczytnie zorganizowanej przez Zarz\u0105d Okr\u0119gu Mazowieckiego PZW w Warszawie podsumowuj\u0105cy przeprowadzone prace i analizy terenowe zwi\u0105zane z ocen\u0105 ichtiofauny wymienionych jezior prowadzone w okresie od czerwca 2013 roku do <!--more-->pa\u017adziernika 2014 . Wynikiem tych bada\u0144 jest cytowany raport, w kt\u00f3rym wskazano zagro\u017cenia dla rybostanu i kierunki dzia\u0142a\u0144 dla gospodaruj\u0105cego tymi wodami Zarz\u0105du Okr\u0119gu Mazowieckiego. Jak konferencj\u0119 podsumowa\u0142 Pan Zbigniew Bedy\u0144ski, prezes zarz\u0105du Okr\u0119gu Mazowieckiego PZW, za wcze\u015bnie jeszcze na zaplanowanie konkretnych dzia\u0142a\u0144. Wniosk\u00f3w jest du\u017co, materia\u0142 badawczy obszerny i potrzeba czasu, aby odpowiednie osoby i instytucje zapozna\u0142y si\u0119 z nim zanim podj\u0119te zostan\u0105 w\u0142a\u015bciwe czynno\u015bci interwencyjne.<br \/>\nCo do populacji kormoran\u00f3w gniazduj\u0105cych nad jeziorami Sasek Wielki i Ma\u0142y, co zwr\u00f3ci\u0142o moj\u0105 szczeg\u00f3ln\u0105 uwag\u0119 to straty materialne z powodu \u017cerowania tych ptak\u00f3w szacowane s\u0105 na 527 tysi\u0119cy z\u0142otych rocznie , najwi\u0119ksze spustoszenie\u00a0 czyni\u0105c w populacji lina po\u017ceraj\u0105c go w ilo\u015bci 14 100 kg, p\u0142oci 14 100 kg\u00a0 \u00a0i szczupaka 13 200 kg . Dla por\u00f3wnania rocznie uklei zjadaj\u0105 jedynie 100 kg, wzdr\u0119gi 500 kg, okonia 6600 kg. ) Co zaskakuje \u015brednia d\u0142ugo\u015b\u0107 zjadanych p\u0142oci to 14,4 cm, szczupaka 19,3 cm, lina 20,7 cm, nie sa wi\u0119c to ryby ma\u0142e, tak wi\u0119c moim zdaniem los kormoran\u00f3w powinien zosta\u0107 przes\u0105dzony a ich populacja zdecydowanie zmniejszona. Strzela\u0107 wi\u0119c raczej nie b\u0119dziemy, ale my w\u0119dkarze z kormoranami nie mamy powod\u00f3w, aby si\u0119 przyja\u017ani\u0107. Skutecznym sposobem ograniczania populacji tych szkodnik\u00f3w wg profesora dr hab. Andrzeja Martyniaka jest tzw. sch\u0142adzanie jaj poprzez straszenie wysiaduj\u0105cych je ptak\u00f3w w okresie l\u0119g\u00f3w.<\/p>\n<p><a href=\"http:\/\/www.pzwnarew.pl\/wp-content\/uploads\/2015\/02\/rd.jpg\"><img loading=\"lazy\" decoding=\"async\" class=\"aligncenter size-medium wp-image-5863\" src=\"http:\/\/www.pzwnarew.pl\/wp-content\/uploads\/2015\/02\/rd-300x199.jpg\" alt=\"rd\" width=\"300\" height=\"199\" srcset=\"https:\/\/www.pzwnarew.pl\/wp-content\/uploads\/2015\/02\/rd-300x199.jpg 300w, https:\/\/www.pzwnarew.pl\/wp-content\/uploads\/2015\/02\/rd.jpg 766w\" sizes=\"auto, (max-width: 300px) 100vw, 300px\" \/><\/a><\/p>\n","protected":false},"excerpt":{"rendered":"<p>Ot\u00f3\u017c nie, my w\u0119dkarze strzela\u0107 do ptak\u00f3w nie b\u0119dziemy, ale jak wynika z Raportu dotycz\u0105cego monitoringu ichtiofauny jezior : Sasek Wielki, Sasek Ma\u0142y i Wa\u0142pusz, zleconego naukowcom z Uniwersytetu Warminsko-Mazurskiego w Olsztynie &#8222;olbrzymim zagro\u017ceniem dla zasob\u00f3w ichtiofauny jest niekontrolowany rozw\u00f3j bytuj\u0105cych nad jeziorami Sasek Ma\u0142y i Sasek Wielki populacji l\u0119gowych kormorana czarnego&#8221;. W miniony czwartek 19 lutego br. cz\u0142onkowie naszego ko\u0142a wzi\u0119li udzia\u0142 w konferencji naukowej w Szczytnie zorganizowanej przez Zarz\u0105d Okr\u0119gu Mazowieckiego PZW w Warszawie podsumowuj\u0105cy przeprowadzone prace i&#8230;<\/p>\n<p class=\"read-more\"><a class=\"btn btn-default\" href=\"https:\/\/www.pzwnarew.pl\/?p=5861\"> Read More<span class=\"screen-reader-text\">  Read More<\/span><\/a><\/p>\n","protected":false},"author":2,"featured_media":0,"comment_status":"open","ping_status":"closed","sticky":false,"template":"","format":"standard","meta":{"footnotes":""},"categories":[20],"tags":[],"class_list":["post-5861","post","type-post","status-publish","format-standard","hentry","category-newsy"],"_links":{"self":[{"href":"https:\/\/www.pzwnarew.pl\/index.php?rest_route=\/wp\/v2\/posts\/5861","targetHints":{"allow":["GET"]}}],"collection":[{"href":"https:\/\/www.pzwnarew.pl\/index.php?rest_route=\/wp\/v2\/posts"}],"about":[{"href":"https:\/\/www.pzwnarew.pl\/index.php?rest_route=\/wp\/v2\/types\/post"}],"author":[{"embeddable":true,"href":"https:\/\/www.pzwnarew.pl\/index.php?rest_route=\/wp\/v2\/users\/2"}],"replies":[{"embeddable":true,"href":"https:\/\/www.pzwnarew.pl\/index.php?rest_route=%2Fwp%2Fv2%2Fcomments&post=5861"}],"version-history":[{"count":1,"href":"https:\/\/www.pzwnarew.pl\/index.php?rest_route=\/wp\/v2\/posts\/5861\/revisions"}],"predecessor-version":[{"id":5864,"href":"https:\/\/www.pzwnarew.pl\/index.php?rest_route=\/wp\/v2\/posts\/5861\/revisions\/5864"}],"wp:attachment":[{"href":"https:\/\/www.pzwnarew.pl\/index.php?rest_route=%2Fwp%2Fv2%2Fmedia&parent=5861"}],"wp:term":[{"taxonomy":"category","embeddable":true,"href":"https:\/\/www.pzwnarew.pl\/index.php?rest_route=%2Fwp%2Fv2%2Fcategories&post=5861"},{"taxonomy":"post_tag","embeddable":true,"href":"https:\/\/www.pzwnarew.pl\/index.php?rest_route=%2Fwp%2Fv2%2Ftags&post=5861"}],"curies":[{"name":"wp","href":"https:\/\/api.w.org\/{rel}","templated":true}]}}