{"id":5848,"date":"2015-02-16T17:41:46","date_gmt":"2015-02-16T16:41:46","guid":{"rendered":"http:\/\/www.pzwnarew.pl\/?p=5848"},"modified":"2015-02-19T17:45:24","modified_gmt":"2015-02-19T16:45:24","slug":"pomozmy-rodzicom-dziewczynki-zebrac-srodki-na-leczenie","status":"publish","type":"post","link":"https:\/\/www.pzwnarew.pl\/?p=5848","title":{"rendered":"Pom\u00f3\u017cmy zebra\u0107 \u015brodki na leczenie Amelki z Ostro\u0142\u0119ki"},"content":{"rendered":"<p><span class=\"art_tresc\">Amelia Erpszt, ma 8 lat, mieszka w Ostro\u0142\u0119ce, jest uczennic\u0105 III klasy Szko\u0142y Podstawowej nr 4. Od niedawna <a href=\"http:\/\/www.pzwnarew.pl\/wp-content\/uploads\/2015\/02\/10959452_775234145886936_8227634317492213125_n.jpg\"><img loading=\"lazy\" decoding=\"async\" class=\"alignright size-thumbnail wp-image-5849\" src=\"http:\/\/www.pzwnarew.pl\/wp-content\/uploads\/2015\/02\/10959452_775234145886936_8227634317492213125_n-150x150.jpg\" alt=\"10959452_775234145886936_8227634317492213125_n\" width=\"150\" height=\"150\" \/><\/a>dziewczynka zmaga si\u0119 z bardzo powa\u017cn\u0105 c<span id=\"akon_nsitsp_1\">horob\u0105<\/span>. Jej rodzina jest trudnej sytuacji finansowej a na leczenie Amelki potrzebne s\u0105 ogromne fundusze. Pom\u00f3\u017cmy rodzicom dziewczynki w zebraniu \u015brodk\u00f3w na niezb\u0119dne leczenie.<br \/>\n<\/span><!--more--><\/p>\n<p>10 lutego u o\u015bmioletniej zaledwie dziewczynki stwierdzono bia\u0142aczk\u0119 limfoblastyczn\u0105. Od kilku dni przebywa na oddziale Uniwersyteckiego <span id=\"akon_nsitsp_3\">Szpitala<\/span> Klinicznego w Bia\u0142ymstoku. Obecnie dziewczynka jest po transfuzji krwi, poniewa\u017c jej organizm odrzuca leczenie. Amelka przygotowywana jest do chemioterapii oraz radioterapii. Niestety leczenie przeci\u0105ga si\u0119, poniewa\u017c dziewczynka ma uszkodzon\u0105 w\u0105trob\u0119.<\/p>\n<p>Ponadto rodzina Amelki zmaga si\u0119 z powa\u017cnymi problemami finansowymi. Jej mama samotnie wychowuje <span id=\"akon_nsitsp_4\">dzieci<\/span> a z powodu choroby c\u00f3rki nie mo\u017ce obecnie podj\u0105\u0107 jakiejkolwiek pracy zarobkowej. Nieustannie, przez 24 godziny na dob\u0119 dy\u017curuje w szpitalu przy chorej Amelce.<\/p>\n<p>Grupa przyjaci\u00f3\u0142 i znajomych rodziny za naszym po\u015brednictwem apeluje o pomoc. <b>Potrzebne jest niemal\u017ce wszystko \u2013 od podstawowych produkt\u00f3w \u017cywno\u015bciowych i \u015brodk\u00f3w <span id=\"akon_nsitsp_0\">czysto\u015bci<\/span> dla pozostaj\u0105cych w Ostro\u0142\u0119ce dzieci jak r\u00f3wnie\u017c dla Amelki. <\/b>Dziewczynka od momentu rozpocz\u0119cia chemioterapii potrzebowa\u0142a b\u0119dzie bardzo du\u017cej ilo\u015bci specjalnych preparat\u00f3w wspomagaj\u0105cych funkcjonowanie jej organizmu <b>(Nutridrink).<\/b><\/p>\n<p>Niezb\u0119dna jest tak\u017ce pomoc finansowa \u2013 rodzinie Amelki brakuje \u015brodk\u00f3w na op\u0142aty rachunk\u00f3w, codzienne zakupy czy dojazdy do szpitala w Bia\u0142ymstoku.<\/p>\n<p><b>Wszelkiego rodzaju dary dla chorej dziewczynki i jej rodziny dostarczy\u0107 mo\u017cna do sklepu w\u0119dkarskiego Lin przy ulicy Chopina 5 lub <span id=\"akon_nsitsp_2\">si\u0142owni<\/span> Forma5Club ul. Goworowska nad sklepem Biedronka.<\/b><!--more--><\/p>\n<p>&nbsp;<\/p>\n","protected":false},"excerpt":{"rendered":"<p>Amelia Erpszt, ma 8 lat, mieszka w Ostro\u0142\u0119ce, jest uczennic\u0105 III klasy Szko\u0142y Podstawowej nr 4. Od niedawna dziewczynka zmaga si\u0119 z bardzo powa\u017cn\u0105 chorob\u0105. Jej rodzina jest trudnej sytuacji finansowej a na leczenie Amelki potrzebne s\u0105 ogromne fundusze. Pom\u00f3\u017cmy rodzicom dziewczynki w zebraniu \u015brodk\u00f3w na niezb\u0119dne leczenie.<\/p>\n","protected":false},"author":2,"featured_media":0,"comment_status":"open","ping_status":"closed","sticky":false,"template":"","format":"standard","meta":{"footnotes":""},"categories":[20],"tags":[],"class_list":["post-5848","post","type-post","status-publish","format-standard","hentry","category-newsy"],"_links":{"self":[{"href":"https:\/\/www.pzwnarew.pl\/index.php?rest_route=\/wp\/v2\/posts\/5848","targetHints":{"allow":["GET"]}}],"collection":[{"href":"https:\/\/www.pzwnarew.pl\/index.php?rest_route=\/wp\/v2\/posts"}],"about":[{"href":"https:\/\/www.pzwnarew.pl\/index.php?rest_route=\/wp\/v2\/types\/post"}],"author":[{"embeddable":true,"href":"https:\/\/www.pzwnarew.pl\/index.php?rest_route=\/wp\/v2\/users\/2"}],"replies":[{"embeddable":true,"href":"https:\/\/www.pzwnarew.pl\/index.php?rest_route=%2Fwp%2Fv2%2Fcomments&post=5848"}],"version-history":[{"count":4,"href":"https:\/\/www.pzwnarew.pl\/index.php?rest_route=\/wp\/v2\/posts\/5848\/revisions"}],"predecessor-version":[{"id":5853,"href":"https:\/\/www.pzwnarew.pl\/index.php?rest_route=\/wp\/v2\/posts\/5848\/revisions\/5853"}],"wp:attachment":[{"href":"https:\/\/www.pzwnarew.pl\/index.php?rest_route=%2Fwp%2Fv2%2Fmedia&parent=5848"}],"wp:term":[{"taxonomy":"category","embeddable":true,"href":"https:\/\/www.pzwnarew.pl\/index.php?rest_route=%2Fwp%2Fv2%2Fcategories&post=5848"},{"taxonomy":"post_tag","embeddable":true,"href":"https:\/\/www.pzwnarew.pl\/index.php?rest_route=%2Fwp%2Fv2%2Ftags&post=5848"}],"curies":[{"name":"wp","href":"https:\/\/api.w.org\/{rel}","templated":true}]}}