{"id":5824,"date":"2014-11-04T17:42:44","date_gmt":"2014-11-04T16:42:44","guid":{"rendered":"http:\/\/www.pzwnarew.pl\/?p=5824"},"modified":"2015-11-15T22:04:12","modified_gmt":"2015-11-15T21:04:12","slug":"5824","status":"publish","type":"post","link":"https:\/\/www.pzwnarew.pl\/?p=5824","title":{"rendered":""},"content":{"rendered":"<p><a href=\"http:\/\/hydro-monter.pl\/\" target=\"_blank\"><img loading=\"lazy\" decoding=\"async\" class=\"aligncenter size-full wp-image-5883\" src=\"http:\/\/www.pzwnarew.pl\/wp-content\/uploads\/2014\/11\/hydraulikkk.jpg\" alt=\"hydraulikkk\" width=\"759\" height=\"293\" srcset=\"https:\/\/www.pzwnarew.pl\/wp-content\/uploads\/2014\/11\/hydraulikkk.jpg 759w, https:\/\/www.pzwnarew.pl\/wp-content\/uploads\/2014\/11\/hydraulikkk-300x116.jpg 300w\" sizes=\"auto, (max-width: 759px) 100vw, 759px\" \/><\/a><\/p>\n<p><strong><span style=\"color: #292929;\">Zarz\u0105d Ko\u0142a \u201eNarew\u201d w Ostro\u0142\u0119ce og\u0142asza coroczny konkurs dla swoich cz\u0142onk\u00f3w pod nazw\u0105 \u201eOkazy w\u0119dkarskie\u201d.<\/span><\/strong><\/p>\n<p>W\u00a0 bie\u017c\u0105cym roku czas trwania konkursu:<br \/>\nod 1 stycznia do 30 listopada 2015 r.<\/p>\n<p>Przedmiotem konkursu s\u0105 najwi\u0119ksze okazy z\u0142owionych ryb we wszystkich gatunkach dozwolonych do po\u0142owu zgodnie z regulaminem amatorskiego po\u0142owu ryb, z zachowaniem okres\u00f3w i wymiar\u00f3w ochronnych.<br \/>\nRyby stanowi\u0105ce przedmiot zg\u0142oszenia w konkursie powinny by\u0107 sfotografowane lub uwiecznione na innych no\u015bnikach.<\/p>\n<p>Regulamin konkursy:<\/p>\n<p>1. Ryby z\u0142owione musz\u0105 by\u0107 na wodach PZW z wy\u0142\u0105czeniem \u0142owisk komercyjnych.<\/p>\n<p>2. Przy fotografowaniu ryb nale\u017cy zachowa\u0107 zasad\u0119 aby z\u0142owiony okaz by\u0142 pierwszoplanow\u0105 postaci\u0105, w\u0119dkarz (autor wyczynu) powinien by\u0107 widoczny na drugim planie.<\/p>\n<p>3. Przy zg\u0142oszeniu ryby nale\u017cy poda\u0107 \u015bwiadk\u00f3w po\u0142owu je\u017celi tacy byli.<\/p>\n<p>4. Ryb\u0119 nale\u017cy zmierzy\u0107 od tzw. czubka pyska do ko\u0144ca najd\u0142u\u017cszego promienia p\u0142etwy ogonowej (zdj\u0119cie z miar\u0105)<\/p>\n<p>5. Poda\u0107 imi\u0119, nazwisko \u0142owcy, \u00a0gatunek ryby oraz czas i miejsce gdzie zosta\u0142a z\u0142owiona.<\/p>\n<p>6. Ryba po zrobieniu zdj\u0119cia musi trafi\u0107 do swojego \u0142owiska (konieczne zdj\u0119cie lub film z wypuszczenia okazu)<\/p>\n<p>7. Bior\u0105c udzia\u0142 w naszym konkursie trzeba by\u0107 cz\u0142onkiem naszego ko\u0142a Narew 38 (wykupione znaki na 2015 rok w naszym kole w\u0119dkarskim)<\/p>\n<p>WA\u017bNE !!! Regulamin posiada 7 podpunkt\u00f3w, z\u0142amanie przynajmniej jednego z nich dyskwalifikuje w\u0119dkarza z konkursu.<\/p>\n<p>Z konkursu wy\u0142\u0105czone s\u0105 nast\u0119puj\u0105ce gatunki ryb: Ukleja, Jazgarz, Kie\u0142b i Kr\u0105p<\/p>\n<p>&nbsp;<\/p>\n<p style=\"text-align: center;\"><a href=\"http:\/\/www.pzwnarew.pl\/wp-content\/uploads\/2014\/11\/mucha.jpg\"><img loading=\"lazy\" decoding=\"async\" class=\"aligncenter size-medium wp-image-6150\" src=\"http:\/\/www.pzwnarew.pl\/wp-content\/uploads\/2014\/11\/mucha-300x169.jpg\" alt=\"mucha\" width=\"300\" height=\"169\" srcset=\"https:\/\/www.pzwnarew.pl\/wp-content\/uploads\/2014\/11\/mucha-300x169.jpg 300w, https:\/\/www.pzwnarew.pl\/wp-content\/uploads\/2014\/11\/mucha.jpg 908w\" sizes=\"auto, (max-width: 300px) 100vw, 300px\" \/><\/a><strong>Piotr Mucha<\/strong><\/p>\n<p style=\"text-align: center;\">W dniu 29.04.2015 z\u0142owi\u0142 na zbiorniku Wykrot, metod\u0105 spinningow\u0105 (boczny trok) leszcza 53 cm Ryba z powrotem trafi\u0142a do swojego \u0142owiska. Gratulujemy!!!<\/p>\n<p style=\"text-align: center;\"><a href=\"http:\/\/www.pzwnarew.pl\/wp-content\/uploads\/2014\/11\/mucha1.jpg\"><img loading=\"lazy\" decoding=\"async\" class=\"alignleft size-thumbnail wp-image-6151\" src=\"http:\/\/www.pzwnarew.pl\/wp-content\/uploads\/2014\/11\/mucha1-150x150.jpg\" alt=\"mucha1\" width=\"150\" height=\"150\" \/><\/a><a href=\"https:\/\/www.youtube.com\/watch?v=YwFiOSBUxDw\"><img loading=\"lazy\" decoding=\"async\" class=\"alignright size-thumbnail wp-image-4519\" src=\"http:\/\/www.pzwnarew.pl\/wp-content\/uploads\/2013\/06\/beznazwy-150x150.png\" alt=\"film\" width=\"150\" height=\"150\" \/><\/a><\/p>\n<hr \/>\n<p style=\"text-align: center;\"><a href=\"http:\/\/www.pzwnarew.pl\/wp-content\/uploads\/2014\/11\/jaz.jpg\"><img loading=\"lazy\" decoding=\"async\" class=\"aligncenter size-medium wp-image-6153\" src=\"http:\/\/www.pzwnarew.pl\/wp-content\/uploads\/2014\/11\/jaz-300x225.jpg\" alt=\"jaz\" width=\"300\" height=\"225\" srcset=\"https:\/\/www.pzwnarew.pl\/wp-content\/uploads\/2014\/11\/jaz-300x225.jpg 300w, https:\/\/www.pzwnarew.pl\/wp-content\/uploads\/2014\/11\/jaz.jpg 681w\" sizes=\"auto, (max-width: 300px) 100vw, 300px\" \/><\/a><\/p>\n<div style=\"width: 640px;\" class=\"wp-video\"><!--[if lt IE 9]><script>document.createElement('video');<\/script><![endif]-->\n<video class=\"wp-video-shortcode\" id=\"video-5824-1\" width=\"640\" height=\"360\" preload=\"metadata\" controls=\"controls\"><source type=\"video\/mp4\" src=\"http:\/\/www.pzwnarew.pl\/wp-content\/uploads\/2014\/11\/Ja\u017a-50cm-wraca-do-wody.mp4?_=1\" \/><a href=\"http:\/\/www.pzwnarew.pl\/wp-content\/uploads\/2014\/11\/Ja\u017a-50cm-wraca-do-wody.mp4\">http:\/\/www.pzwnarew.pl\/wp-content\/uploads\/2014\/11\/Ja\u017a-50cm-wraca-do-wody.mp4<\/a><\/video><\/div>\n<p style=\"text-align: center;\">W dniu 24 kwietnia 2015 Mateusz Naw\u0142oka z\u0142owi\u0142 jazia 48 cm na rzece Narew w okolicach Grabowa. Ja\u017a po\u0142akomi\u0142 si\u0119 na czerwonego robaka. Metoda \u0142owienia drgaj\u0105ca szczyt\u00f3wka (feeder). Po sesji zdj\u0119ciowej wr\u00f3ci\u0142 z powrotem do Narwi. Ze wzgl\u0119du \u017ce w\u0119dkarz by\u0142 sam nad wod\u0105 ci\u0119\u017cko mu by\u0142o zrobi\u0107 zdj\u0119cie razem z ryb\u0105. Gratulujemy !!!!<\/p>\n<hr \/>\n<p style=\"text-align: center;\"><a href=\"http:\/\/www.pzwnarew.pl\/wp-content\/uploads\/2014\/11\/lind.jpg\"><img loading=\"lazy\" decoding=\"async\" class=\"aligncenter size-medium wp-image-6183\" src=\"http:\/\/www.pzwnarew.pl\/wp-content\/uploads\/2014\/11\/lind-300x225.jpg\" alt=\"lind\" width=\"300\" height=\"225\" srcset=\"https:\/\/www.pzwnarew.pl\/wp-content\/uploads\/2014\/11\/lind-300x225.jpg 300w, https:\/\/www.pzwnarew.pl\/wp-content\/uploads\/2014\/11\/lind.jpg 681w\" sizes=\"auto, (max-width: 300px) 100vw, 300px\" \/><\/a> W maju 2015 Andrzej Za\u0142\u0119ski z\u0142owi\u0142 Lina 46 cm na starorzeczu Narwi w okolicach Kruszewa. Lin po\u0142akomi\u0142 si\u0119 na czerwonego robaka. Metoda \u0142owienia drgaj\u0105ca szczyt\u00f3wka (feeder). Po sesji zdj\u0119ciowej wr\u00f3ci\u0142 z powrotem do wody. \u015awiadkami wypuszczenia lina by\u0142 Prezes oraz osoba z Zarz\u0105du ko\u0142a Robert. Gratulujemy !!!!<\/p>\n<p style=\"text-align: center;\"><a href=\"http:\/\/www.pzwnarew.pl\/wp-content\/uploads\/2014\/11\/linn.jpg\"><img loading=\"lazy\" decoding=\"async\" class=\"alignleft size-thumbnail wp-image-6185\" src=\"http:\/\/www.pzwnarew.pl\/wp-content\/uploads\/2014\/11\/linn-150x150.jpg\" alt=\"linn\" width=\"150\" height=\"150\" \/><\/a><\/p>\n<hr \/>\n<p><a href=\"http:\/\/www.pzwnarew.pl\/wp-content\/uploads\/2014\/11\/ty.jpg\"><img loading=\"lazy\" decoding=\"async\" class=\"aligncenter size-medium wp-image-6187\" src=\"http:\/\/www.pzwnarew.pl\/wp-content\/uploads\/2014\/11\/ty-168x300.jpg\" alt=\"ty\" width=\"168\" height=\"300\" srcset=\"https:\/\/www.pzwnarew.pl\/wp-content\/uploads\/2014\/11\/ty-168x300.jpg 168w, https:\/\/www.pzwnarew.pl\/wp-content\/uploads\/2014\/11\/ty.jpg 286w\" sizes=\"auto, (max-width: 168px) 100vw, 168px\" \/><\/a><\/p>\n<p style=\"text-align: center;\"><strong>Dariusz Wi\u015bniewski<\/strong><\/p>\n<p>W dniu 14.05.2015 o godz 10.30\u00a0 z\u0142owi\u0142 szczupaka 62cm na rzece Narew w Kamiance , metod\u0105 spiningow\u0105 (technik\u0105 opadu). Zdj\u0119cie wykona\u0142 mi przypadkowy w\u0119dkarz kt\u00f3ry znajdowa\u0142 si\u0119 nad rzek\u0105.Po zmierzeniu ryba wr\u00f3ci\u0142a do swojego kr\u00f3lestwa . Nie my\u015bl\u0105c za wiele szczupaka wypu\u015bci\u0142em ale nie wykona\u0142em fotografii z miar\u0105 . Za brak fotografii z miark\u0105 oraz filmu z wypuszczenia ryba nie bierze udzia\u0142u w konkursie ale dla w\u0119dkarza wielkie gratulacje.<\/p>\n<hr \/>\n<p style=\"text-align: center;\"><a href=\"http:\/\/www.pzwnarew.pl\/wp-content\/uploads\/2014\/11\/uffffd.png\"><img loading=\"lazy\" decoding=\"async\" class=\"aligncenter size-medium wp-image-6215\" src=\"http:\/\/www.pzwnarew.pl\/wp-content\/uploads\/2014\/11\/uffffd-300x187.png\" alt=\"uffffd\" width=\"300\" height=\"187\" srcset=\"https:\/\/www.pzwnarew.pl\/wp-content\/uploads\/2014\/11\/uffffd-300x187.png 300w, https:\/\/www.pzwnarew.pl\/wp-content\/uploads\/2014\/11\/uffffd.png 818w\" sizes=\"auto, (max-width: 300px) 100vw, 300px\" \/><\/a><a href=\"http:\/\/www.pzwnarew.pl\/wp-content\/uploads\/2014\/11\/unfffd.jpg\"><img loading=\"lazy\" decoding=\"async\" class=\"alignleft size-thumbnail wp-image-6216\" src=\"http:\/\/www.pzwnarew.pl\/wp-content\/uploads\/2014\/11\/unfffd-150x150.jpg\" alt=\"unfffd\" width=\"150\" height=\"150\" \/><\/a><a href=\"http:\/\/www.pzwnarew.pl\/wp-content\/uploads\/2014\/11\/rtfed.jpg\"><img loading=\"lazy\" decoding=\"async\" class=\"alignright size-thumbnail wp-image-6217\" src=\"http:\/\/www.pzwnarew.pl\/wp-content\/uploads\/2014\/11\/rtfed-150x150.jpg\" alt=\"rtfed\" width=\"150\" height=\"150\" \/><\/a> <strong>Piotr Mucha<\/strong><\/p>\n<p>\u00a0W dniu 29.05.2015\u00a0 z\u0142owi\u0142 karpia 61cm na zbiorniku Wykrot wa\u017cy\u0142 5,20 kg Karp skusi\u0142 si\u0119 na robaczki<\/p>\n<p style=\"text-align: center;\">Gratulujemy !!!<\/p>\n<p style=\"text-align: center;\"><a href=\"https:\/\/www.youtube.com\/watch?v=lttFz87ZE0s\">Film z wypuszczenia &lt;patrz&gt;<\/a><\/p>\n<hr \/>\n<p style=\"text-align: center;\"><a href=\"http:\/\/www.pzwnarew.pl\/wp-content\/uploads\/2014\/11\/rtttd.jpg\"><img loading=\"lazy\" decoding=\"async\" class=\"aligncenter size-medium wp-image-6219\" src=\"http:\/\/www.pzwnarew.pl\/wp-content\/uploads\/2014\/11\/rtttd-300x225.jpg\" alt=\"rtttd\" width=\"300\" height=\"225\" srcset=\"https:\/\/www.pzwnarew.pl\/wp-content\/uploads\/2014\/11\/rtttd-300x225.jpg 300w, https:\/\/www.pzwnarew.pl\/wp-content\/uploads\/2014\/11\/rtttd.jpg 640w\" sizes=\"auto, (max-width: 300px) 100vw, 300px\" \/><\/a><a href=\"http:\/\/www.pzwnarew.pl\/wp-content\/uploads\/2014\/11\/werrrd.jpg\"><img loading=\"lazy\" decoding=\"async\" class=\"alignleft size-thumbnail wp-image-6220\" src=\"http:\/\/www.pzwnarew.pl\/wp-content\/uploads\/2014\/11\/werrrd-150x150.jpg\" alt=\"werrrd\" width=\"150\" height=\"150\" \/><\/a><a href=\"http:\/\/www.pzwnarew.pl\/wp-content\/uploads\/2014\/11\/sweemed.jpg\"><img loading=\"lazy\" decoding=\"async\" class=\"alignright size-thumbnail wp-image-6221\" src=\"http:\/\/www.pzwnarew.pl\/wp-content\/uploads\/2014\/11\/sweemed-150x150.jpg\" alt=\"sweemed\" width=\"150\" height=\"150\" \/><\/a><strong>Dariusz Wi\u015bniewski <\/strong><\/p>\n<p style=\"text-align: center;\">W dniu 2.06.2015 o godz 17.00 na rzece Narew w Ostro\u0142\u0119ce z\u0142owi\u0142em metod\u0105 spiningow\u0105 na wobler &#8211; Bolenia 62cm .Ryba oczywi\u015bcie dalej p\u0142ywa wr\u00f3ci\u0142a do swojego kr\u00f3lestwa .Wielkie podzi\u0119kowania dla kolegi po kiju Jacka Wili\u0144skiego , kt\u00f3ry sfotografowa\u0142 wspania\u0142\u0105 ryb\u0119 oraz nagra\u0142 wypuszczenie ryby .Pozdrawiam<\/p>\n<p style=\"text-align: center;\">Wypuszczenie ryby <a href=\"https:\/\/www.youtube.com\/watch?v=YuO0W9TWUmo&amp;feature=youtu.be\">&lt;&lt;patrz&gt;&gt;<\/a><\/p>\n<p style=\"text-align: center;\">Gratulujemy!!!<\/p>\n<hr \/>\n<p style=\"text-align: center;\"><a href=\"http:\/\/www.pzwnarew.pl\/wp-content\/uploads\/2014\/11\/sandacz.png\"><img loading=\"lazy\" decoding=\"async\" class=\"aligncenter size-medium wp-image-6232\" src=\"http:\/\/www.pzwnarew.pl\/wp-content\/uploads\/2014\/11\/sandacz-300x187.png\" alt=\"sandacz\" width=\"300\" height=\"187\" srcset=\"https:\/\/www.pzwnarew.pl\/wp-content\/uploads\/2014\/11\/sandacz-300x187.png 300w, https:\/\/www.pzwnarew.pl\/wp-content\/uploads\/2014\/11\/sandacz.png 818w\" sizes=\"auto, (max-width: 300px) 100vw, 300px\" \/><\/a><a href=\"http:\/\/www.pzwnarew.pl\/wp-content\/uploads\/2014\/11\/sandd.png\"><img loading=\"lazy\" decoding=\"async\" class=\"alignleft size-thumbnail wp-image-6233\" src=\"http:\/\/www.pzwnarew.pl\/wp-content\/uploads\/2014\/11\/sandd-150x150.png\" alt=\"sandd\" width=\"150\" height=\"150\" \/><\/a><a href=\"http:\/\/www.pzwnarew.pl\/wp-content\/uploads\/2014\/11\/saaaed.png\"><img loading=\"lazy\" decoding=\"async\" class=\"alignright size-thumbnail wp-image-6235\" src=\"http:\/\/www.pzwnarew.pl\/wp-content\/uploads\/2014\/11\/saaaed-150x150.png\" alt=\"saaaed\" width=\"150\" height=\"150\" \/><\/a><strong>Piotr Mucha <\/strong><\/p>\n<p>W dniu 7 czerwca po deszczu i och\u0142odzeniu na paprocha w zbiorniku Wykrot z\u0142owi\u0142 sandacz 55cm,kt\u00f3ry zaraz po zdj\u0119ciach wr\u00f3ci\u0142 do siebie. Pozdrawiam<\/p>\n<p><a href=\"https:\/\/www.youtube.com\/watch?v=YSILN0XRXjU\">Film z wypuszczenia\u00a0\u00a0 &lt;&lt;Patrz&gt;&gt;<\/a><\/p>\n<p style=\"text-align: center;\">Gratulujemy!!!<\/p>\n<hr \/>\n<p style=\"text-align: center;\"><a href=\"http:\/\/www.pzwnarew.pl\/wp-content\/uploads\/2014\/11\/unhhhd.jpg\"><img loading=\"lazy\" decoding=\"async\" class=\"aligncenter size-medium wp-image-6237\" src=\"http:\/\/www.pzwnarew.pl\/wp-content\/uploads\/2014\/11\/unhhhd-300x168.jpg\" alt=\"unhhhd\" width=\"300\" height=\"168\" srcset=\"https:\/\/www.pzwnarew.pl\/wp-content\/uploads\/2014\/11\/unhhhd-300x168.jpg 300w, https:\/\/www.pzwnarew.pl\/wp-content\/uploads\/2014\/11\/unhhhd.jpg 914w\" sizes=\"auto, (max-width: 300px) 100vw, 300px\" \/><\/a><a href=\"http:\/\/www.pzwnarew.pl\/wp-content\/uploads\/2014\/11\/uhhhhed.jpg\"><img loading=\"lazy\" decoding=\"async\" class=\"alignleft size-thumbnail wp-image-6238\" src=\"http:\/\/www.pzwnarew.pl\/wp-content\/uploads\/2014\/11\/uhhhhed-150x150.jpg\" alt=\"uhhhhed\" width=\"150\" height=\"150\" \/><\/a><\/p>\n<p style=\"text-align: center;\"><strong>Dariusz Wi\u015bniewski <\/strong><\/p>\n<p>W dniu 9.06.2015\u00a0 na rzece Narew w Ostro\u0142\u0119ce z\u0142owi\u0142em metod\u0105 spiningow\u0105 na wobler \u2013 Bolenia 60cm .Ryba oczywi\u015bcie dalej p\u0142ywa wr\u00f3ci\u0142a do swojego kr\u00f3lestwa.<\/p>\n<div style=\"width: 640px;\" class=\"wp-video\"><video class=\"wp-video-shortcode\" id=\"video-5824-2\" width=\"640\" height=\"360\" preload=\"metadata\" controls=\"controls\"><source type=\"video\/mp4\" src=\"http:\/\/www.pzwnarew.pl\/wp-content\/uploads\/2014\/11\/VIDEO0014_01.mp4?_=2\" \/><a href=\"http:\/\/www.pzwnarew.pl\/wp-content\/uploads\/2014\/11\/VIDEO0014_01.mp4\">http:\/\/www.pzwnarew.pl\/wp-content\/uploads\/2014\/11\/VIDEO0014_01.mp4<\/a><\/video><\/div>\n<p style=\"text-align: center;\">\u00a0\u00a0\u00a0\u00a0\u00a0\u00a0\u00a0\u00a0\u00a0\u00a0\u00a0\u00a0\u00a0\u00a0\u00a0\u00a0\u00a0\u00a0\u00a0\u00a0\u00a0\u00a0\u00a0\u00a0\u00a0\u00a0\u00a0\u00a0\u00a0 Gratulujemy!!!<\/p>\n<hr \/>\n<p style=\"text-align: center;\"><a href=\"http:\/\/www.pzwnarew.pl\/wp-content\/uploads\/2014\/11\/ertted.jpg\"><img loading=\"lazy\" decoding=\"async\" class=\"aligncenter size-medium wp-image-6262\" src=\"http:\/\/www.pzwnarew.pl\/wp-content\/uploads\/2014\/11\/ertted-225x300.jpg\" alt=\"ertted\" width=\"225\" height=\"300\" srcset=\"https:\/\/www.pzwnarew.pl\/wp-content\/uploads\/2014\/11\/ertted-225x300.jpg 225w, https:\/\/www.pzwnarew.pl\/wp-content\/uploads\/2014\/11\/ertted.jpg 383w\" sizes=\"auto, (max-width: 225px) 100vw, 225px\" \/><\/a><strong>Grzegorz Kuszneruk<\/strong><\/p>\n<p style=\"text-align: center;\">Z\u0142owi\u0142 23.06.2015r leszcza 53cm\u00a0 na Narwi metod\u0105 boczny trok<\/p>\n<p style=\"text-align: center;\">Gratulujemy<\/p>\n<p style=\"text-align: center;\"><a href=\"http:\/\/www.pzwnarew.pl\/wp-content\/uploads\/2014\/11\/assed.jpg\"><img loading=\"lazy\" decoding=\"async\" class=\"alignleft size-thumbnail wp-image-6263\" src=\"http:\/\/www.pzwnarew.pl\/wp-content\/uploads\/2014\/11\/assed-150x150.jpg\" alt=\"assed\" width=\"150\" height=\"150\" \/><\/a><\/p>\n<p>&nbsp;<\/p>\n<p>&nbsp;<\/p>\n<p>film z wypuszczenia ryby <a href=\"https:\/\/youtu.be\/LalPy9gS_-0\">&lt;&lt; patrz&gt;&gt;<\/a><\/p>\n<hr \/>\n<p style=\"text-align: center;\"><a href=\"http:\/\/www.pzwnarew.pl\/wp-content\/uploads\/2014\/11\/ftt.jpg\"><img loading=\"lazy\" decoding=\"async\" class=\"aligncenter size-medium wp-image-6324\" src=\"http:\/\/www.pzwnarew.pl\/wp-content\/uploads\/2014\/11\/ftt-300x225.jpg\" alt=\"ftt\" width=\"300\" height=\"225\" srcset=\"https:\/\/www.pzwnarew.pl\/wp-content\/uploads\/2014\/11\/ftt-300x225.jpg 300w, https:\/\/www.pzwnarew.pl\/wp-content\/uploads\/2014\/11\/ftt.jpg 681w\" sizes=\"auto, (max-width: 300px) 100vw, 300px\" \/><\/a><strong>Mateusz Naw\u0142oka<\/strong><\/p>\n<p>\u00a0W dniu 26 lipca 2015r. godz. 5.00 z\u0142owi\u0142 leszcza 58 cm miejsce po\u0142owu rzeka Narew w pobli\u017cu miejscowo\u015bci Grabowo. Leszcz po\u0142akomi\u0142 si\u0119 na kanapk\u0119 kukurydza + p\u0119czak , technika po\u0142owu : feeder .<\/p>\n<p><a href=\"https:\/\/www.youtube.com\/watch?v=ojL5v-W0anE&amp;feature=youtu.be\">Film z wypuszczenia ryby &lt;&lt; patrz&gt;&gt;<\/a><\/p>\n<p style=\"text-align: center;\"><a href=\"http:\/\/www.pzwnarew.pl\/wp-content\/uploads\/2014\/11\/rrt.jpg\"><img loading=\"lazy\" decoding=\"async\" class=\"alignleft size-thumbnail wp-image-6325\" src=\"http:\/\/www.pzwnarew.pl\/wp-content\/uploads\/2014\/11\/rrt-150x150.jpg\" alt=\"rrt\" width=\"150\" height=\"150\" \/><\/a>Gratulujemy !!!<\/p>\n<p>&nbsp;<\/p>\n<p>&nbsp;<\/p>\n<p>&nbsp;<\/p>\n<hr \/>\n<p>&nbsp;<\/p>\n<p>&nbsp;<\/p>\n<p>&nbsp;<\/p>\n<p><a href=\"http:\/\/www.pzwnarew.pl\/wp-content\/uploads\/2014\/11\/11992033_1626726170933785_1415467781_n.jpg\"><img loading=\"lazy\" decoding=\"async\" class=\"aligncenter size-medium wp-image-6354\" src=\"http:\/\/www.pzwnarew.pl\/wp-content\/uploads\/2014\/11\/11992033_1626726170933785_1415467781_n-300x225.jpg\" alt=\"11992033_1626726170933785_1415467781_n\" width=\"300\" height=\"225\" srcset=\"https:\/\/www.pzwnarew.pl\/wp-content\/uploads\/2014\/11\/11992033_1626726170933785_1415467781_n-300x225.jpg 300w, https:\/\/www.pzwnarew.pl\/wp-content\/uploads\/2014\/11\/11992033_1626726170933785_1415467781_n.jpg 960w\" sizes=\"auto, (max-width: 300px) 100vw, 300px\" \/><\/a><\/p>\n<p style=\"text-align: center;\"><strong>Robert Gwiazdowski<\/strong><\/p>\n<p style=\"text-align: center;\">\u00a0W dniu 3 wrze\u015bnia 2015r. godz. 16 z\u0142owi\u0142 amura 60 cm miejsce po\u0142owu rzeka Narew . Amur po\u0142akomi\u0142 si\u0119 na kanapk\u0119 kukurydza + robak , technika po\u0142owu : feeder .<\/p>\n<p style=\"text-align: center;\">Gratulujemy!!!<\/p>\n<p style=\"text-align: center;\"><a href=\"http:\/\/www.pzwnarew.pl\/wp-content\/uploads\/2014\/11\/11995533_1626726117600457_687492117_n.jpg\"><img loading=\"lazy\" decoding=\"async\" class=\"alignleft size-medium wp-image-6355\" src=\"http:\/\/www.pzwnarew.pl\/wp-content\/uploads\/2014\/11\/11995533_1626726117600457_687492117_n-300x225.jpg\" alt=\"11995533_1626726117600457_687492117_n\" width=\"300\" height=\"225\" srcset=\"https:\/\/www.pzwnarew.pl\/wp-content\/uploads\/2014\/11\/11995533_1626726117600457_687492117_n-300x225.jpg 300w, https:\/\/www.pzwnarew.pl\/wp-content\/uploads\/2014\/11\/11995533_1626726117600457_687492117_n.jpg 960w\" sizes=\"auto, (max-width: 300px) 100vw, 300px\" \/><\/a><a href=\"https:\/\/youtu.be\/zz1INT92ZkM\"><img loading=\"lazy\" decoding=\"async\" class=\"alignright size-thumbnail wp-image-4519\" src=\"http:\/\/www.pzwnarew.pl\/wp-content\/uploads\/2013\/06\/beznazwy-150x150.png\" alt=\"film\" width=\"150\" height=\"150\" \/><\/a><\/p>\n<p>&nbsp;<\/p>\n<p>&nbsp;<\/p>\n<p><iframe loading=\"lazy\" title=\"Oko\u0144 44 cm okaz 2015 (PZW Narew)\" width=\"640\" height=\"360\" src=\"https:\/\/www.youtube.com\/embed\/yZC_HPzoqAw?feature=oembed\" frameborder=\"0\" allow=\"accelerometer; autoplay; clipboard-write; encrypted-media; gyroscope; picture-in-picture; web-share\" referrerpolicy=\"strict-origin-when-cross-origin\" allowfullscreen><\/iframe><\/p>\n<p style=\"text-align: center;\"><a href=\"http:\/\/www.pzwnarew.pl\/wp-content\/uploads\/2014\/11\/indeks.jpg\"><img loading=\"lazy\" decoding=\"async\" class=\"aligncenter size-medium wp-image-6405\" src=\"http:\/\/www.pzwnarew.pl\/wp-content\/uploads\/2014\/11\/indeks-300x169.jpg\" alt=\"indeks\" width=\"300\" height=\"169\" srcset=\"https:\/\/www.pzwnarew.pl\/wp-content\/uploads\/2014\/11\/indeks-300x169.jpg 300w, https:\/\/www.pzwnarew.pl\/wp-content\/uploads\/2014\/11\/indeks.jpg 908w\" sizes=\"auto, (max-width: 300px) 100vw, 300px\" \/><\/a><strong>Mariusz Jackiewicz<\/strong><\/p>\n<p style=\"text-align: center;\">W dniu 15 listopada 2015r.\u00a0 z\u0142owi\u0142 okonia 44 cm miejsce po\u0142owu zbiornik Wykrot .<\/p>\n<p style=\"text-align: center;\">Gratulujemy!!!<\/p>\n<p style=\"text-align: center;\"><a href=\"http:\/\/www.pzwnarew.pl\/wp-content\/uploads\/2014\/11\/indekfs.jpg\"><img loading=\"lazy\" decoding=\"async\" class=\"alignleft size-thumbnail wp-image-6412\" src=\"http:\/\/www.pzwnarew.pl\/wp-content\/uploads\/2014\/11\/indekfs-150x150.jpg\" alt=\"indekfs\" width=\"150\" height=\"150\" \/><\/a><\/p>\n","protected":false},"excerpt":{"rendered":"<p>Zarz\u0105d Ko\u0142a \u201eNarew\u201d w Ostro\u0142\u0119ce og\u0142asza coroczny konkurs dla swoich cz\u0142onk\u00f3w pod nazw\u0105 \u201eOkazy w\u0119dkarskie\u201d. W\u00a0 bie\u017c\u0105cym roku czas trwania konkursu: od 1 stycznia do 30 listopada 2015 r. Przedmiotem konkursu s\u0105 najwi\u0119ksze okazy z\u0142owionych ryb we wszystkich gatunkach dozwolonych do po\u0142owu zgodnie z regulaminem amatorskiego po\u0142owu ryb, z zachowaniem okres\u00f3w i wymiar\u00f3w ochronnych. Ryby stanowi\u0105ce przedmiot zg\u0142oszenia w konkursie powinny by\u0107 sfotografowane lub uwiecznione na innych no\u015bnikach. Regulamin konkursy: 1. Ryby z\u0142owione musz\u0105 by\u0107 na wodach PZW z wy\u0142\u0105czeniem&#8230;<\/p>\n<p class=\"read-more\"><a class=\"btn btn-default\" href=\"https:\/\/www.pzwnarew.pl\/?p=5824\"> Read More<span class=\"screen-reader-text\">  Read More<\/span><\/a><\/p>\n","protected":false},"author":2,"featured_media":0,"comment_status":"open","ping_status":"closed","sticky":false,"template":"","format":"standard","meta":{"footnotes":""},"categories":[52],"tags":[],"class_list":["post-5824","post","type-post","status-publish","format-standard","hentry","category-okazy_2015"],"_links":{"self":[{"href":"https:\/\/www.pzwnarew.pl\/index.php?rest_route=\/wp\/v2\/posts\/5824","targetHints":{"allow":["GET"]}}],"collection":[{"href":"https:\/\/www.pzwnarew.pl\/index.php?rest_route=\/wp\/v2\/posts"}],"about":[{"href":"https:\/\/www.pzwnarew.pl\/index.php?rest_route=\/wp\/v2\/types\/post"}],"author":[{"embeddable":true,"href":"https:\/\/www.pzwnarew.pl\/index.php?rest_route=\/wp\/v2\/users\/2"}],"replies":[{"embeddable":true,"href":"https:\/\/www.pzwnarew.pl\/index.php?rest_route=%2Fwp%2Fv2%2Fcomments&post=5824"}],"version-history":[{"count":24,"href":"https:\/\/www.pzwnarew.pl\/index.php?rest_route=\/wp\/v2\/posts\/5824\/revisions"}],"predecessor-version":[{"id":6413,"href":"https:\/\/www.pzwnarew.pl\/index.php?rest_route=\/wp\/v2\/posts\/5824\/revisions\/6413"}],"wp:attachment":[{"href":"https:\/\/www.pzwnarew.pl\/index.php?rest_route=%2Fwp%2Fv2%2Fmedia&parent=5824"}],"wp:term":[{"taxonomy":"category","embeddable":true,"href":"https:\/\/www.pzwnarew.pl\/index.php?rest_route=%2Fwp%2Fv2%2Fcategories&post=5824"},{"taxonomy":"post_tag","embeddable":true,"href":"https:\/\/www.pzwnarew.pl\/index.php?rest_route=%2Fwp%2Fv2%2Ftags&post=5824"}],"curies":[{"name":"wp","href":"https:\/\/api.w.org\/{rel}","templated":true}]}}