{"id":582,"date":"2006-07-15T11:48:44","date_gmt":"2006-07-15T10:48:44","guid":{"rendered":"http:\/\/www.ostroleka.com.pl\/pzw-narew38\/?p=582"},"modified":"2011-03-19T11:49:29","modified_gmt":"2011-03-19T10:49:29","slug":"maraton-wedkarski-2006","status":"publish","type":"post","link":"https:\/\/www.pzwnarew.pl\/?p=582","title":{"rendered":"MARATON W\u0118DKARSKI &#8211; 2006"},"content":{"rendered":"<p><strong><a href=\"http:\/\/www.ostroleka.com.pl\/pzw-narew38\/wp-content\/uploads\/2011\/03\/maraton_2006_01.jpg\"><img loading=\"lazy\" decoding=\"async\" class=\"alignleft size-thumbnail wp-image-583\" title=\"maraton_2006_01\" src=\"http:\/\/www.ostroleka.com.pl\/pzw-narew38\/wp-content\/uploads\/2011\/03\/maraton_2006_01-150x150.jpg\" alt=\"\" width=\"150\" height=\"150\" \/><\/a>W dniach 15 i 16 lipca 2006 r. zgodnie z zapowiedziami nasze Ko\u0142o zorganizowa\u0142o pierwszy ostro\u0142\u0119cki maraton w\u0119dkarski.<\/strong><\/p>\n<p>Na 11 zg\u0142aszanych dru\u017cyn do walki stan\u0119\u0142o 7 trzyosobowych zespo\u0142\u00f3w w\u0119dkarskich. Niekt\u00f3rzy z nich to stali bywalcy naszej sportowej w\u0119dkarskiej areny.<br \/>\nZawodnicy stan\u0119li na wysoko\u015bci zadania, przewa\u017cnie troili si\u0119 na swoich stanowiskach ale jak powiedzia\u0142 jeden z zawodnik\u00f3w przy s\u0142abych braniach, i p\u00f3\u0142nocno-wschodnim wietrze &#8222;\u2026w\u0119dk\u0105 muru nie przebijesz\u2026&#8221;.<!--more--><\/p>\n<p><a href=\"http:\/\/www.ostroleka.com.pl\/pzw-narew38\/wp-content\/uploads\/2011\/03\/maraton_2006_02.jpg\"><img loading=\"lazy\" decoding=\"async\" class=\"size-thumbnail wp-image-584 alignright\" title=\"maraton_2006_02\" src=\"http:\/\/www.ostroleka.com.pl\/pzw-narew38\/wp-content\/uploads\/2011\/03\/maraton_2006_02-150x150.jpg\" alt=\"\" width=\"150\" height=\"150\" \/><\/a>Najbardziej zawiedzeni byli ci, kt\u00f3rzy nastawili si\u0119 na drapie\u017cnika, a sum\u00f3w na popio\u0142ach nie brakuje. Niestety te nie \u017cerowa\u0142y. Marek J\u00f3zwik bliski by\u0142 wyholowania sandacza, kt\u00f3ry przy samym brzegu zszed\u0142 z haka. Trafi\u0142y si\u0119 okonie ale nie by\u0142y to imponuj\u0105ce sztuki. Nie dopisa\u0142 tak\u017ce szczupak, bole\u0144 i klenie liczne na tym odcinku rzeki.<br \/>\nPomimo tak s\u0142abych bra\u0144 zawodnicy osi\u0105gn\u0119li nast\u0119puj\u0105ce wyniki.<br \/>\nPierwsze miejsce dru\u017cyna w sk\u0142adzie:<br \/>\nTyszka Grzegorz, Ratusz Grzegorz i Mariusz Lis z sum\u0105 4800 pkt.<br \/>\nDrugie miejsce:<br \/>\nDziadak J\u00f3zef(senior), Dziadak Maciej (junior) i Myszka Pawe\u0142 z sum\u0105 2975 pkt.<br \/>\nTrzecie miejsce:<br \/>\nJ\u00f3zwik Marek (senior), J\u00f3zwik Arek (junior) i Ciepierski Marcin z sum\u0105 1005 pkt.<\/p>\n<p><a href=\"http:\/\/www.ostroleka.com.pl\/pzw-narew38\/wp-content\/uploads\/2011\/03\/maraton_2006_03.jpg\"><img loading=\"lazy\" decoding=\"async\" class=\"alignright size-thumbnail wp-image-585\" title=\"maraton_2006_03\" src=\"http:\/\/www.ostroleka.com.pl\/pzw-narew38\/wp-content\/uploads\/2011\/03\/maraton_2006_03-150x150.jpg\" alt=\"\" width=\"150\" height=\"150\" \/><\/a><a href=\"http:\/\/www.ostroleka.com.pl\/pzw-narew38\/wp-content\/uploads\/2011\/03\/maraton_2006_05.jpg\"><img loading=\"lazy\" decoding=\"async\" class=\"alignleft size-thumbnail wp-image-586\" title=\"maraton_2006_05\" src=\"http:\/\/www.ostroleka.com.pl\/pzw-narew38\/wp-content\/uploads\/2011\/03\/maraton_2006_05-150x150.jpg\" alt=\"\" width=\"150\" height=\"150\" \/><\/a>Z ciekawostek nale\u017cy doda\u0107 , \u017ce najwi\u0119ksz\u0105 ryb\u0105 zawod\u00f3w , przy tak przera\u017aliwie niskim stanie Narwii (39 cm wodowskaz) by\u0142 leszcz o wadze 1550 g. Z\u0142apal go Mariusz Lis ze zwyci\u0119skiej dru\u017cyny. Z\u0142apano tak\u017ce &#8222;nowink\u0119&#8221; Sap\u0119 o wadze 180 g, lowca to J\u00f3zef Dziadak. Ryba ta to przyk\u0142ad migracji zwierz\u0105t ze zlewni morza czarnego w Polsce wyst\u0119puj\u0105ca liczniej na po\u0142udniu ale pr\u0105ca na p\u00f3\u0142noc.<br \/>\nPodsumowuj\u0105c, nale\u017cy stwierdzi\u0107, \u017ce ta formu\u0142a zawod\u00f3w jest przez w\u0119dkarzy oczekiwana dlatego Prezes Wies\u0142aw Szczube\u0142ek \u017cegnaj\u0105c naszych marato\u0144czyk\u00f3w wypowiedzia\u0142 formu\u0142\u0119 &#8222;\u2026do zobaczenia za rok\u2026&#8221;.<\/p>\n<p style=\"text-align: right;\">Z w\u0119dkarskim pozdrowieniem<br \/>\nAndrzej Raszkiewicz\u00a0<\/p>\n","protected":false},"excerpt":{"rendered":"<p>W dniach 15 i 16 lipca 2006 r. zgodnie z zapowiedziami nasze Ko\u0142o zorganizowa\u0142o pierwszy ostro\u0142\u0119cki maraton w\u0119dkarski. Na 11 zg\u0142aszanych dru\u017cyn do walki stan\u0119\u0142o 7 trzyosobowych zespo\u0142\u00f3w w\u0119dkarskich. Niekt\u00f3rzy z nich to stali bywalcy naszej sportowej w\u0119dkarskiej areny. Zawodnicy stan\u0119li na wysoko\u015bci zadania, przewa\u017cnie troili si\u0119 na swoich stanowiskach ale jak powiedzia\u0142 jeden z zawodnik\u00f3w przy s\u0142abych braniach, i p\u00f3\u0142nocno-wschodnim wietrze &#8222;\u2026w\u0119dk\u0105 muru nie przebijesz\u2026&#8221;.<\/p>\n","protected":false},"author":1,"featured_media":0,"comment_status":"closed","ping_status":"closed","sticky":false,"template":"","format":"standard","meta":{"footnotes":""},"categories":[20,17],"tags":[],"class_list":["post-582","post","type-post","status-publish","format-standard","hentry","category-newsy","category-imprezy"],"_links":{"self":[{"href":"https:\/\/www.pzwnarew.pl\/index.php?rest_route=\/wp\/v2\/posts\/582","targetHints":{"allow":["GET"]}}],"collection":[{"href":"https:\/\/www.pzwnarew.pl\/index.php?rest_route=\/wp\/v2\/posts"}],"about":[{"href":"https:\/\/www.pzwnarew.pl\/index.php?rest_route=\/wp\/v2\/types\/post"}],"author":[{"embeddable":true,"href":"https:\/\/www.pzwnarew.pl\/index.php?rest_route=\/wp\/v2\/users\/1"}],"replies":[{"embeddable":true,"href":"https:\/\/www.pzwnarew.pl\/index.php?rest_route=%2Fwp%2Fv2%2Fcomments&post=582"}],"version-history":[{"count":3,"href":"https:\/\/www.pzwnarew.pl\/index.php?rest_route=\/wp\/v2\/posts\/582\/revisions"}],"predecessor-version":[{"id":589,"href":"https:\/\/www.pzwnarew.pl\/index.php?rest_route=\/wp\/v2\/posts\/582\/revisions\/589"}],"wp:attachment":[{"href":"https:\/\/www.pzwnarew.pl\/index.php?rest_route=%2Fwp%2Fv2%2Fmedia&parent=582"}],"wp:term":[{"taxonomy":"category","embeddable":true,"href":"https:\/\/www.pzwnarew.pl\/index.php?rest_route=%2Fwp%2Fv2%2Fcategories&post=582"},{"taxonomy":"post_tag","embeddable":true,"href":"https:\/\/www.pzwnarew.pl\/index.php?rest_route=%2Fwp%2Fv2%2Ftags&post=582"}],"curies":[{"name":"wp","href":"https:\/\/api.w.org\/{rel}","templated":true}]}}