{"id":5805,"date":"2015-01-24T13:10:36","date_gmt":"2015-01-24T12:10:36","guid":{"rendered":"http:\/\/www.pzwnarew.pl\/?p=5805"},"modified":"2015-02-12T13:25:18","modified_gmt":"2015-02-12T12:25:18","slug":"ferie-po-wedkarsku","status":"publish","type":"post","link":"https:\/\/www.pzwnarew.pl\/?p=5805","title":{"rendered":"FERIE PO W\u0118DKARSKU"},"content":{"rendered":"<p>Trwaj\u0105 ferie dla m\u0142odzie\u017cy szkolnej i zgodnie z planem szkolenia m\u0142odzi w\u0119dkarze ze szk\u00f3\u0142ki \u201eTr\u00f3jka Leszcze\u201d <a href=\"http:\/\/www.pzwnarew.pl\/wp-content\/uploads\/2015\/01\/IMG_0084.jpg\"><img loading=\"lazy\" decoding=\"async\" class=\"alignright size-thumbnail wp-image-5806\" src=\"http:\/\/www.pzwnarew.pl\/wp-content\/uploads\/2015\/01\/IMG_0084-150x150.jpg\" alt=\"IMG_0084\" width=\"150\" height=\"150\" \/><\/a>szlifuj\u0105 swoje umiej\u0119tno\u015bci w dyscyplinach w\u0119dkarskich rzutowych. W miesi\u0105cu maju odb\u0119dzie si\u0119 w\u0119dkarska olimpiada m\u0142odzie\u017cowa PZW, nasza reprezentacja z ko\u0142a Narew chce w tym roku zaj\u0105\u0107 dobre lokaty, a bez treningu nie ma wynik\u00f3w.\u00a0<!--more--><\/p>\n<p>&nbsp;<\/p>\n<p>&nbsp;<\/p>\n<p><a href=\"http:\/\/www.pzwnarew.pl\/gallery_pzw\/thumbnails.php?album=174\"><img loading=\"lazy\" decoding=\"async\" class=\"aligncenter size-full wp-image-4190\" src=\"http:\/\/www.pzwnarew.pl\/wp-content\/uploads\/2013\/04\/play-galeria.jpg\" alt=\"play galeria\" width=\"342\" height=\"213\" srcset=\"https:\/\/www.pzwnarew.pl\/wp-content\/uploads\/2013\/04\/play-galeria.jpg 342w, https:\/\/www.pzwnarew.pl\/wp-content\/uploads\/2013\/04\/play-galeria-300x186.jpg 300w\" sizes=\"auto, (max-width: 342px) 100vw, 342px\" \/><\/a><\/p>\n","protected":false},"excerpt":{"rendered":"<p>Trwaj\u0105 ferie dla m\u0142odzie\u017cy szkolnej i zgodnie z planem szkolenia m\u0142odzi w\u0119dkarze ze szk\u00f3\u0142ki \u201eTr\u00f3jka Leszcze\u201d szlifuj\u0105 swoje umiej\u0119tno\u015bci w dyscyplinach w\u0119dkarskich rzutowych. W miesi\u0105cu maju odb\u0119dzie si\u0119 w\u0119dkarska olimpiada m\u0142odzie\u017cowa PZW, nasza reprezentacja z ko\u0142a Narew chce w tym roku zaj\u0105\u0107 dobre lokaty, a bez treningu nie ma wynik\u00f3w.\u00a0<\/p>\n","protected":false},"author":2,"featured_media":0,"comment_status":"open","ping_status":"closed","sticky":false,"template":"","format":"standard","meta":{"footnotes":""},"categories":[20],"tags":[],"class_list":["post-5805","post","type-post","status-publish","format-standard","hentry","category-newsy"],"_links":{"self":[{"href":"https:\/\/www.pzwnarew.pl\/index.php?rest_route=\/wp\/v2\/posts\/5805","targetHints":{"allow":["GET"]}}],"collection":[{"href":"https:\/\/www.pzwnarew.pl\/index.php?rest_route=\/wp\/v2\/posts"}],"about":[{"href":"https:\/\/www.pzwnarew.pl\/index.php?rest_route=\/wp\/v2\/types\/post"}],"author":[{"embeddable":true,"href":"https:\/\/www.pzwnarew.pl\/index.php?rest_route=\/wp\/v2\/users\/2"}],"replies":[{"embeddable":true,"href":"https:\/\/www.pzwnarew.pl\/index.php?rest_route=%2Fwp%2Fv2%2Fcomments&post=5805"}],"version-history":[{"count":3,"href":"https:\/\/www.pzwnarew.pl\/index.php?rest_route=\/wp\/v2\/posts\/5805\/revisions"}],"predecessor-version":[{"id":5809,"href":"https:\/\/www.pzwnarew.pl\/index.php?rest_route=\/wp\/v2\/posts\/5805\/revisions\/5809"}],"wp:attachment":[{"href":"https:\/\/www.pzwnarew.pl\/index.php?rest_route=%2Fwp%2Fv2%2Fmedia&parent=5805"}],"wp:term":[{"taxonomy":"category","embeddable":true,"href":"https:\/\/www.pzwnarew.pl\/index.php?rest_route=%2Fwp%2Fv2%2Fcategories&post=5805"},{"taxonomy":"post_tag","embeddable":true,"href":"https:\/\/www.pzwnarew.pl\/index.php?rest_route=%2Fwp%2Fv2%2Ftags&post=5805"}],"curies":[{"name":"wp","href":"https:\/\/api.w.org\/{rel}","templated":true}]}}