{"id":5756,"date":"2014-12-19T22:23:23","date_gmt":"2014-12-19T21:23:23","guid":{"rendered":"http:\/\/www.pzwnarew.pl\/?p=5756"},"modified":"2014-12-20T17:32:50","modified_gmt":"2014-12-20T16:32:50","slug":"eko-wedkarze-nagrodzeni","status":"publish","type":"post","link":"https:\/\/www.pzwnarew.pl\/?p=5756","title":{"rendered":"Spotkanie wigilijne"},"content":{"rendered":"<p>By\u0142o uroczy\u015bcie i \u015bwi\u0105tecznie. Cz\u0142onkowie naszego ko\u0142a PZW Narew 38 spotkali si\u0119 w &#8222;Lunie nad Narwi\u0105&#8221;. By\u0142o <a href=\"http:\/\/www.pzwnarew.pl\/wp-content\/uploads\/2014\/12\/1452527_623137724479268_1293250031814923465_n.jpg\"><img loading=\"lazy\" decoding=\"async\" class=\"alignright size-thumbnail wp-image-5759\" src=\"http:\/\/www.pzwnarew.pl\/wp-content\/uploads\/2014\/12\/1452527_623137724479268_1293250031814923465_n-150x150.jpg\" alt=\"1452527_623137724479268_1293250031814923465_n\" width=\"150\" height=\"150\" \/><\/a>dzielenie si\u0119 op\u0142atkiem i wsp\u00f3lne biesiadowanie. Spotkanie sta\u0142o si\u0119 okazj\u0105 do podsumowania mijaj\u0105cego roku, podzi\u0119kowa\u0144 i wr\u0119czenia nagr\u00f3d. Podczas uroczystej wigilii zako\u0144czono wr\u0119czeniem nagr\u00f3d ca\u0142oroczny konkurs \u201e\u0141owcy Okaz\u00f3w 2014\u201d<br \/>\nWyr\u00f3\u017cniono pi\u0119ciu w\u0119dkarzy, kt\u00f3rzy z\u0142apali najwi\u0119ksze ryby w poszczeg\u00f3lnych gatunkach a nast\u0119pnie po zmierzeniu i sfotografowaniu ryby zosta\u0142y wypuszczone do wody. \u015awiadcz\u0105 o tym kr\u00f3tkie filmiki przed\u0142o\u017cone komisji , kt\u00f3re mo\u017cna obejrze\u0107 na naszej stronie ko\u0142owej. \u0141owcami okaz\u00f3w 201 4 roku zostali :\u00a0 <!--more--><\/p>\n<p>Grzegorz Kuszneruk \u2013 \u0142owca bolenia 68 cm<\/p>\n<p>Robert Gwiazdowski \u2013 \u0142owca suma 87 cm<\/p>\n<p>Piotr Mucha &#8211; \u0142owca szczupaka 66 cm i okonia 31 cm<\/p>\n<p>Pawe\u0142 M ucha \u2013 \u0142owca karpia 56 cm<\/p>\n<p>Gratulujemy zwyci\u0119zcom i zapraszamy innych w\u0119dkarzy do wzi\u0119cia udzia\u0142u w nowej edycji konkursu, zapewniamy, \u017ce kto raz wypu\u015bci b\u0119dzie to chcia\u0142 robi\u0107 cz\u0119\u015bciej.<\/p>\n<p><a href=\"http:\/\/www.pzwnarew.pl\/gallery_pzw\/thumbnails.php?album=171\"><img loading=\"lazy\" decoding=\"async\" class=\"aligncenter size-full wp-image-4190\" src=\"http:\/\/www.pzwnarew.pl\/wp-content\/uploads\/2013\/04\/play-galeria.jpg\" alt=\"play galeria\" width=\"342\" height=\"213\" srcset=\"https:\/\/www.pzwnarew.pl\/wp-content\/uploads\/2013\/04\/play-galeria.jpg 342w, https:\/\/www.pzwnarew.pl\/wp-content\/uploads\/2013\/04\/play-galeria-300x186.jpg 300w\" sizes=\"auto, (max-width: 342px) 100vw, 342px\" \/><\/a><\/p>\n","protected":false},"excerpt":{"rendered":"<p>By\u0142o uroczy\u015bcie i \u015bwi\u0105tecznie. Cz\u0142onkowie naszego ko\u0142a PZW Narew 38 spotkali si\u0119 w &#8222;Lunie nad Narwi\u0105&#8221;. By\u0142o dzielenie si\u0119 op\u0142atkiem i wsp\u00f3lne biesiadowanie. Spotkanie sta\u0142o si\u0119 okazj\u0105 do podsumowania mijaj\u0105cego roku, podzi\u0119kowa\u0144 i wr\u0119czenia nagr\u00f3d. Podczas uroczystej wigilii zako\u0144czono wr\u0119czeniem nagr\u00f3d ca\u0142oroczny konkurs \u201e\u0141owcy Okaz\u00f3w 2014\u201d Wyr\u00f3\u017cniono pi\u0119ciu w\u0119dkarzy, kt\u00f3rzy z\u0142apali najwi\u0119ksze ryby w poszczeg\u00f3lnych gatunkach a nast\u0119pnie po zmierzeniu i sfotografowaniu ryby zosta\u0142y wypuszczone do wody. \u015awiadcz\u0105 o tym kr\u00f3tkie filmiki przed\u0142o\u017cone komisji , kt\u00f3re mo\u017cna obejrze\u0107 na naszej&#8230;<\/p>\n<p class=\"read-more\"><a class=\"btn btn-default\" href=\"https:\/\/www.pzwnarew.pl\/?p=5756\"> Read More<span class=\"screen-reader-text\">  Read More<\/span><\/a><\/p>\n","protected":false},"author":2,"featured_media":0,"comment_status":"open","ping_status":"closed","sticky":false,"template":"","format":"standard","meta":{"footnotes":""},"categories":[20],"tags":[],"class_list":["post-5756","post","type-post","status-publish","format-standard","hentry","category-newsy"],"_links":{"self":[{"href":"https:\/\/www.pzwnarew.pl\/index.php?rest_route=\/wp\/v2\/posts\/5756","targetHints":{"allow":["GET"]}}],"collection":[{"href":"https:\/\/www.pzwnarew.pl\/index.php?rest_route=\/wp\/v2\/posts"}],"about":[{"href":"https:\/\/www.pzwnarew.pl\/index.php?rest_route=\/wp\/v2\/types\/post"}],"author":[{"embeddable":true,"href":"https:\/\/www.pzwnarew.pl\/index.php?rest_route=\/wp\/v2\/users\/2"}],"replies":[{"embeddable":true,"href":"https:\/\/www.pzwnarew.pl\/index.php?rest_route=%2Fwp%2Fv2%2Fcomments&post=5756"}],"version-history":[{"count":4,"href":"https:\/\/www.pzwnarew.pl\/index.php?rest_route=\/wp\/v2\/posts\/5756\/revisions"}],"predecessor-version":[{"id":5761,"href":"https:\/\/www.pzwnarew.pl\/index.php?rest_route=\/wp\/v2\/posts\/5756\/revisions\/5761"}],"wp:attachment":[{"href":"https:\/\/www.pzwnarew.pl\/index.php?rest_route=%2Fwp%2Fv2%2Fmedia&parent=5756"}],"wp:term":[{"taxonomy":"category","embeddable":true,"href":"https:\/\/www.pzwnarew.pl\/index.php?rest_route=%2Fwp%2Fv2%2Fcategories&post=5756"},{"taxonomy":"post_tag","embeddable":true,"href":"https:\/\/www.pzwnarew.pl\/index.php?rest_route=%2Fwp%2Fv2%2Ftags&post=5756"}],"curies":[{"name":"wp","href":"https:\/\/api.w.org\/{rel}","templated":true}]}}