{"id":5706,"date":"2014-12-08T18:49:28","date_gmt":"2014-12-08T17:49:28","guid":{"rendered":"http:\/\/www.pzwnarew.pl\/?p=5706"},"modified":"2014-12-08T18:50:11","modified_gmt":"2014-12-08T17:50:11","slug":"nowe-twarze-w-zarzadzie-i-organach-kola-narew","status":"publish","type":"post","link":"https:\/\/www.pzwnarew.pl\/?p=5706","title":{"rendered":"NOWE TWARZE W ZARZ\u0104DZIE I ORGANACH KO\u0141A NAREW"},"content":{"rendered":"<p>W miesi\u0105cu listopadzie funkcj\u0119 Wiceprezesa Ko\u0142a Narew obj\u0105\u0142 Wojciech Jarz\u0105bek lat <img loading=\"lazy\" decoding=\"async\" class=\"alignright size-thumbnail wp-image-5707\" src=\"http:\/\/www.pzwnarew.pl\/wp-content\/uploads\/2014\/12\/20110401078-150x150.jpg\" alt=\"20110401078\" width=\"150\" height=\"150\" \/><br \/>\n51 w PZW od 38 lat. Tej sylwetki nie trzeba przedstawia\u0107 dzia\u0142acz i Prezes Ekomeny, ekolog, fotograf i oczywi\u015bcie stary w\u0119dkarz.<\/p>\n<p>Na ostatnim posiedzeniu Zarz\u0105d Ko\u0142a Narew przyj\u0105\u0142 uchwa\u0142y dotycz\u0105ce zmian personalnych w swoim sk\u0142adzie i na wakuj\u0105ce stanowisko cz\u0142onka zarz\u0105du powo\u0142a\u0142 Adama Warzoch\u0119 lat 36 w PZW od 2 lat. <!--more--><br \/>\nPonadto do sk\u0142adu Komisji Rewizyjnej do\u0142\u0105czy\u0142 Mariusz Jackiewicz lat 31 w PZW od 6 lat.<br \/>\nRzecznikiem Dyscyplinarnym Ko\u0142a Narew zosta\u0142 \u0141ukasz \u0141ada lat 29 w PZW od 7 lat.<\/p>\n<p>Gratulujemy nowym dzia\u0142aczom i \u017cyczymy im zapa\u0142u oraz nowych pomys\u0142\u00f3w do realizacji w naszym kole.<\/p>\n","protected":false},"excerpt":{"rendered":"<p>W miesi\u0105cu listopadzie funkcj\u0119 Wiceprezesa Ko\u0142a Narew obj\u0105\u0142 Wojciech Jarz\u0105bek lat 51 w PZW od 38 lat. Tej sylwetki nie trzeba przedstawia\u0107 dzia\u0142acz i Prezes Ekomeny, ekolog, fotograf i oczywi\u015bcie stary w\u0119dkarz. Na ostatnim posiedzeniu Zarz\u0105d Ko\u0142a Narew przyj\u0105\u0142 uchwa\u0142y dotycz\u0105ce zmian personalnych w swoim sk\u0142adzie i na wakuj\u0105ce stanowisko cz\u0142onka zarz\u0105du powo\u0142a\u0142 Adama Warzoch\u0119 lat 36 w PZW od 2 lat.<\/p>\n","protected":false},"author":2,"featured_media":0,"comment_status":"open","ping_status":"closed","sticky":false,"template":"","format":"standard","meta":{"footnotes":""},"categories":[20],"tags":[],"class_list":["post-5706","post","type-post","status-publish","format-standard","hentry","category-newsy"],"_links":{"self":[{"href":"https:\/\/www.pzwnarew.pl\/index.php?rest_route=\/wp\/v2\/posts\/5706","targetHints":{"allow":["GET"]}}],"collection":[{"href":"https:\/\/www.pzwnarew.pl\/index.php?rest_route=\/wp\/v2\/posts"}],"about":[{"href":"https:\/\/www.pzwnarew.pl\/index.php?rest_route=\/wp\/v2\/types\/post"}],"author":[{"embeddable":true,"href":"https:\/\/www.pzwnarew.pl\/index.php?rest_route=\/wp\/v2\/users\/2"}],"replies":[{"embeddable":true,"href":"https:\/\/www.pzwnarew.pl\/index.php?rest_route=%2Fwp%2Fv2%2Fcomments&post=5706"}],"version-history":[{"count":2,"href":"https:\/\/www.pzwnarew.pl\/index.php?rest_route=\/wp\/v2\/posts\/5706\/revisions"}],"predecessor-version":[{"id":5709,"href":"https:\/\/www.pzwnarew.pl\/index.php?rest_route=\/wp\/v2\/posts\/5706\/revisions\/5709"}],"wp:attachment":[{"href":"https:\/\/www.pzwnarew.pl\/index.php?rest_route=%2Fwp%2Fv2%2Fmedia&parent=5706"}],"wp:term":[{"taxonomy":"category","embeddable":true,"href":"https:\/\/www.pzwnarew.pl\/index.php?rest_route=%2Fwp%2Fv2%2Fcategories&post=5706"},{"taxonomy":"post_tag","embeddable":true,"href":"https:\/\/www.pzwnarew.pl\/index.php?rest_route=%2Fwp%2Fv2%2Ftags&post=5706"}],"curies":[{"name":"wp","href":"https:\/\/api.w.org\/{rel}","templated":true}]}}