{"id":5599,"date":"2014-10-15T19:12:32","date_gmt":"2014-10-15T18:12:32","guid":{"rendered":"http:\/\/www.ostroleka.com.pl\/pzw-narew38\/?p=5599"},"modified":"2015-04-10T21:20:19","modified_gmt":"2015-04-10T19:20:19","slug":"sekcja-ukleja-na-starorzeczu-koza","status":"publish","type":"post","link":"https:\/\/www.pzwnarew.pl\/?p=5599","title":{"rendered":"Sekcja Ukleja na starorzeczu &#8222;Koza&#8221;"},"content":{"rendered":"<p>Z pocz\u0105tkiem nowego roku szkolnego Sekcja W\u0119dkarska Ukleja przy Zak\u0142adzie Poprawczym i Schronisku dla <a href=\"http:\/\/www.ostroleka.com.pl\/pzw-narew38\/wp-content\/uploads\/2014\/10\/gy.jpg\"><img loading=\"lazy\" decoding=\"async\" class=\"alignright wp-image-5600 size-thumbnail\" src=\"http:\/\/www.pzwnarew.pl\/wp-content\/uploads\/2014\/10\/gy-150x150.jpg\" alt=\"gy\" width=\"150\" height=\"150\" \/><\/a>Nieletnich w Laskowcu wznowi\u0142a dzia\u0142alno\u015b\u0107. Jej celem jest propagowanie w\u015br\u00f3d wychowank\u00f3w w\u0119dkarstwa rekreacyjnego jako formy wypoczynku alternatywnego dla form spo\u0142ecznie nieakceptowanych, nauka zachowa\u0144 proekologicznych oraz zasad bezpiecznego wypoczynku nad wod\u0105.<br \/>\nReprezentacja \u201eUklei\u201d wzi\u0119\u0142a\u00a0 udzia\u0142 w\u00a0 zorganizowanym 12-go wrze\u015bnia przez Kolo PZW nr 38 \u201eNarew\u201d oraz Stowarzyszenie EKOMENA sprz\u0105taniu \u015bmieci nad starorzeczem Narwi Siekierka. 24-go wrze\u015bnia m\u0142odzi adepci w\u0119dkarstwa wyruszyli nad laskowickie starorzecze \u201eKoza\u201d na swoje pierwsze w\u0119dkowanie. Po\u0142owy by\u0142y bardzo udane. Ukleje bra\u0142y wybornie.<\/p>\n<p><!--more--><\/p>\n<p><a href=\"http:\/\/www.ostroleka.com.pl\/pzw-narew38\/wp-content\/uploads\/2014\/10\/unnamerded.jpg\"><img loading=\"lazy\" decoding=\"async\" class=\"alignleft wp-image-5604 size-medium\" src=\"http:\/\/www.pzwnarew.pl\/wp-content\/uploads\/2014\/10\/unnamerded-300x225.jpg\" alt=\"unnamerded\" width=\"300\" height=\"225\" srcset=\"https:\/\/www.pzwnarew.pl\/wp-content\/uploads\/2014\/10\/unnamerded-300x225.jpg 300w, https:\/\/www.pzwnarew.pl\/wp-content\/uploads\/2014\/10\/unnamerded.jpg 681w\" sizes=\"auto, (max-width: 300px) 100vw, 300px\" \/><\/a><a href=\"http:\/\/www.ostroleka.com.pl\/pzw-narew38\/wp-content\/uploads\/2014\/10\/unnamddded.jpg\"><img loading=\"lazy\" decoding=\"async\" class=\"alignleft wp-image-5603 size-medium\" src=\"http:\/\/www.pzwnarew.pl\/wp-content\/uploads\/2014\/10\/unnamddded-300x225.jpg\" alt=\"unnamddded\" width=\"300\" height=\"225\" srcset=\"https:\/\/www.pzwnarew.pl\/wp-content\/uploads\/2014\/10\/unnamddded-300x225.jpg 300w, https:\/\/www.pzwnarew.pl\/wp-content\/uploads\/2014\/10\/unnamddded.jpg 681w\" sizes=\"auto, (max-width: 300px) 100vw, 300px\" \/><\/a><a href=\"http:\/\/www.ostroleka.com.pl\/pzw-narew38\/wp-content\/uploads\/2014\/10\/unnadrmed.jpg\"><img loading=\"lazy\" decoding=\"async\" class=\"alignleft wp-image-5602 size-medium\" src=\"http:\/\/www.pzwnarew.pl\/wp-content\/uploads\/2014\/10\/unnadrmed-300x225.jpg\" alt=\"unnadrmed\" width=\"300\" height=\"225\" srcset=\"https:\/\/www.pzwnarew.pl\/wp-content\/uploads\/2014\/10\/unnadrmed-300x225.jpg 300w, https:\/\/www.pzwnarew.pl\/wp-content\/uploads\/2014\/10\/unnadrmed.jpg 681w\" sizes=\"auto, (max-width: 300px) 100vw, 300px\" \/><\/a><a href=\"http:\/\/www.ostroleka.com.pl\/pzw-narew38\/wp-content\/uploads\/2014\/10\/unnamreed.jpg\"><img loading=\"lazy\" decoding=\"async\" class=\"alignleft wp-image-5601 size-medium\" src=\"http:\/\/www.pzwnarew.pl\/wp-content\/uploads\/2014\/10\/unnamreed-300x225.jpg\" alt=\"unnamreed\" width=\"300\" height=\"225\" srcset=\"https:\/\/www.pzwnarew.pl\/wp-content\/uploads\/2014\/10\/unnamreed-300x225.jpg 300w, https:\/\/www.pzwnarew.pl\/wp-content\/uploads\/2014\/10\/unnamreed.jpg 681w\" sizes=\"auto, (max-width: 300px) 100vw, 300px\" \/><\/a><\/p>\n","protected":false},"excerpt":{"rendered":"<p>Z pocz\u0105tkiem nowego roku szkolnego Sekcja W\u0119dkarska Ukleja przy Zak\u0142adzie Poprawczym i Schronisku dla Nieletnich w Laskowcu wznowi\u0142a dzia\u0142alno\u015b\u0107. Jej celem jest propagowanie w\u015br\u00f3d wychowank\u00f3w w\u0119dkarstwa rekreacyjnego jako formy wypoczynku alternatywnego dla form spo\u0142ecznie nieakceptowanych, nauka zachowa\u0144 proekologicznych oraz zasad bezpiecznego wypoczynku nad wod\u0105. Reprezentacja \u201eUklei\u201d wzi\u0119\u0142a\u00a0 udzia\u0142 w\u00a0 zorganizowanym 12-go wrze\u015bnia przez Kolo PZW nr 38 \u201eNarew\u201d oraz Stowarzyszenie EKOMENA sprz\u0105taniu \u015bmieci nad starorzeczem Narwi Siekierka. 24-go wrze\u015bnia m\u0142odzi adepci w\u0119dkarstwa wyruszyli nad laskowickie starorzecze \u201eKoza\u201d na swoje pierwsze&#8230;<\/p>\n<p class=\"read-more\"><a class=\"btn btn-default\" href=\"https:\/\/www.pzwnarew.pl\/?p=5599\"> Read More<span class=\"screen-reader-text\">  Read More<\/span><\/a><\/p>\n","protected":false},"author":2,"featured_media":0,"comment_status":"open","ping_status":"closed","sticky":false,"template":"","format":"standard","meta":{"footnotes":""},"categories":[20,26],"tags":[],"class_list":["post-5599","post","type-post","status-publish","format-standard","hentry","category-newsy","category-mlodzi"],"_links":{"self":[{"href":"https:\/\/www.pzwnarew.pl\/index.php?rest_route=\/wp\/v2\/posts\/5599","targetHints":{"allow":["GET"]}}],"collection":[{"href":"https:\/\/www.pzwnarew.pl\/index.php?rest_route=\/wp\/v2\/posts"}],"about":[{"href":"https:\/\/www.pzwnarew.pl\/index.php?rest_route=\/wp\/v2\/types\/post"}],"author":[{"embeddable":true,"href":"https:\/\/www.pzwnarew.pl\/index.php?rest_route=\/wp\/v2\/users\/2"}],"replies":[{"embeddable":true,"href":"https:\/\/www.pzwnarew.pl\/index.php?rest_route=%2Fwp%2Fv2%2Fcomments&post=5599"}],"version-history":[{"count":3,"href":"https:\/\/www.pzwnarew.pl\/index.php?rest_route=\/wp\/v2\/posts\/5599\/revisions"}],"predecessor-version":[{"id":6083,"href":"https:\/\/www.pzwnarew.pl\/index.php?rest_route=\/wp\/v2\/posts\/5599\/revisions\/6083"}],"wp:attachment":[{"href":"https:\/\/www.pzwnarew.pl\/index.php?rest_route=%2Fwp%2Fv2%2Fmedia&parent=5599"}],"wp:term":[{"taxonomy":"category","embeddable":true,"href":"https:\/\/www.pzwnarew.pl\/index.php?rest_route=%2Fwp%2Fv2%2Fcategories&post=5599"},{"taxonomy":"post_tag","embeddable":true,"href":"https:\/\/www.pzwnarew.pl\/index.php?rest_route=%2Fwp%2Fv2%2Ftags&post=5599"}],"curies":[{"name":"wp","href":"https:\/\/api.w.org\/{rel}","templated":true}]}}