{"id":5537,"date":"2014-09-12T21:33:14","date_gmt":"2014-09-12T20:33:14","guid":{"rendered":"http:\/\/www.ostroleka.com.pl\/pzw-narew38\/?p=5537"},"modified":"2015-03-13T21:49:35","modified_gmt":"2015-03-13T20:49:35","slug":"wspolne-sprzatanie","status":"publish","type":"post","link":"https:\/\/www.pzwnarew.pl\/?p=5537","title":{"rendered":"Wsp\u00f3lne sprz\u0105tanie"},"content":{"rendered":"<p>Dzi\u015b 11 wrze\u015bnia Ko\u0142o &#8222;NAREW&#8221; wsp\u00f3lnie ze stowarzyszeniem EKOMENA, Gimnazjum w Olszewie Borkach i <a href=\"http:\/\/www.ostroleka.com.pl\/pzw-narew38\/wp-content\/uploads\/2014\/09\/IMG_0053.jpg\"><img loading=\"lazy\" decoding=\"async\" class=\"alignright wp-image-5539 size-thumbnail\" src=\"http:\/\/www.pzwnarew.pl\/wp-content\/uploads\/2014\/09\/IMG_0053-150x150.jpg\" alt=\"IMG_0053\" width=\"150\" height=\"150\" \/><\/a>Zak\u0142adem Poprawczym w Laskowcu uczci\u0142o Dzie\u0144 Ziemi sprz\u0105taj\u0105c &#8222;sw\u00f3j ma\u0142y \u015bwiat&#8221;. A by\u0142y nim brzegi starorzecza i rzeki \u00a0Narew w okolicach &#8222;Siekierki&#8221; . Zebrali\u015bmy wsp\u00f3lnie ponad dwadzie\u015bcia work\u00f3w \u015bmieci. Smutne jest to \u017ce ogromn\u0105 wi\u0119kszo\u015b\u0107 z nich pozostawili po sobie w\u0119dkarze. Mamy nadziej\u0119 \u017ce przy okazji takich akcji zaszczepimy w m\u0142odych ludziach nawyk zabierania ze sob\u0105 &#8222;pami\u0105tek&#8221; po pobycie na \u0142onie natury.Prezes Ko\u0142a &#8222;NAREW&#8221; Andrzej Raszkiewicz i wiceprezes stowarzyszenia EKOMENA Wojciech Jarz\u0105bek rozmawiali z m\u0142odzie\u017c\u0105 o ekologi i w\u0119dkarstwie.Wojciech Jarz\u0105bek przeprowadzi\u0142 konkurs ekologiczny, prawid\u0142owe odpowiedzi nagradzaj\u0105c drobnymi upominkami.\u00a0Dzie\u0144 Ziemi zako\u0144czyli\u015bmy grillowan\u0105 kie\u0142bask\u0105 i obietnic\u0105 corocznego powtarzania takich akcji z m\u0142odzie\u017c\u0105.\u00a0\u00a0 <!--more--><\/p>\n<p><a href=\"http:\/\/www.ostroleka.com.pl\/gallery_pzw\/thumbnails.php?album=163\"><img loading=\"lazy\" decoding=\"async\" class=\"aligncenter wp-image-4190 size-full\" src=\"http:\/\/www.pzwnarew.pl\/wp-content\/uploads\/2013\/04\/play-galeria.jpg\" alt=\"play galeria\" width=\"342\" height=\"213\" srcset=\"https:\/\/www.pzwnarew.pl\/wp-content\/uploads\/2013\/04\/play-galeria.jpg 342w, https:\/\/www.pzwnarew.pl\/wp-content\/uploads\/2013\/04\/play-galeria-300x186.jpg 300w\" sizes=\"auto, (max-width: 342px) 100vw, 342px\" \/><\/a><\/p>\n","protected":false},"excerpt":{"rendered":"<p>Dzi\u015b 11 wrze\u015bnia Ko\u0142o &#8222;NAREW&#8221; wsp\u00f3lnie ze stowarzyszeniem EKOMENA, Gimnazjum w Olszewie Borkach i Zak\u0142adem Poprawczym w Laskowcu uczci\u0142o Dzie\u0144 Ziemi sprz\u0105taj\u0105c &#8222;sw\u00f3j ma\u0142y \u015bwiat&#8221;. A by\u0142y nim brzegi starorzecza i rzeki \u00a0Narew w okolicach &#8222;Siekierki&#8221; . Zebrali\u015bmy wsp\u00f3lnie ponad dwadzie\u015bcia work\u00f3w \u015bmieci. Smutne jest to \u017ce ogromn\u0105 wi\u0119kszo\u015b\u0107 z nich pozostawili po sobie w\u0119dkarze. Mamy nadziej\u0119 \u017ce przy okazji takich akcji zaszczepimy w m\u0142odych ludziach nawyk zabierania ze sob\u0105 &#8222;pami\u0105tek&#8221; po pobycie na \u0142onie natury.Prezes Ko\u0142a &#8222;NAREW&#8221; Andrzej Raszkiewicz&#8230;<\/p>\n<p class=\"read-more\"><a class=\"btn btn-default\" href=\"https:\/\/www.pzwnarew.pl\/?p=5537\"> Read More<span class=\"screen-reader-text\">  Read More<\/span><\/a><\/p>\n","protected":false},"author":2,"featured_media":0,"comment_status":"open","ping_status":"closed","sticky":false,"template":"","format":"standard","meta":{"footnotes":""},"categories":[20,17],"tags":[],"class_list":["post-5537","post","type-post","status-publish","format-standard","hentry","category-newsy","category-imprezy"],"_links":{"self":[{"href":"https:\/\/www.pzwnarew.pl\/index.php?rest_route=\/wp\/v2\/posts\/5537","targetHints":{"allow":["GET"]}}],"collection":[{"href":"https:\/\/www.pzwnarew.pl\/index.php?rest_route=\/wp\/v2\/posts"}],"about":[{"href":"https:\/\/www.pzwnarew.pl\/index.php?rest_route=\/wp\/v2\/types\/post"}],"author":[{"embeddable":true,"href":"https:\/\/www.pzwnarew.pl\/index.php?rest_route=\/wp\/v2\/users\/2"}],"replies":[{"embeddable":true,"href":"https:\/\/www.pzwnarew.pl\/index.php?rest_route=%2Fwp%2Fv2%2Fcomments&post=5537"}],"version-history":[{"count":3,"href":"https:\/\/www.pzwnarew.pl\/index.php?rest_route=\/wp\/v2\/posts\/5537\/revisions"}],"predecessor-version":[{"id":5922,"href":"https:\/\/www.pzwnarew.pl\/index.php?rest_route=\/wp\/v2\/posts\/5537\/revisions\/5922"}],"wp:attachment":[{"href":"https:\/\/www.pzwnarew.pl\/index.php?rest_route=%2Fwp%2Fv2%2Fmedia&parent=5537"}],"wp:term":[{"taxonomy":"category","embeddable":true,"href":"https:\/\/www.pzwnarew.pl\/index.php?rest_route=%2Fwp%2Fv2%2Fcategories&post=5537"},{"taxonomy":"post_tag","embeddable":true,"href":"https:\/\/www.pzwnarew.pl\/index.php?rest_route=%2Fwp%2Fv2%2Ftags&post=5537"}],"curies":[{"name":"wp","href":"https:\/\/api.w.org\/{rel}","templated":true}]}}