{"id":5511,"date":"2014-08-19T15:59:43","date_gmt":"2014-08-19T14:59:43","guid":{"rendered":"http:\/\/www.ostroleka.com.pl\/pzw-narew38\/?p=5511"},"modified":"2015-03-13T21:50:03","modified_gmt":"2015-03-13T20:50:03","slug":"kolejny-splyw-z-kolem-pzw-narew","status":"publish","type":"post","link":"https:\/\/www.pzwnarew.pl\/?p=5511","title":{"rendered":"Kolejny sp\u0142yw z ko\u0142em PZW Narew"},"content":{"rendered":"<p>Kolejny sp\u0142yw kajakowy za nami. W dniach 16-17 sierpnia p\u0142yn\u0119li\u015bmy Pis\u0105 z miejscowo\u015bci Ptaki do Dobrego Lasu, <a href=\"http:\/\/www.ostroleka.com.pl\/pzw-narew38\/wp-content\/uploads\/2014\/08\/P1130895.jpg\"><img loading=\"lazy\" decoding=\"async\" class=\"alignright wp-image-5512 size-thumbnail\" src=\"http:\/\/www.pzwnarew.pl\/wp-content\/uploads\/2014\/08\/P1130895-150x150.jpg\" alt=\"P1130895\" width=\"150\" height=\"150\" \/><\/a>gdzie w le\u015bnicz\u00f3wce pana Andrzeja Serafina po pierwszym dniu mieli\u015bmy nocleg poprzedzony grillem. Nast\u0119pnego dnia po \u015bniadaniu wyp\u0142yn\u0119li\u015bmy z Dobrego Lasu po kilku godzinach dop\u0142ywaj\u0105c do Nowogrodu. W tegorocznym sp\u0142ywie wzi\u0119\u0142o udzia\u0142 osiemna\u015bcie os\u00f3b. Mamy nadziej\u0119 \u017ce Wszyscy uczestnicy byli zadowoleni. W sobot\u0119 ostatnie kilometry &#8222;przesz\u0142y&#8221; nam w deszczu. W niedziel\u0119 pogoda dopisa\u0142a przez ca\u0142y czas.<\/p>\n<p>&nbsp;<\/p>\n<p><!--more--><\/p>\n<p><a href=\"http:\/\/www.ostroleka.com.pl\/gallery_pzw\/thumbnails.php?album=161\"><img loading=\"lazy\" decoding=\"async\" class=\"aligncenter wp-image-4190 size-full\" src=\"http:\/\/www.pzwnarew.pl\/wp-content\/uploads\/2013\/04\/play-galeria.jpg\" alt=\"play galeria\" width=\"342\" height=\"213\" srcset=\"https:\/\/www.pzwnarew.pl\/wp-content\/uploads\/2013\/04\/play-galeria.jpg 342w, https:\/\/www.pzwnarew.pl\/wp-content\/uploads\/2013\/04\/play-galeria-300x186.jpg 300w\" sizes=\"auto, (max-width: 342px) 100vw, 342px\" \/><\/a><\/p>\n","protected":false},"excerpt":{"rendered":"<p>Kolejny sp\u0142yw kajakowy za nami. W dniach 16-17 sierpnia p\u0142yn\u0119li\u015bmy Pis\u0105 z miejscowo\u015bci Ptaki do Dobrego Lasu, gdzie w le\u015bnicz\u00f3wce pana Andrzeja Serafina po pierwszym dniu mieli\u015bmy nocleg poprzedzony grillem. Nast\u0119pnego dnia po \u015bniadaniu wyp\u0142yn\u0119li\u015bmy z Dobrego Lasu po kilku godzinach dop\u0142ywaj\u0105c do Nowogrodu. W tegorocznym sp\u0142ywie wzi\u0119\u0142o udzia\u0142 osiemna\u015bcie os\u00f3b. Mamy nadziej\u0119 \u017ce Wszyscy uczestnicy byli zadowoleni. W sobot\u0119 ostatnie kilometry &#8222;przesz\u0142y&#8221; nam w deszczu. W niedziel\u0119 pogoda dopisa\u0142a przez ca\u0142y czas. &nbsp;<\/p>\n","protected":false},"author":2,"featured_media":0,"comment_status":"open","ping_status":"closed","sticky":false,"template":"","format":"standard","meta":{"footnotes":""},"categories":[20,17],"tags":[],"class_list":["post-5511","post","type-post","status-publish","format-standard","hentry","category-newsy","category-imprezy"],"_links":{"self":[{"href":"https:\/\/www.pzwnarew.pl\/index.php?rest_route=\/wp\/v2\/posts\/5511","targetHints":{"allow":["GET"]}}],"collection":[{"href":"https:\/\/www.pzwnarew.pl\/index.php?rest_route=\/wp\/v2\/posts"}],"about":[{"href":"https:\/\/www.pzwnarew.pl\/index.php?rest_route=\/wp\/v2\/types\/post"}],"author":[{"embeddable":true,"href":"https:\/\/www.pzwnarew.pl\/index.php?rest_route=\/wp\/v2\/users\/2"}],"replies":[{"embeddable":true,"href":"https:\/\/www.pzwnarew.pl\/index.php?rest_route=%2Fwp%2Fv2%2Fcomments&post=5511"}],"version-history":[{"count":2,"href":"https:\/\/www.pzwnarew.pl\/index.php?rest_route=\/wp\/v2\/posts\/5511\/revisions"}],"predecessor-version":[{"id":5923,"href":"https:\/\/www.pzwnarew.pl\/index.php?rest_route=\/wp\/v2\/posts\/5511\/revisions\/5923"}],"wp:attachment":[{"href":"https:\/\/www.pzwnarew.pl\/index.php?rest_route=%2Fwp%2Fv2%2Fmedia&parent=5511"}],"wp:term":[{"taxonomy":"category","embeddable":true,"href":"https:\/\/www.pzwnarew.pl\/index.php?rest_route=%2Fwp%2Fv2%2Fcategories&post=5511"},{"taxonomy":"post_tag","embeddable":true,"href":"https:\/\/www.pzwnarew.pl\/index.php?rest_route=%2Fwp%2Fv2%2Ftags&post=5511"}],"curies":[{"name":"wp","href":"https:\/\/api.w.org\/{rel}","templated":true}]}}