{"id":5440,"date":"2014-06-27T17:14:01","date_gmt":"2014-06-27T16:14:01","guid":{"rendered":"http:\/\/www.ostroleka.com.pl\/pzw-narew38\/?p=5440"},"modified":"2014-06-27T17:14:51","modified_gmt":"2014-06-27T16:14:51","slug":"zakonczenie-roku-szkolnego-z-pzw-narew","status":"publish","type":"post","link":"https:\/\/www.pzwnarew.pl\/?p=5440","title":{"rendered":"Zako\u0144czenie roku szkolnego z PZW Narew"},"content":{"rendered":"<p>Podczas uroczysto\u015bci \u00a0zako\u0144czenia roku szkolnego w Szkole Podstawowej nr 6 im. Or\u0142a Bia\u0142ego w Ostro\u0142\u0119ce <a href=\"http:\/\/www.ostroleka.com.pl\/pzw-narew38\/wp-content\/uploads\/2014\/06\/unnamwered.jpg\"><img loading=\"lazy\" decoding=\"async\" class=\"alignright size-thumbnail wp-image-5441\" alt=\"unnamwered\" src=\"http:\/\/www.ostroleka.com.pl\/pzw-narew38\/wp-content\/uploads\/2014\/06\/unnamwered-150x150.jpg\" width=\"150\" height=\"150\" \/><\/a>uroczy\u015bcie zako\u0144czono Konkurs Plastyczny organizowany przez Ko\u0142o W\u0119dkarskie Narew nr 38.<\/p>\n<p>Laureaci konkursu obdarowani zostali dyplomami oraz nagrodami rzeczowymi ksi\u0105\u017ckowymi.<\/p>\n<p>S\u0105 to nast\u0119puj\u0105ce dzieci: <!--more--><\/p>\n<p>Klasa III : Aleksandra Budziszewska, Sara Dobrowolska, Aleksander Kwiatkowski,<\/p>\n<p>Klasa V : Kacper Zagroba, Dominika Choroszewska, Wiktor S\u0142owikowski, Kinga Morawska, Wiktoria Tytko, Magdalena Zdu\u0144czyk, Nina \u015aledzik.<\/p>\n<p>Prezes Ko\u0142a Narew uhonorowa\u0142 specjalna nagroda rzeczow\u0105 Wiktori\u0119 Orzo\u0142 za prac\u0119 promuj\u0105ca bezpiecze\u0144stwo dzieci podczas w\u0119dkowania.<\/p>\n<p>Dyplomami uhonorowano ni\u017cej wymienione dzieci : Angelika Bazylewicz, Aleksandra Tytko, Wiktoria Stepnowska,Jakub Owczarek, Julia Domurad, Lena Pochopie\u0144, Katarzyna Sta\u015bkiewicz, Klaudia Brzezi\u0144ska, Oksana Kacpura, Konrad Ciborowski , Zofia Pragacz, Amelia Netkowska, Karol Piatkowski, Klaudia Zy\u015bk, Eliza Sobczak, Maja Szab\u0142owska.<\/p>\n<p>Dzi\u0119kujemy Pani Dyrektor Dorocie Kupis oraz opiekunom plastycznym dzieci Nauczycielom : Iwonie Borkowskiej, Annie Ochenkowskiej, Przemys\u0142awowi Cikacz, Ma\u0142gorzacie Szarwackiej oraz koordynatorowi konkursu Barbarze Sienickiej.<\/p>\n<p><a href=\"http:\/\/www.ostroleka.com.pl\/gallery_pzw\/thumbnails.php?album=157\"><img loading=\"lazy\" decoding=\"async\" class=\"aligncenter size-full wp-image-4190\" alt=\"play galeria\" src=\"http:\/\/www.ostroleka.com.pl\/pzw-narew38\/wp-content\/uploads\/2013\/04\/play-galeria.jpg\" width=\"342\" height=\"213\" srcset=\"https:\/\/www.pzwnarew.pl\/wp-content\/uploads\/2013\/04\/play-galeria.jpg 342w, https:\/\/www.pzwnarew.pl\/wp-content\/uploads\/2013\/04\/play-galeria-300x186.jpg 300w\" sizes=\"auto, (max-width: 342px) 100vw, 342px\" \/><\/a><\/p>\n","protected":false},"excerpt":{"rendered":"<p>Podczas uroczysto\u015bci \u00a0zako\u0144czenia roku szkolnego w Szkole Podstawowej nr 6 im. Or\u0142a Bia\u0142ego w Ostro\u0142\u0119ce uroczy\u015bcie zako\u0144czono Konkurs Plastyczny organizowany przez Ko\u0142o W\u0119dkarskie Narew nr 38. Laureaci konkursu obdarowani zostali dyplomami oraz nagrodami rzeczowymi ksi\u0105\u017ckowymi. S\u0105 to nast\u0119puj\u0105ce dzieci:<\/p>\n","protected":false},"author":2,"featured_media":0,"comment_status":"open","ping_status":"closed","sticky":false,"template":"","format":"standard","meta":{"footnotes":""},"categories":[20],"tags":[],"class_list":["post-5440","post","type-post","status-publish","format-standard","hentry","category-newsy"],"_links":{"self":[{"href":"https:\/\/www.pzwnarew.pl\/index.php?rest_route=\/wp\/v2\/posts\/5440","targetHints":{"allow":["GET"]}}],"collection":[{"href":"https:\/\/www.pzwnarew.pl\/index.php?rest_route=\/wp\/v2\/posts"}],"about":[{"href":"https:\/\/www.pzwnarew.pl\/index.php?rest_route=\/wp\/v2\/types\/post"}],"author":[{"embeddable":true,"href":"https:\/\/www.pzwnarew.pl\/index.php?rest_route=\/wp\/v2\/users\/2"}],"replies":[{"embeddable":true,"href":"https:\/\/www.pzwnarew.pl\/index.php?rest_route=%2Fwp%2Fv2%2Fcomments&post=5440"}],"version-history":[{"count":3,"href":"https:\/\/www.pzwnarew.pl\/index.php?rest_route=\/wp\/v2\/posts\/5440\/revisions"}],"predecessor-version":[{"id":5444,"href":"https:\/\/www.pzwnarew.pl\/index.php?rest_route=\/wp\/v2\/posts\/5440\/revisions\/5444"}],"wp:attachment":[{"href":"https:\/\/www.pzwnarew.pl\/index.php?rest_route=%2Fwp%2Fv2%2Fmedia&parent=5440"}],"wp:term":[{"taxonomy":"category","embeddable":true,"href":"https:\/\/www.pzwnarew.pl\/index.php?rest_route=%2Fwp%2Fv2%2Fcategories&post=5440"},{"taxonomy":"post_tag","embeddable":true,"href":"https:\/\/www.pzwnarew.pl\/index.php?rest_route=%2Fwp%2Fv2%2Ftags&post=5440"}],"curies":[{"name":"wp","href":"https:\/\/api.w.org\/{rel}","templated":true}]}}