{"id":5427,"date":"2014-06-22T18:17:12","date_gmt":"2014-06-22T17:17:12","guid":{"rendered":"http:\/\/www.ostroleka.com.pl\/pzw-narew38\/?p=5427"},"modified":"2015-03-13T21:50:28","modified_gmt":"2015-03-13T20:50:28","slug":"osmy-maraton-z-wiatrem-i-rybami","status":"publish","type":"post","link":"https:\/\/www.pzwnarew.pl\/?p=5427","title":{"rendered":"\u00d3SMY MARATON Z WIATREM I RYBAMI"},"content":{"rendered":"<p>Kolejna \u00f3sma ju\u017c edycja maratonu w\u0119dkarskiego rozgrywana by\u0142a pod znakiem deszczu i wiatru. Tyczkarze nie <a href=\"http:\/\/www.ostroleka.com.pl\/pzw-narew38\/wp-content\/uploads\/2014\/06\/IMG_0208.jpg\"><img loading=\"lazy\" decoding=\"async\" class=\"alignright wp-image-5428 size-thumbnail\" src=\"http:\/\/www.pzwnarew.pl\/wp-content\/uploads\/2014\/06\/IMG_0208-150x150.jpg\" alt=\"IMG_0208\" width=\"150\" height=\"150\" \/><\/a>po\u0142apali. Sprawdzi\u0142y si\u0119 feedery i du\u017ce leszcze.<\/p>\n<p>W\u0119dkarze w nocy walczyli z deszczem, natomiast rano zacz\u0119\u0142o silnie wia\u0107. Operowanie tyczk\u0105 by\u0142o utrudnione i g\u00f3r\u0119 wzi\u0119\u0142y feedery z koszyczkami zan\u0119towymi.<\/p>\n<p>Ostatecznie po 18 godzinach w\u0119dkowania non-stop dru\u017cyna Zbigniewa Lisa w sk\u0142adzie Grzegorz Tyszka i \u0141ukasz Romanik odnios\u0142a zwyci\u0119stwo \u0142api\u0105c w sumie 7 du\u017cych leszczy, kt\u00f3re przewa\u017cy\u0142y szal\u0119 zwyci\u0119stwa. Tyczkarze \u0142api\u0105c\u00a0 ukleje i ma\u0142e kr\u0105pie nie nad\u0105\u017cyli za zwyci\u0119zcami.\u00a0\u00a0\u00a0\u00a0\u00a0 <!--more--><\/p>\n<p>Ostateczne wyniki pierwszych pi\u0119ciu dru\u017cyn:<\/p>\n<ol>\n<li>Z.Lis, G.Tyszka \u0141.Romanik\u00a0 &#8211;\u00a0\u00a0\u00a0\u00a0\u00a0\u00a0\u00a0\u00a0\u00a0\u00a0\u00a0\u00a0 \u00a0\u00a0\u00a0\u00a0\u00a0\u00a0\u00a0\u00a0\u00a0\u00a0\u00a0\u00a0\u00a0\u00a0\u00a0\u00a0\u00a0\u00a0\u00a0\u00a0\u00a0\u00a0\u00a0\u00a0\u00a0\u00a0\u00a0\u00a0\u00a0\u00a0\u00a016890 pkt<\/li>\n<li>Z.Cichowski T.Krajanowski W.Podbielski\u00a0\u00a0\u00a0\u00a0\u00a0\u00a0\u00a0\u00a0\u00a0\u00a0\u00a0\u00a0\u00a0\u00a0\u00a0\u00a0\u00a0\u00a0\u00a0\u00a0\u00a0\u00a0\u00a0 14525 pkt<\/li>\n<li>J.Nowak\u00a0 R.Kozikowski R.Jastrz\u0119bski\u00a0\u00a0\u00a0\u00a0\u00a0\u00a0\u00a0\u00a0\u00a0\u00a0\u00a0\u00a0\u00a0\u00a0\u00a0\u00a0\u00a0\u00a0\u00a0\u00a0\u00a0\u00a0\u00a0\u00a0\u00a0\u00a0\u00a0\u00a0\u00a0\u00a0 14435 pkt<\/li>\n<li>P.Wrzeszcz J.Tomaszewski Z.Sienicki\u00a0\u00a0\u00a0\u00a0\u00a0\u00a0\u00a0\u00a0\u00a0\u00a0\u00a0\u00a0\u00a0\u00a0\u00a0\u00a0\u00a0\u00a0\u00a0\u00a0\u00a0\u00a0\u00a0\u00a0\u00a0\u00a0\u00a0\u00a0\u00a0\u00a0 10725 pkt<\/li>\n<li>R.Kapu\u015bci\u0144ski I.Dobkowski\u00a0 Z. Il\u00a0\u00a0\u00a0\u00a0\u00a0\u00a0\u00a0\u00a0\u00a0\u00a0\u00a0\u00a0\u00a0\u00a0\u00a0\u00a0\u00a0\u00a0\u00a0\u00a0\u00a0\u00a0\u00a0\u00a0\u00a0\u00a0\u00a0\u00a0\u00a0\u00a0\u00a0\u00a0\u00a0\u00a0\u00a0\u00a0\u00a0\u00a0\u00a0 8090 pkt<\/li>\n<\/ol>\n<p>Najwi\u0119kszy leszcz\u00a0 1545\u00a0 Grzegorz Tyszka<\/p>\n<p>Najwi\u0119ksza P\u0142o\u0107\u00a0\u00a0\u00a0\u00a0\u00a0 185\u00a0\u00a0 Tomasz Krajanowski<\/p>\n<p><a href=\"http:\/\/www.ostroleka.com.pl\/gallery_pzw\/thumbnails.php?album=156\"><img loading=\"lazy\" decoding=\"async\" class=\"aligncenter wp-image-4190 size-full\" src=\"http:\/\/www.pzwnarew.pl\/wp-content\/uploads\/2013\/04\/play-galeria.jpg\" alt=\"play galeria\" width=\"342\" height=\"213\" srcset=\"https:\/\/www.pzwnarew.pl\/wp-content\/uploads\/2013\/04\/play-galeria.jpg 342w, https:\/\/www.pzwnarew.pl\/wp-content\/uploads\/2013\/04\/play-galeria-300x186.jpg 300w\" sizes=\"auto, (max-width: 342px) 100vw, 342px\" \/><\/a><\/p>\n<p>&nbsp;<\/p>\n<p>Zarz\u0105d PZW Narew dzi\u0119kuje:<\/p>\n<p>&nbsp;<\/p>\n<p><b>FIRMIE KONGER<\/b><\/p>\n<p><a href=\"http:\/\/www.ostroleka.com.pl\/pzw-narew38\/wp-content\/uploads\/2013\/07\/konger1.jpg\"><img loading=\"lazy\" decoding=\"async\" class=\"alignleft size-medium wp-image-4615\" src=\"http:\/\/www.ostroleka.com.pl\/pzw-narew38\/wp-content\/uploads\/2013\/07\/konger1-300x124.jpg\" alt=\"konger1\" width=\"300\" height=\"124\" srcset=\"https:\/\/www.pzwnarew.pl\/wp-content\/uploads\/2013\/07\/konger1-300x124.jpg 300w, https:\/\/www.pzwnarew.pl\/wp-content\/uploads\/2013\/07\/konger1.jpg 823w\" sizes=\"auto, (max-width: 300px) 100vw, 300px\" \/><\/a><\/p>\n<p>&nbsp;<\/p>\n<p>&nbsp;<\/p>\n<p>&nbsp;<\/p>\n<p>&nbsp;<\/p>\n<p><b>ADAMOWI WARZOCHA<\/b><\/p>\n<p><a href=\"http:\/\/www.ostroleka.com.pl\/pzw-narew38\/wp-content\/uploads\/2014\/04\/warzocha11.jpg\"><img loading=\"lazy\" decoding=\"async\" class=\"alignleft size-medium wp-image-5277\" src=\"http:\/\/www.ostroleka.com.pl\/pzw-narew38\/wp-content\/uploads\/2014\/04\/warzocha11-300x81.jpg\" alt=\"warzocha1\" width=\"300\" height=\"81\" srcset=\"https:\/\/www.pzwnarew.pl\/wp-content\/uploads\/2014\/04\/warzocha11-300x81.jpg 300w, https:\/\/www.pzwnarew.pl\/wp-content\/uploads\/2014\/04\/warzocha11.jpg 895w\" sizes=\"auto, (max-width: 300px) 100vw, 300px\" \/><\/a><\/p>\n<p>&nbsp;<\/p>\n<p>&nbsp;<\/p>\n<p>&nbsp;<\/p>\n<p><b>SKLEPOWI\u00a0 W\u0118DKARSKIEMU LIN<\/b><\/p>\n<p><a href=\"http:\/\/www.ostroleka.com.pl\/pzw-narew38\/wp-content\/uploads\/2014\/05\/dsdsd.jpg\"><img loading=\"lazy\" decoding=\"async\" class=\"alignleft size-medium wp-image-5311\" src=\"http:\/\/www.ostroleka.com.pl\/pzw-narew38\/wp-content\/uploads\/2014\/05\/dsdsd-300x225.jpg\" alt=\"dsdsd\" width=\"300\" height=\"225\" srcset=\"https:\/\/www.pzwnarew.pl\/wp-content\/uploads\/2014\/05\/dsdsd-300x225.jpg 300w, https:\/\/www.pzwnarew.pl\/wp-content\/uploads\/2014\/05\/dsdsd.jpg 960w\" sizes=\"auto, (max-width: 300px) 100vw, 300px\" \/><\/a><\/p>\n<p>&nbsp;<\/p>\n<p>&nbsp;<\/p>\n<p>&nbsp;<\/p>\n<p>&nbsp;<\/p>\n<p>&nbsp;<\/p>\n<p>&nbsp;<\/p>\n<p>&nbsp;<\/p>\n<p><b>DELIKATESOM\u00a0 DELICJA<br \/>\n<\/b><\/p>\n<p><a href=\"http:\/\/www.ostroleka.com.pl\/pzw-narew38\/wp-content\/uploads\/2013\/05\/delicja1.jpg\"><img loading=\"lazy\" decoding=\"async\" class=\"alignleft size-medium wp-image-4441\" src=\"http:\/\/www.ostroleka.com.pl\/pzw-narew38\/wp-content\/uploads\/2013\/05\/delicja1-300x94.jpg\" alt=\"delicja\" width=\"300\" height=\"94\" srcset=\"https:\/\/www.pzwnarew.pl\/wp-content\/uploads\/2013\/05\/delicja1-300x94.jpg 300w, https:\/\/www.pzwnarew.pl\/wp-content\/uploads\/2013\/05\/delicja1.jpg 799w\" sizes=\"auto, (max-width: 300px) 100vw, 300px\" \/><\/a><\/p>\n<p>&nbsp;<\/p>\n<p>&nbsp;<\/p>\n<p>&nbsp;<\/p>\n<p><b>GOSPODARSTWO RYBACKIE \u0141OM\u017bA\u00a0 MIROS\u0141AW GODULA<\/b><\/p>\n<p><b>DZI\u0118KUJEMY R\u00d3WNIE\u017b KOLEGOM RY\u015aKOWI, ANDRZEJOWI, PAW\u0141OWI, \u0141UKASZOWI I MARIUSZOWI.<br \/>\n<\/b><\/p>\n<p><b>\u00a0<\/b><\/p>\n","protected":false},"excerpt":{"rendered":"<p>Kolejna \u00f3sma ju\u017c edycja maratonu w\u0119dkarskiego rozgrywana by\u0142a pod znakiem deszczu i wiatru. Tyczkarze nie po\u0142apali. Sprawdzi\u0142y si\u0119 feedery i du\u017ce leszcze. W\u0119dkarze w nocy walczyli z deszczem, natomiast rano zacz\u0119\u0142o silnie wia\u0107. Operowanie tyczk\u0105 by\u0142o utrudnione i g\u00f3r\u0119 wzi\u0119\u0142y feedery z koszyczkami zan\u0119towymi. Ostatecznie po 18 godzinach w\u0119dkowania non-stop dru\u017cyna Zbigniewa Lisa w sk\u0142adzie Grzegorz Tyszka i \u0141ukasz Romanik odnios\u0142a zwyci\u0119stwo \u0142api\u0105c w sumie 7 du\u017cych leszczy, kt\u00f3re przewa\u017cy\u0142y szal\u0119 zwyci\u0119stwa. Tyczkarze \u0142api\u0105c\u00a0 ukleje i ma\u0142e kr\u0105pie nie nad\u0105\u017cyli&#8230;<\/p>\n<p class=\"read-more\"><a class=\"btn btn-default\" href=\"https:\/\/www.pzwnarew.pl\/?p=5427\"> Read More<span class=\"screen-reader-text\">  Read More<\/span><\/a><\/p>\n","protected":false},"author":2,"featured_media":0,"comment_status":"open","ping_status":"closed","sticky":false,"template":"","format":"standard","meta":{"footnotes":""},"categories":[20,17],"tags":[],"class_list":["post-5427","post","type-post","status-publish","format-standard","hentry","category-newsy","category-imprezy"],"_links":{"self":[{"href":"https:\/\/www.pzwnarew.pl\/index.php?rest_route=\/wp\/v2\/posts\/5427","targetHints":{"allow":["GET"]}}],"collection":[{"href":"https:\/\/www.pzwnarew.pl\/index.php?rest_route=\/wp\/v2\/posts"}],"about":[{"href":"https:\/\/www.pzwnarew.pl\/index.php?rest_route=\/wp\/v2\/types\/post"}],"author":[{"embeddable":true,"href":"https:\/\/www.pzwnarew.pl\/index.php?rest_route=\/wp\/v2\/users\/2"}],"replies":[{"embeddable":true,"href":"https:\/\/www.pzwnarew.pl\/index.php?rest_route=%2Fwp%2Fv2%2Fcomments&post=5427"}],"version-history":[{"count":6,"href":"https:\/\/www.pzwnarew.pl\/index.php?rest_route=\/wp\/v2\/posts\/5427\/revisions"}],"predecessor-version":[{"id":5924,"href":"https:\/\/www.pzwnarew.pl\/index.php?rest_route=\/wp\/v2\/posts\/5427\/revisions\/5924"}],"wp:attachment":[{"href":"https:\/\/www.pzwnarew.pl\/index.php?rest_route=%2Fwp%2Fv2%2Fmedia&parent=5427"}],"wp:term":[{"taxonomy":"category","embeddable":true,"href":"https:\/\/www.pzwnarew.pl\/index.php?rest_route=%2Fwp%2Fv2%2Fcategories&post=5427"},{"taxonomy":"post_tag","embeddable":true,"href":"https:\/\/www.pzwnarew.pl\/index.php?rest_route=%2Fwp%2Fv2%2Ftags&post=5427"}],"curies":[{"name":"wp","href":"https:\/\/api.w.org\/{rel}","templated":true}]}}