{"id":5400,"date":"2014-06-03T19:34:32","date_gmt":"2014-06-03T18:34:32","guid":{"rendered":"http:\/\/www.ostroleka.com.pl\/pzw-narew38\/?p=5400"},"modified":"2015-03-13T22:55:18","modified_gmt":"2015-03-13T21:55:18","slug":"zarybienie-szkwy","status":"publish","type":"post","link":"https:\/\/www.pzwnarew.pl\/?p=5400","title":{"rendered":"Zarybienie Szkwy Jaziem"},"content":{"rendered":"<p>W dniu 3 czerwca br. Wojtkowiak Rafa\u0142 z PZW Narew wraz z Prezesem ko\u0142a Energopap zarybili Szkw\u0119 w <a href=\"http:\/\/www.ostroleka.com.pl\/pzw-narew38\/wp-content\/uploads\/2014\/06\/SANY1252.jpg\"><img loading=\"lazy\" decoding=\"async\" class=\"alignright wp-image-5402 size-thumbnail\" src=\"http:\/\/www.pzwnarew.pl\/wp-content\/uploads\/2014\/06\/SANY1252-150x150.jpg\" alt=\"SANYO DIGITAL CAMERA\" width=\"150\" height=\"150\" \/><\/a>miejscowo\u015bci Kurpiewskie, narybkiem letnim Jazia w ilo\u015bci 10000 szt.<\/p>\n<p>Ja\u017a- <b>Tryb \u017cycia<\/b><br \/>\nRyba stadna, sp\u0119dzaj\u0105ca wi\u0119kszo\u015b\u0107 czasu w pobli\u017cu powierzchni wody. Jedynie zim\u0105 schodzi w jej g\u0142\u0119bsze partie. Tar\u0142o od kwietnia do czerwca. W tym okresie u samc\u00f3w wyst\u0119puje wysypka tar\u0142owa. W celu z\u0142o\u017cenia ikry stada dojrza\u0142ych do rozrodu ryb ci\u0105gn\u0105 w g\u00f3r\u0119 rzeki do odcink\u00f3w o piaszczystym lub \u017cwirowatym dnie. Kleista ikra o \u015brednicy 1,5 mm (40000-115000 sztuk w zale\u017cno\u015bci od wielko\u015bci samicy), przyczepia si\u0119 do\u00a0\u00a0 <!--more-->kamieni i wodnych ro\u015blin. Okres inkubacji trwa 10-20 dni. Po z\u0142o\u017ceniu ikry tarlaki sp\u0142ywaj\u0105 w d\u00f3\u0142 rzeki. W \u015blad za nimi, w jej spokojne partie, ju\u017c w pierwszym roku swego \u017cycia pod\u0105\u017caj\u0105 m\u0142ode ryby. Dojrza\u0142o\u015b\u0107 p\u0142ciow\u0105 uzyskuj\u0105 w wieku 3-4 lat.<\/p>\n<p><b>Od\u017cywianie<\/b><br \/>\nW okresie m\u0142odzie\u0144czym pokarm ich stanowi plankton zwierz\u0119cy i ro\u015blinny. P\u00f3\u017aniej zjadaj\u0105 robaki, skorupiaki, larwy owad\u00f3w i ma\u0142e mi\u0119czaki.<\/p>\n<p>&nbsp;<\/p>\n<p><a href=\"http:\/\/www.ostroleka.com.pl\/gallery_pzw\/thumbnails.php?album=152\"><img loading=\"lazy\" decoding=\"async\" class=\"aligncenter wp-image-4190 size-full\" src=\"http:\/\/www.pzwnarew.pl\/wp-content\/uploads\/2013\/04\/play-galeria.jpg\" alt=\"play galeria\" width=\"342\" height=\"213\" srcset=\"https:\/\/www.pzwnarew.pl\/wp-content\/uploads\/2013\/04\/play-galeria.jpg 342w, https:\/\/www.pzwnarew.pl\/wp-content\/uploads\/2013\/04\/play-galeria-300x186.jpg 300w\" sizes=\"auto, (max-width: 342px) 100vw, 342px\" \/><\/a><\/p>\n","protected":false},"excerpt":{"rendered":"<p>W dniu 3 czerwca br. Wojtkowiak Rafa\u0142 z PZW Narew wraz z Prezesem ko\u0142a Energopap zarybili Szkw\u0119 w miejscowo\u015bci Kurpiewskie, narybkiem letnim Jazia w ilo\u015bci 10000 szt. Ja\u017a- Tryb \u017cycia Ryba stadna, sp\u0119dzaj\u0105ca wi\u0119kszo\u015b\u0107 czasu w pobli\u017cu powierzchni wody. Jedynie zim\u0105 schodzi w jej g\u0142\u0119bsze partie. Tar\u0142o od kwietnia do czerwca. W tym okresie u samc\u00f3w wyst\u0119puje wysypka tar\u0142owa. W celu z\u0142o\u017cenia ikry stada dojrza\u0142ych do rozrodu ryb ci\u0105gn\u0105 w g\u00f3r\u0119 rzeki do odcink\u00f3w o piaszczystym lub \u017cwirowatym dnie. Kleista&#8230;<\/p>\n<p class=\"read-more\"><a class=\"btn btn-default\" href=\"https:\/\/www.pzwnarew.pl\/?p=5400\"> Read More<span class=\"screen-reader-text\">  Read More<\/span><\/a><\/p>\n","protected":false},"author":2,"featured_media":0,"comment_status":"open","ping_status":"closed","sticky":false,"template":"","format":"standard","meta":{"footnotes":""},"categories":[20,24],"tags":[],"class_list":["post-5400","post","type-post","status-publish","format-standard","hentry","category-newsy","category-ochrona-wod"],"_links":{"self":[{"href":"https:\/\/www.pzwnarew.pl\/index.php?rest_route=\/wp\/v2\/posts\/5400","targetHints":{"allow":["GET"]}}],"collection":[{"href":"https:\/\/www.pzwnarew.pl\/index.php?rest_route=\/wp\/v2\/posts"}],"about":[{"href":"https:\/\/www.pzwnarew.pl\/index.php?rest_route=\/wp\/v2\/types\/post"}],"author":[{"embeddable":true,"href":"https:\/\/www.pzwnarew.pl\/index.php?rest_route=\/wp\/v2\/users\/2"}],"replies":[{"embeddable":true,"href":"https:\/\/www.pzwnarew.pl\/index.php?rest_route=%2Fwp%2Fv2%2Fcomments&post=5400"}],"version-history":[{"count":3,"href":"https:\/\/www.pzwnarew.pl\/index.php?rest_route=\/wp\/v2\/posts\/5400\/revisions"}],"predecessor-version":[{"id":5993,"href":"https:\/\/www.pzwnarew.pl\/index.php?rest_route=\/wp\/v2\/posts\/5400\/revisions\/5993"}],"wp:attachment":[{"href":"https:\/\/www.pzwnarew.pl\/index.php?rest_route=%2Fwp%2Fv2%2Fmedia&parent=5400"}],"wp:term":[{"taxonomy":"category","embeddable":true,"href":"https:\/\/www.pzwnarew.pl\/index.php?rest_route=%2Fwp%2Fv2%2Fcategories&post=5400"},{"taxonomy":"post_tag","embeddable":true,"href":"https:\/\/www.pzwnarew.pl\/index.php?rest_route=%2Fwp%2Fv2%2Ftags&post=5400"}],"curies":[{"name":"wp","href":"https:\/\/api.w.org\/{rel}","templated":true}]}}