{"id":5269,"date":"2014-04-14T19:30:51","date_gmt":"2014-04-14T18:30:51","guid":{"rendered":"http:\/\/www.ostroleka.com.pl\/pzw-narew38\/?p=5269"},"modified":"2014-04-14T19:33:10","modified_gmt":"2014-04-14T18:33:10","slug":"nasi-w-komorowie","status":"publish","type":"post","link":"https:\/\/www.pzwnarew.pl\/?p=5269","title":{"rendered":"\u201eNASI W KOMOROWIE\u201d"},"content":{"rendered":"<p><!--[if gte mso 9]><xml>\n<o:officedocumentsettings>\n<o:allowpng><\/o:allowpng>\n<\/o:officedocumentsettings>\n<\/xml>< ![endif]--><\/p>\n<p class=\"MsoNormal\" style=\"margin-bottom: .0001pt;\"><span style=\"font-size: 12.0pt; font-family: 'Arial','sans-serif'; mso-fareast-font-family: 'Times New Roman'; mso-fareast-language: PL;\">Nasi koledzy startowali w zawodach spinningowych zorganizowanych w dniu 12 kwietnia przez Ko\u0142o<a href=\"http:\/\/www.ostroleka.com.pl\/pzw-narew38\/wp-content\/uploads\/2014\/04\/P1000409.jpg\"><img loading=\"lazy\" decoding=\"async\" class=\"alignright size-thumbnail wp-image-5270\" alt=\"P1000409\" src=\"http:\/\/www.ostroleka.com.pl\/pzw-narew38\/wp-content\/uploads\/2014\/04\/P1000409-150x150.jpg\" width=\"150\" height=\"150\" \/><\/a> PZW w Komorowie.<\/span><\/p>\n<p class=\"MsoNormal\" style=\"mso-margin-top-alt: auto; margin-bottom: .0001pt; line-height: normal;\"><span style=\"font-size: 12.0pt; font-family: 'Arial','sans-serif'; mso-fareast-font-family: 'Times New Roman'; mso-fareast-language: PL;\">Zaliczyli\u015bmy pstr\u0105gi a tak\u017ce wprowadzili\u015bmy na salony \u201ezawodowc\u00f3w w spinningu\u201d m\u0142ody narybek.<\/span><\/p>\n<p class=\"MsoNormal\" style=\"mso-margin-top-alt: auto; margin-bottom: .0001pt; line-height: normal;\"><span style=\"font-size: 12.0pt; font-family: 'Arial','sans-serif'; mso-fareast-font-family: 'Times New Roman'; mso-fareast-language: PL;\">Najm\u0142odszym reprezentantem ko\u0142a Narew by\u0142 Piotr Terlikowski lat 10,pozostali uczestnicy to :\u00a0\u00a0\u00a0\u00a0\u00a0\u00a0\u00a0\u00a0\u00a0 <\/span><\/p>\n<p class=\"MsoNormal\" style=\"mso-margin-top-alt: auto; margin-bottom: .0001pt; line-height: normal;\">\n<p class=\"MsoNormal\" style=\"mso-margin-top-alt: auto; margin-bottom: .0001pt; line-height: normal;\"><span style=\"font-size: 12.0pt; font-family: 'Arial','sans-serif'; mso-fareast-font-family: 'Times New Roman'; mso-fareast-language: PL;\"><!--more--><br \/>\n<\/span><\/p>\n<p class=\"MsoNormal\" style=\"mso-margin-top-alt: auto; margin-bottom: .0001pt; line-height: normal;\"><span style=\"font-size: 12.0pt; font-family: 'Arial','sans-serif'; mso-fareast-font-family: 'Times New Roman'; mso-fareast-language: PL;\">J\u00f3zef Dziadak, Zbigniew Lis , \u0141ukasz Romanik, Grzegorz Tyszka.<\/span><\/p>\n<p class=\"MsoNormal\" style=\"margin-bottom: .0001pt;\"><span style=\"font-family: 'Times New Roman','serif';\"><span style=\"font-size: 12.0pt; line-height: 115%; font-family: 'Arial','sans-serif'; mso-fareast-font-family: 'Times New Roman'; mso-ansi-language: PL; mso-fareast-language: PL; mso-bidi-language: AR-SA;\">Piotru\u015b Terlikowski zaj\u0105\u0142 V miejsce w kat. junior\u00f3w.\u00a0\u00a0\u00a0\u00a0\u00a0\u00a0<\/span><br \/>\n<\/span><\/p>\n<p class=\"MsoNormal\" style=\"margin-bottom: .0001pt;\"><a href=\"http:\/\/www.ostroleka.com.pl\/gallery_pzw\/thumbnails.php?album=143\"><img loading=\"lazy\" decoding=\"async\" class=\"aligncenter size-full wp-image-4190\" alt=\"play galeria\" src=\"http:\/\/www.ostroleka.com.pl\/pzw-narew38\/wp-content\/uploads\/2013\/04\/play-galeria.jpg\" width=\"342\" height=\"213\" srcset=\"https:\/\/www.pzwnarew.pl\/wp-content\/uploads\/2013\/04\/play-galeria.jpg 342w, https:\/\/www.pzwnarew.pl\/wp-content\/uploads\/2013\/04\/play-galeria-300x186.jpg 300w\" sizes=\"auto, (max-width: 342px) 100vw, 342px\" \/><\/a><\/p>\n","protected":false},"excerpt":{"rendered":"<p>Nasi koledzy startowali w zawodach spinningowych zorganizowanych w dniu 12 kwietnia przez Ko\u0142o PZW w Komorowie. Zaliczyli\u015bmy pstr\u0105gi a tak\u017ce wprowadzili\u015bmy na salony \u201ezawodowc\u00f3w w spinningu\u201d m\u0142ody narybek. Najm\u0142odszym reprezentantem ko\u0142a Narew by\u0142 Piotr Terlikowski lat 10,pozostali uczestnicy to :\u00a0\u00a0\u00a0\u00a0\u00a0\u00a0\u00a0\u00a0\u00a0<\/p>\n","protected":false},"author":2,"featured_media":0,"comment_status":"open","ping_status":"closed","sticky":false,"template":"","format":"standard","meta":{"footnotes":""},"categories":[20],"tags":[],"class_list":["post-5269","post","type-post","status-publish","format-standard","hentry","category-newsy"],"_links":{"self":[{"href":"https:\/\/www.pzwnarew.pl\/index.php?rest_route=\/wp\/v2\/posts\/5269","targetHints":{"allow":["GET"]}}],"collection":[{"href":"https:\/\/www.pzwnarew.pl\/index.php?rest_route=\/wp\/v2\/posts"}],"about":[{"href":"https:\/\/www.pzwnarew.pl\/index.php?rest_route=\/wp\/v2\/types\/post"}],"author":[{"embeddable":true,"href":"https:\/\/www.pzwnarew.pl\/index.php?rest_route=\/wp\/v2\/users\/2"}],"replies":[{"embeddable":true,"href":"https:\/\/www.pzwnarew.pl\/index.php?rest_route=%2Fwp%2Fv2%2Fcomments&post=5269"}],"version-history":[{"count":4,"href":"https:\/\/www.pzwnarew.pl\/index.php?rest_route=\/wp\/v2\/posts\/5269\/revisions"}],"predecessor-version":[{"id":5274,"href":"https:\/\/www.pzwnarew.pl\/index.php?rest_route=\/wp\/v2\/posts\/5269\/revisions\/5274"}],"wp:attachment":[{"href":"https:\/\/www.pzwnarew.pl\/index.php?rest_route=%2Fwp%2Fv2%2Fmedia&parent=5269"}],"wp:term":[{"taxonomy":"category","embeddable":true,"href":"https:\/\/www.pzwnarew.pl\/index.php?rest_route=%2Fwp%2Fv2%2Fcategories&post=5269"},{"taxonomy":"post_tag","embeddable":true,"href":"https:\/\/www.pzwnarew.pl\/index.php?rest_route=%2Fwp%2Fv2%2Ftags&post=5269"}],"curies":[{"name":"wp","href":"https:\/\/api.w.org\/{rel}","templated":true}]}}