{"id":5240,"date":"2014-04-02T03:27:24","date_gmt":"2014-04-02T02:27:24","guid":{"rendered":"http:\/\/www.ostroleka.com.pl\/pzw-narew38\/?p=5240"},"modified":"2014-04-02T05:36:04","modified_gmt":"2014-04-02T04:36:04","slug":"zart-z-okazji-prima-aprilis","status":"publish","type":"post","link":"https:\/\/www.pzwnarew.pl\/?p=5240","title":{"rendered":"\u017bart z okazji Prima Aprilis"},"content":{"rendered":"<p>Sk\u0142adamy\u00a0 podzi\u0119kowanie dla wszystkich kt\u00f3rzy wzi\u0119li udzia\u0142 w \u017carcie Primaaprilisowym.<\/p>\n<p>Dla tych kt\u00f3rzy nie wiedz\u0105- nagranie odby\u0142o si\u0119 w Niedziele o godz. 5,00 rano i cho\u0107by dla tego Wielkie Dzi\u0119kuje.<\/p>\n<p>Dla Prezydenta Miasta, Dyrektora Parku Wodnego, cz\u0142onk\u00f3w naszego ko\u0142a oraz dla portalu eostroleka.pl<\/p>\n<p><a href=\"https:\/\/www.youtube.com\/watch?v=NdhpkQG09fQ\"><img loading=\"lazy\" decoding=\"async\" class=\"aligncenter size-full wp-image-5241\" alt=\"deded\" src=\"http:\/\/www.ostroleka.com.pl\/pzw-narew38\/wp-content\/uploads\/2014\/04\/deded.jpg\" width=\"639\" height=\"390\" srcset=\"https:\/\/www.pzwnarew.pl\/wp-content\/uploads\/2014\/04\/deded.jpg 639w, https:\/\/www.pzwnarew.pl\/wp-content\/uploads\/2014\/04\/deded-300x183.jpg 300w\" sizes=\"auto, (max-width: 639px) 100vw, 639px\" \/><\/a><a href=\"https:\/\/www.youtube.com\/watch?v=KZSqWv2Egps\"><img loading=\"lazy\" decoding=\"async\" class=\"aligncenter size-full wp-image-5245\" alt=\"eos\" src=\"http:\/\/www.ostroleka.com.pl\/pzw-narew38\/wp-content\/uploads\/2014\/04\/eos.jpg\" width=\"639\" height=\"389\" srcset=\"https:\/\/www.pzwnarew.pl\/wp-content\/uploads\/2014\/04\/eos.jpg 639w, https:\/\/www.pzwnarew.pl\/wp-content\/uploads\/2014\/04\/eos-300x182.jpg 300w\" sizes=\"auto, (max-width: 639px) 100vw, 639px\" \/><\/a><\/p>\n<p>&nbsp;<\/p>\n","protected":false},"excerpt":{"rendered":"<p>Sk\u0142adamy\u00a0 podzi\u0119kowanie dla wszystkich kt\u00f3rzy wzi\u0119li udzia\u0142 w \u017carcie Primaaprilisowym. Dla tych kt\u00f3rzy nie wiedz\u0105- nagranie odby\u0142o si\u0119 w Niedziele o godz. 5,00 rano i cho\u0107by dla tego Wielkie Dzi\u0119kuje. Dla Prezydenta Miasta, Dyrektora Parku Wodnego, cz\u0142onk\u00f3w naszego ko\u0142a oraz dla portalu eostroleka.pl &nbsp;<\/p>\n","protected":false},"author":2,"featured_media":0,"comment_status":"open","ping_status":"closed","sticky":false,"template":"","format":"standard","meta":{"footnotes":""},"categories":[20],"tags":[],"class_list":["post-5240","post","type-post","status-publish","format-standard","hentry","category-newsy"],"_links":{"self":[{"href":"https:\/\/www.pzwnarew.pl\/index.php?rest_route=\/wp\/v2\/posts\/5240","targetHints":{"allow":["GET"]}}],"collection":[{"href":"https:\/\/www.pzwnarew.pl\/index.php?rest_route=\/wp\/v2\/posts"}],"about":[{"href":"https:\/\/www.pzwnarew.pl\/index.php?rest_route=\/wp\/v2\/types\/post"}],"author":[{"embeddable":true,"href":"https:\/\/www.pzwnarew.pl\/index.php?rest_route=\/wp\/v2\/users\/2"}],"replies":[{"embeddable":true,"href":"https:\/\/www.pzwnarew.pl\/index.php?rest_route=%2Fwp%2Fv2%2Fcomments&post=5240"}],"version-history":[{"count":4,"href":"https:\/\/www.pzwnarew.pl\/index.php?rest_route=\/wp\/v2\/posts\/5240\/revisions"}],"predecessor-version":[{"id":5247,"href":"https:\/\/www.pzwnarew.pl\/index.php?rest_route=\/wp\/v2\/posts\/5240\/revisions\/5247"}],"wp:attachment":[{"href":"https:\/\/www.pzwnarew.pl\/index.php?rest_route=%2Fwp%2Fv2%2Fmedia&parent=5240"}],"wp:term":[{"taxonomy":"category","embeddable":true,"href":"https:\/\/www.pzwnarew.pl\/index.php?rest_route=%2Fwp%2Fv2%2Fcategories&post=5240"},{"taxonomy":"post_tag","embeddable":true,"href":"https:\/\/www.pzwnarew.pl\/index.php?rest_route=%2Fwp%2Fv2%2Ftags&post=5240"}],"curies":[{"name":"wp","href":"https:\/\/api.w.org\/{rel}","templated":true}]}}