{"id":521,"date":"2005-02-26T23:19:44","date_gmt":"2005-02-26T22:19:44","guid":{"rendered":"http:\/\/www.ostroleka.com.pl\/pzw-narew38\/?p=521"},"modified":"2011-03-18T23:35:31","modified_gmt":"2011-03-18T22:35:31","slug":"zawody-podlodowe-okregu-mazowieckiego-pzw-2005","status":"publish","type":"post","link":"https:\/\/www.pzwnarew.pl\/?p=521","title":{"rendered":"Zawody podlodowe Okr\u0119gu Mazowieckiego PZW &#8211; 2005"},"content":{"rendered":"<p><strong>26 luty 2005 r.<\/strong><br \/>\n<strong>RELACJA Z MISTRZOSTW PODLODOWYCH OKR\u0118GU MAZOWIECKIEGO<\/strong><\/p>\n<p><a href=\"http:\/\/www.ostroleka.com.pl\/pzw-narew38\/wp-content\/uploads\/2005\/02\/brajniki_001.jpg\"><img loading=\"lazy\" decoding=\"async\" class=\"alignleft size-thumbnail wp-image-538\" title=\"brajniki_001\" src=\"http:\/\/www.ostroleka.com.pl\/pzw-narew38\/wp-content\/uploads\/2005\/02\/brajniki_001-150x150.jpg\" alt=\"\" width=\"150\" height=\"150\" \/><\/a>W dniu 26 lutego o godzinie 6 rano zacz\u0105\u0142 si\u0119 ruch na o\u015brodku wczasowym &#8222;Dolomity&#8221; po\u0142o\u017conym nad jeziorem Brajnickim.<\/p>\n<p>Rozpocz\u0119to przyjmowanie zg\u0142osze\u0144 5-osobowych dru\u017cyn reprezentuj\u0105cych ko\u0142a w\u0119dkarskie Okr\u0119gu Mazowieckiego PZW.<br \/>\nDru\u017cyna ko\u0142a &#8222;Narew&#8221; stawi\u0142a si\u0119 w sk\u0142adzie; kapitan dru\u017cyny Marek G\u0105ska, Andrzej Luchci\u0144ski, Jacek Paurowicz, Zbigniew Lis i Artur Zajkowski.<!--more-->Og\u00f3\u0142em przyj\u0119to zg\u0142oszenia od 27 dru\u017cyn w\u0119dkarskich reprezentuj\u0105cych ko\u0142a Mazowsza i oczywi\u015bcie miasta Warszawy. Rzesz\u0119 oko\u0142o 140 w\u0119dkarzy, s\u0119dzi\u00f3w, organizator\u00f3w organizator\u00f3w nielicznych tego ranka kibic\u00f3w powita\u0142 s\u0119dzia g\u0142\u00f3wny zawod\u00f3w Waldemar Lewandowski. Zawody otworzy\u0142 sam Prezes Zarz\u0105du Okr\u0119gu Mazowieckiego Andrzej Kobza.<\/p>\n<p><a href=\"http:\/\/www.ostroleka.com.pl\/pzw-narew38\/wp-content\/uploads\/2011\/03\/podlodowe_2005_011.jpg\"><\/a><a href=\"http:\/\/www.ostroleka.com.pl\/pzw-narew38\/wp-content\/uploads\/2005\/02\/brajniki_002.jpg\"><img loading=\"lazy\" decoding=\"async\" class=\"alignleft size-thumbnail wp-image-526\" title=\"brajniki_002\" src=\"http:\/\/www.ostroleka.com.pl\/pzw-narew38\/wp-content\/uploads\/2005\/02\/brajniki_002-150x150.jpg\" alt=\"\" width=\"150\" height=\"150\" \/><\/a><a href=\"http:\/\/www.ostroleka.com.pl\/pzw-narew38\/wp-content\/uploads\/2005\/02\/brajniki_003.jpg\"><img loading=\"lazy\" decoding=\"async\" class=\"alignright size-thumbnail wp-image-527\" title=\"brajniki_003\" src=\"http:\/\/www.ostroleka.com.pl\/pzw-narew38\/wp-content\/uploads\/2005\/02\/brajniki_003-150x150.jpg\" alt=\"\" width=\"150\" height=\"150\" \/><\/a>Zawody przeprowadzono w dw\u00f3ch turach przy mro\u017anej pogodzie i padaj\u0105cym \u015bniegu.<br \/>\nZawodnicy zmagali si\u0119 z mrozem, \u015bniegiem oraz s\u0142abo bior\u0105cymi rybami. \u0141owiono g\u0142\u00f3wnie ma\u0142e p\u0142otki i nieliczne okonie. Po pierwszej turze uros\u0142y nasze nadzieje na dobre miejsce, poniewa\u017c Andrzej Luchci\u0144ski we wspania\u0142ym stylu jak zawodowiec zaj\u0105\u0142 I miejsce w swoim sektorze, pokonuj\u0105c do\u015bwiadczonych i starych podlodowc\u00f3w. Dobre lokaty zaj\u0119li tak\u017ce pozostali nasi zawodnicy co da\u0142o naszej dru\u017cynie V miejsce.<\/p>\n<p>II tura zwod\u00f3w rozpocz\u0119\u0142a si\u0119 przy wzmagaj\u0105cych opadach \u015bniegu i mrozu. Niestety Andrzej Luchci\u0144ski wylosowa\u0142 w drugiej turze fatalne \u0142owisko w miejscu gdzie latem jest p\u0142ytkie k\u0105pielisko. Stawa\u0142 dos\u0142ownie na g\u0142owie, aby z\u0142owi\u0107 cho\u0107 kilkana\u015bcie rybek. Niestety nie da\u0142y one mu wysokiego miejsca po drugiej turze. Zawodnikiem najr\u00f3wniejszym w naszej dru\u017cynie by\u0142 Marek G\u0105ska , kt\u00f3ry w obu turach zaj\u0105\u0142 stabiln\u0105 pozycje co da\u0142o mu w sumie 30 lokat\u0119 indywidualnie.<br \/>\nW sumie nasi zawodnicy walcz\u0105c jak lwy o utrzymanie dobrego miejsca dru\u017cynowego wyniku ko\u0144cowym zaj\u0119li dru\u017cynowo VIII miejsce na Mazowszu.<\/p>\n<p><a href=\"http:\/\/www.ostroleka.com.pl\/pzw-narew38\/wp-content\/uploads\/2005\/02\/brajniki_004.jpg\"><img loading=\"lazy\" decoding=\"async\" class=\"alignleft size-thumbnail wp-image-528\" title=\"brajniki_004\" src=\"http:\/\/www.ostroleka.com.pl\/pzw-narew38\/wp-content\/uploads\/2005\/02\/brajniki_004-150x150.jpg\" alt=\"\" width=\"150\" height=\"150\" \/><\/a>Cieszy nas wynik bratniego ostro\u0142\u0119ckiego ko\u0142a w\u0119dkarskiego &#8222;Kie\u0142bik&#8221;, jest to pierwsza dru\u017cyna na Mazowszu. Szczerze im gratulujemy tego wspania\u0142ego wyniku.<\/p>\n<p>Podsumowuj\u0105c, dwa ostro\u0142\u0119ckie ko\u0142a zmie\u015bci\u0142y si\u0119 w pierwszej dziesi\u0105tce, naszym za\u0142o\u017ceniem by\u0142 taki wynik i ca\u0142y Zarz\u0105d ko\u0142a &#8222;Narew&#8221; cieszy si\u0119 z wyniku naszej dru\u017cyny.<\/p>\n<p>Wi\u0119cej zdj\u0119\u0107 z zawod\u00f3w <a href=\"http:\/\/www.ostroleka.com.pl\/gallery_pzw\/thumbnails.php?album=14\" target=\"_blank\">w galerii PZW &#8222;Narew&#8221; &gt;&gt;<\/a><\/p>\n<p style=\"text-align: right;\">Z w\u0119dkarskim pozdrowieniem<br \/>\nAndrzej Raszkiewicz<\/p>\n","protected":false},"excerpt":{"rendered":"<p>26 luty 2005 r. RELACJA Z MISTRZOSTW PODLODOWYCH OKR\u0118GU MAZOWIECKIEGO W dniu 26 lutego o godzinie 6 rano zacz\u0105\u0142 si\u0119 ruch na o\u015brodku wczasowym &#8222;Dolomity&#8221; po\u0142o\u017conym nad jeziorem Brajnickim. Rozpocz\u0119to przyjmowanie zg\u0142osze\u0144 5-osobowych dru\u017cyn reprezentuj\u0105cych ko\u0142a w\u0119dkarskie Okr\u0119gu Mazowieckiego PZW. Dru\u017cyna ko\u0142a &#8222;Narew&#8221; stawi\u0142a si\u0119 w sk\u0142adzie; kapitan dru\u017cyny Marek G\u0105ska, Andrzej Luchci\u0144ski, Jacek Paurowicz, Zbigniew Lis i Artur Zajkowski.<\/p>\n","protected":false},"author":1,"featured_media":0,"comment_status":"closed","ping_status":"closed","sticky":false,"template":"","format":"standard","meta":{"footnotes":""},"categories":[20,17],"tags":[],"class_list":["post-521","post","type-post","status-publish","format-standard","hentry","category-newsy","category-imprezy"],"_links":{"self":[{"href":"https:\/\/www.pzwnarew.pl\/index.php?rest_route=\/wp\/v2\/posts\/521","targetHints":{"allow":["GET"]}}],"collection":[{"href":"https:\/\/www.pzwnarew.pl\/index.php?rest_route=\/wp\/v2\/posts"}],"about":[{"href":"https:\/\/www.pzwnarew.pl\/index.php?rest_route=\/wp\/v2\/types\/post"}],"author":[{"embeddable":true,"href":"https:\/\/www.pzwnarew.pl\/index.php?rest_route=\/wp\/v2\/users\/1"}],"replies":[{"embeddable":true,"href":"https:\/\/www.pzwnarew.pl\/index.php?rest_route=%2Fwp%2Fv2%2Fcomments&post=521"}],"version-history":[{"count":5,"href":"https:\/\/www.pzwnarew.pl\/index.php?rest_route=\/wp\/v2\/posts\/521\/revisions"}],"predecessor-version":[{"id":530,"href":"https:\/\/www.pzwnarew.pl\/index.php?rest_route=\/wp\/v2\/posts\/521\/revisions\/530"}],"wp:attachment":[{"href":"https:\/\/www.pzwnarew.pl\/index.php?rest_route=%2Fwp%2Fv2%2Fmedia&parent=521"}],"wp:term":[{"taxonomy":"category","embeddable":true,"href":"https:\/\/www.pzwnarew.pl\/index.php?rest_route=%2Fwp%2Fv2%2Fcategories&post=521"},{"taxonomy":"post_tag","embeddable":true,"href":"https:\/\/www.pzwnarew.pl\/index.php?rest_route=%2Fwp%2Fv2%2Ftags&post=521"}],"curies":[{"name":"wp","href":"https:\/\/api.w.org\/{rel}","templated":true}]}}