{"id":510,"date":"2005-02-07T23:03:57","date_gmt":"2005-02-07T22:03:57","guid":{"rendered":"http:\/\/www.ostroleka.com.pl\/pzw-narew38\/?p=510"},"modified":"2011-03-18T23:08:47","modified_gmt":"2011-03-18T22:08:47","slug":"zawody-podlodowe-luty-2005-2","status":"publish","type":"post","link":"https:\/\/www.pzwnarew.pl\/?p=510","title":{"rendered":"Zawody podlodowe &#8211; luty 2005"},"content":{"rendered":"<p><strong><a href=\"http:\/\/www.ostroleka.com.pl\/pzw-narew38\/wp-content\/uploads\/2011\/03\/podlodowe_2005_01.jpg\"><img loading=\"lazy\" decoding=\"async\" class=\"size-thumbnail wp-image-511 alignleft\" title=\"podlodowe_2005_01\" src=\"http:\/\/www.ostroleka.com.pl\/pzw-narew38\/wp-content\/uploads\/2011\/03\/podlodowe_2005_01-150x150.jpg\" alt=\"\" width=\"150\" height=\"150\" \/><\/a>7 luty 2005 r.<\/strong><br \/>\n<strong>Kilka mro\u017anych dni w Ostro\u0142\u0119ce sprawi\u0142o, \u017ce spe\u0142ni\u0142y si\u0119 w ko\u0144cu marzenia naszych w\u0119dkarzy podlodowych.<\/strong><\/p>\n<p>Przysz\u0142y oczekiwane od dw\u00f3ch miesi\u0119cy mrozy i sku\u0142y lodem jeziora. Jako jedni z pierwszych w\u0119dkarze ko\u0142a miejskiego PZW &#8222;Narew&#8221;o godz 4.30 w niedziel\u0119 rano wyruszyli na podlodowy \u0142\u00f3w. Pogoda przesz\u0142a naj\u015bmielsze oczekiwania, pomimo tego, \u017ce rano by\u0142o -16\u00b0 C w po\u0142udnie na jeziorze Brajnickim by\u0142o tylko &#8211; 1\u00b0 mrozu i przy pe\u0142nym s\u0142o\u0144cu w\u0119dkarze opalali twarze.<!--more--><\/p>\n<p><a href=\"http:\/\/www.ostroleka.com.pl\/pzw-narew38\/wp-content\/uploads\/2011\/03\/podlodowe_2005_02.jpg\"><img loading=\"lazy\" decoding=\"async\" class=\"alignleft size-thumbnail wp-image-515\" title=\"podlodowe_2005_02\" src=\"http:\/\/www.ostroleka.com.pl\/pzw-narew38\/wp-content\/uploads\/2011\/03\/podlodowe_2005_02-150x150.jpg\" alt=\"\" width=\"150\" height=\"150\" \/><\/a>Frekwencja dopisa\u0142a i organizatorzy byli zadowoleni cho\u0107 mieli pe\u0142ne r\u0119ce roboty.<br \/>\nW czasie tej wycieczki w\u0119dkarskiej rozegrano mistrzostwa podlodowe ko\u0142a &#8222;Narew&#8221;. W mistrzostwa og\u00f3\u0142em wzi\u0119\u0142o udzia\u0142 21 w\u0119dkarzy.<br \/>\nZawody rozpocz\u0119\u0142y si\u0119 przy temperaturze &#8211; 12\u00b0 C, ale pomimo zimna ryba bra\u0142a lepiej ni\u017c w turze drugiej kt\u00f3ra sko\u0144czy\u0142a si\u0119 w cieple lutowego s\u0142o\u0144ca. Du\u017ca grupa w\u0119dkarzy kt\u00f3rzy nie brali udzia\u0142u w zawodach \u015bmia\u0142o w\u0119dkowa\u0142o na ca\u0142ej powierzchni jeziora Brajnickiego z lepszymi wynikami od zawodnik\u00f3w zmuszonych do w\u0119dkowania przepisami w ma\u0142ym prostok\u0105cie wyznaczonym na lodzie.<\/p>\n<p>Wyniki mistrzostw podlodowych:<br \/>\nKat. senior\u00f3w<br \/>\nMistrz: Zbigniew Lis &#8211; 2620 pkt.<br \/>\nWicemistrz: Andrzej Luchci\u0144ski &#8211; 1500 pkt.<br \/>\nIII m-ce: Mateusz Baku\u0142a &#8211; 1135 pkt.<br \/>\nIV m-ce: Artur Zajkowski &#8211; 585 pkt<br \/>\nV m-ce: Jacek Paurowicz &#8211; 605 pkt<\/p>\n<p>Kat. Junior\u00f3w<br \/>\nMistrz: Mateusz Psket &#8211; 465 pkt<br \/>\nWicemistrz: Cichowicz Pawe\u0142 &#8211; 430 pkt<br \/>\nIII m-ce: Pawe\u0142 Czarnecki &#8211; 380 pkt<\/p>\n<p><a href=\"http:\/\/www.ostroleka.com.pl\/pzw-narew38\/wp-content\/uploads\/2011\/03\/podlodowe_2005_03.jpg\"><img loading=\"lazy\" decoding=\"async\" class=\"alignleft size-thumbnail wp-image-516\" title=\"podlodowe_2005_03\" src=\"http:\/\/www.ostroleka.com.pl\/pzw-narew38\/wp-content\/uploads\/2011\/03\/podlodowe_2005_03-150x150.jpg\" alt=\"\" width=\"150\" height=\"150\" \/><\/a><a href=\"http:\/\/www.ostroleka.com.pl\/pzw-narew38\/wp-content\/uploads\/2011\/03\/podlodowe_2005_04.jpg\"><img loading=\"lazy\" decoding=\"async\" class=\"alignright size-thumbnail wp-image-517\" title=\"podlodowe_2005_04\" src=\"http:\/\/www.ostroleka.com.pl\/pzw-narew38\/wp-content\/uploads\/2011\/03\/podlodowe_2005_04-150x150.jpg\" alt=\"\" width=\"150\" height=\"150\" \/><\/a>Po wr\u0119czeniu dyplom\u00f3w oczywi\u015bcie gor\u0105cy posi\u0142ek i rozmowy przy ognisku z gdybaniem co by by\u0142o, gdyby kto\u015b z\u0142owi\u0142 jedn\u0105 ryb\u0119 wi\u0119cej.<br \/>\nZach\u0119ceni sukcesem w\u0119dkarze postanowili za dwa tygodnie (20 lutego) uda\u0107 si\u0119 do &#8222;mekki&#8221; w\u0119dkarstwa podlodowego, czyli na jezioro \u015aniardwy.<\/p>\n<p>Wi\u0119cej zdj\u0119\u0107 z zawod\u00f3w <a href=\"http:\/\/www.ostroleka.com.pl\/gallery_pzw\/thumbnails.php?album=11\" target=\"_blank\">w galerii PZW &#8222;Narew&#8221; &gt;&gt;<\/a><\/p>\n<p style=\"text-align: right;\">Z w\u0119dkarskim pozdrowieniem<br \/>\nAndrzej Raszkiewicz<\/p>\n","protected":false},"excerpt":{"rendered":"<p>7 luty 2005 r. Kilka mro\u017anych dni w Ostro\u0142\u0119ce sprawi\u0142o, \u017ce spe\u0142ni\u0142y si\u0119 w ko\u0144cu marzenia naszych w\u0119dkarzy podlodowych. Przysz\u0142y oczekiwane od dw\u00f3ch miesi\u0119cy mrozy i sku\u0142y lodem jeziora. Jako jedni z pierwszych w\u0119dkarze ko\u0142a miejskiego PZW &#8222;Narew&#8221;o godz 4.30 w niedziel\u0119 rano wyruszyli na podlodowy \u0142\u00f3w. Pogoda przesz\u0142a naj\u015bmielsze oczekiwania, pomimo tego, \u017ce rano by\u0142o -16\u00b0 C w po\u0142udnie na jeziorze Brajnickim by\u0142o tylko &#8211; 1\u00b0 mrozu i przy pe\u0142nym s\u0142o\u0144cu w\u0119dkarze opalali twarze.<\/p>\n","protected":false},"author":1,"featured_media":0,"comment_status":"closed","ping_status":"closed","sticky":false,"template":"","format":"standard","meta":{"footnotes":""},"categories":[20,17],"tags":[],"class_list":["post-510","post","type-post","status-publish","format-standard","hentry","category-newsy","category-imprezy"],"_links":{"self":[{"href":"https:\/\/www.pzwnarew.pl\/index.php?rest_route=\/wp\/v2\/posts\/510","targetHints":{"allow":["GET"]}}],"collection":[{"href":"https:\/\/www.pzwnarew.pl\/index.php?rest_route=\/wp\/v2\/posts"}],"about":[{"href":"https:\/\/www.pzwnarew.pl\/index.php?rest_route=\/wp\/v2\/types\/post"}],"author":[{"embeddable":true,"href":"https:\/\/www.pzwnarew.pl\/index.php?rest_route=\/wp\/v2\/users\/1"}],"replies":[{"embeddable":true,"href":"https:\/\/www.pzwnarew.pl\/index.php?rest_route=%2Fwp%2Fv2%2Fcomments&post=510"}],"version-history":[{"count":5,"href":"https:\/\/www.pzwnarew.pl\/index.php?rest_route=\/wp\/v2\/posts\/510\/revisions"}],"predecessor-version":[{"id":514,"href":"https:\/\/www.pzwnarew.pl\/index.php?rest_route=\/wp\/v2\/posts\/510\/revisions\/514"}],"wp:attachment":[{"href":"https:\/\/www.pzwnarew.pl\/index.php?rest_route=%2Fwp%2Fv2%2Fmedia&parent=510"}],"wp:term":[{"taxonomy":"category","embeddable":true,"href":"https:\/\/www.pzwnarew.pl\/index.php?rest_route=%2Fwp%2Fv2%2Fcategories&post=510"},{"taxonomy":"post_tag","embeddable":true,"href":"https:\/\/www.pzwnarew.pl\/index.php?rest_route=%2Fwp%2Fv2%2Ftags&post=510"}],"curies":[{"name":"wp","href":"https:\/\/api.w.org\/{rel}","templated":true}]}}