{"id":5002,"date":"2013-01-18T00:41:48","date_gmt":"2013-01-17T23:41:48","guid":{"rendered":"http:\/\/www.ostroleka.com.pl\/pzw-narew38\/?p=5002"},"modified":"2015-03-13T22:00:22","modified_gmt":"2015-03-13T21:00:22","slug":"5002","status":"publish","type":"post","link":"https:\/\/www.pzwnarew.pl\/?p=5002","title":{"rendered":""},"content":{"rendered":"<p><a href=\"http:\/\/www.ostroleka.com.pl\/pzw-narew38\/wp-content\/uploads\/2013\/01\/hydraulikkk.jpg\"><img loading=\"lazy\" decoding=\"async\" class=\"aligncenter wp-image-5521 size-full\" src=\"http:\/\/www.pzwnarew.pl\/wp-content\/uploads\/2013\/01\/hydraulikkk.jpg\" alt=\"hydraulikkk\" width=\"759\" height=\"293\" srcset=\"https:\/\/www.pzwnarew.pl\/wp-content\/uploads\/2013\/01\/hydraulikkk.jpg 759w, https:\/\/www.pzwnarew.pl\/wp-content\/uploads\/2013\/01\/hydraulikkk-300x115.jpg 300w\" sizes=\"auto, (max-width: 759px) 100vw, 759px\" \/><\/a><\/p>\n<p><strong>Zarz\u0105d Ko\u0142a \u201eNarew\u201d w Ostro\u0142\u0119ce og\u0142asza coroczny konkurs dla swoich cz\u0142onk\u00f3w pod nazw\u0105 \u201eOkazy w\u0119dkarskie\u201d.<\/strong><\/p>\n<p>W\u00a0 bie\u017c\u0105cym roku czas trwania konkursu:<br \/>\n<span style=\"text-decoration: underline;\">od 1 stycznia do 30 listopada 2014 r.<\/span><\/p>\n<p>Przedmiotem konkursu s\u0105 najwi\u0119ksze okazy z\u0142owionych ryb we wszystkich gatunkach dozwolonych do po\u0142owu zgodnie z regulaminem amatorskiego po\u0142owu ryb, z zachowaniem okres\u00f3w i wymiar\u00f3w ochronnych.<br \/>\nRyby stanowi\u0105ce przedmiot zg\u0142oszenia w konkursie powinny by\u0107 sfotografowane lub uwiecznione na innych no\u015bnikach.<\/p>\n<p>Regulamin konkursy:<\/p>\n<p>1. Ryby z\u0142owione musz\u0105 by\u0107 na wodach PZW z wy\u0142\u0105czeniem \u0142owisk komercyjnych.<\/p>\n<p>2. Przy fotografowaniu ryb nale\u017cy zachowa\u0107 zasad\u0119 aby z\u0142owiony okaz by\u0142 pierwszoplanow\u0105 postaci\u0105, w\u0119dkarz (autor wyczynu) powinien by\u0107 widoczny na drugim planie.<\/p>\n<p>3. Przy zg\u0142oszeniu ryby nale\u017cy poda\u0107 \u015bwiadk\u00f3w po\u0142owu je\u017celi tacy byli.<\/p>\n<p>4. Ryb\u0119 nale\u017cy zmierzy\u0107 od tzw. czubka pyska do ko\u0144ca najd\u0142u\u017cszego promienia p\u0142etwy ogonowej (zdj\u0119cie z miar\u0105)<\/p>\n<p>5. Poda\u0107 imi\u0119, nazwisko \u0142owcy, \u00a0gatunek ryby oraz czas i miejsce gdzie zosta\u0142a z\u0142owiona.<\/p>\n<p>6. Ryba po zrobieniu zdj\u0119cia musi trafi\u0107 do swojego \u0142owiska (konieczne zdj\u0119cie lub film z wypuszczenia okazu)<\/p>\n<p>7. Bior\u0105c udzia\u0142 w naszym konkursie trzeba by\u0107 cz\u0142onkiem naszego ko\u0142a Narew 38 (wykupione znaki na 2014 rok w naszym kole w\u0119dkarskim)<\/p>\n<p>WA\u017bNE !!! Regulamin posiada 7 podpunkt\u00f3w, z\u0142amanie przynajmniej jednego z nich dyskwalifikuje w\u0119dkarza z konkursu.<\/p>\n<p>Z konkursu wy\u0142\u0105czone s\u0105 nast\u0119puj\u0105ce gatunki ryb: Ukleja, Jazgarz, Kie\u0142b i Kr\u0105p<\/p>\n<hr size=\"3\" \/>\n<p style=\"text-align: center;\"><a href=\"http:\/\/www.pzwnarew.pl\/wp-content\/uploads\/2012\/04\/dylewski.jpg\"><img loading=\"lazy\" decoding=\"async\" class=\"aligncenter wp-image-4965\" src=\"http:\/\/www.pzwnarew.pl\/wp-content\/uploads\/2012\/04\/dylewski.jpg\" alt=\"\" width=\"504\" height=\"301\" srcset=\"https:\/\/www.pzwnarew.pl\/wp-content\/uploads\/2012\/04\/dylewski.jpg 720w, https:\/\/www.pzwnarew.pl\/wp-content\/uploads\/2012\/04\/dylewski-300x179.jpg 300w\" sizes=\"auto, (max-width: 504px) 100vw, 504px\" \/><\/a><\/p>\n<p>&nbsp;<\/p>\n<p style=\"text-align: center;\"><strong>Dariusz Dylewski<\/strong><\/p>\n<p style=\"text-align: center;\">Z\u0142owi\u0142 w dniu 4 stycznia\u00a0oko\u0142o godziny 11 w Drw\u0119cy w okolicach Nowej Wsi ko\u0142o Lubicza Dolnego Pstr\u0105ga T\u0119czowego 60 cm, nie wa\u017cony,\u00a0na obrot\u00f3wk\u0119 Ular Long 15 g z czerwonym skrzyde\u0142kiem. Branie przy dnie z po\u0142owy rzeki.<\/p>\n<p style=\"text-align: center;\">Ze wzgl\u0119du na brak zdj\u0119cia z miarka oraz zdj\u0119cia lub filmu z wypuszczenia okazu. Pstr\u0105g nie bierze udzia\u0142u w konkursie.<\/p>\n<p style=\"text-align: center;\">Nasze gratulacje !!!<\/p>\n<hr size=\"3\" \/>\n<p><a href=\"http:\/\/www.pzwnarew.pl\/wp-content\/uploads\/2013\/01\/20140711_090439.jpg\"><img loading=\"lazy\" decoding=\"async\" class=\"alignleft wp-image-5454\" src=\"http:\/\/www.pzwnarew.pl\/wp-content\/uploads\/2013\/01\/20140711_090439.jpg\" alt=\"\" width=\"384\" height=\"288\" srcset=\"https:\/\/www.pzwnarew.pl\/wp-content\/uploads\/2013\/01\/20140711_090439.jpg 3264w, https:\/\/www.pzwnarew.pl\/wp-content\/uploads\/2013\/01\/20140711_090439-300x225.jpg 300w, https:\/\/www.pzwnarew.pl\/wp-content\/uploads\/2013\/01\/20140711_090439-1024x768.jpg 1024w\" sizes=\"auto, (max-width: 384px) 100vw, 384px\" \/><\/a><\/p>\n<p><a href=\"http:\/\/www.pzwnarew.pl\/wp-content\/uploads\/2013\/01\/20140711_090918.jpg\"><img loading=\"lazy\" decoding=\"async\" class=\"alignright wp-image-5455\" src=\"http:\/\/www.pzwnarew.pl\/wp-content\/uploads\/2013\/01\/20140711_090918.jpg\" alt=\"\" width=\"225\" height=\"169\" srcset=\"https:\/\/www.pzwnarew.pl\/wp-content\/uploads\/2013\/01\/20140711_090918.jpg 3264w, https:\/\/www.pzwnarew.pl\/wp-content\/uploads\/2013\/01\/20140711_090918-300x225.jpg 300w, https:\/\/www.pzwnarew.pl\/wp-content\/uploads\/2013\/01\/20140711_090918-1024x768.jpg 1024w\" sizes=\"auto, (max-width: 225px) 100vw, 225px\" \/><\/a><\/p>\n<p>&nbsp;<\/p>\n<p>&nbsp;<\/p>\n<p>&nbsp;<\/p>\n<p>&nbsp;<\/p>\n<p style=\"text-align: left;\"><strong>\u00a0\u00a0\u00a0\u00a0\u00a0\u00a0\u00a0\u00a0\u00a0\u00a0\u00a0\u00a0\u00a0\u00a0\u00a0\u00a0\u00a0\u00a0\u00a0\u00a0\u00a0\u00a0\u00a0\u00a0\u00a0\u00a0 <\/strong><\/p>\n<p style=\"text-align: left;\"><strong>\u00a0\u00a0\u00a0\u00a0\u00a0\u00a0\u00a0\u00a0\u00a0\u00a0\u00a0\u00a0\u00a0<\/strong><\/p>\n<p style=\"text-align: left;\"><strong>\u00a0\u00a0\u00a0\u00a0\u00a0\u00a0\u00a0\u00a0\u00a0\u00a0\u00a0\u00a0\u00a0\u00a0\u00a0\u00a0\u00a0\u00a0\u00a0\u00a0\u00a0\u00a0\u00a0\u00a0<\/strong><\/p>\n<p style=\"text-align: left;\"><strong>\u00a0\u00a0\u00a0\u00a0\u00a0\u00a0 Mucha Pawe\u0142\u00a0\u00a0\u00a0\u00a0\u00a0\u00a0\u00a0\u00a0\u00a0\u00a0<\/strong><\/p>\n<p style=\"text-align: left;\"><strong>\u00a0<\/strong>Z\u0142owi\u0142 w dniu 11 lipca oko\u0142o godziny 1o na zalewie w Wykrocie Karpia 56 cm (4,45 kg) na kanapk\u0119 z pinek i kukurydzy. Ryba po zmierzeniu i zwa\u017ceniu trafi\u0142a z powrotem do swojego \u0142owiska. Zapraszamy do obejrzenia nagrania:\u00a0 <span style=\"color: #ff0000;\"><strong><a href=\"http:\/\/www.ostroleka.com.pl\/pzw-narew38\/wp-content\/uploads\/2013\/01\/20140711_091655.avi\"><span style=\"color: #ff0000;\">Patrz film z wypuszczenia karpia<\/span><\/a><\/strong><\/span><\/p>\n<p style=\"text-align: center;\">Nasze gratulacje !!!<\/p>\n<hr size=\"3\" \/>\n<p style=\"text-align: center;\">\u00a0<a href=\"http:\/\/www.pzwnarew.pl\/wp-content\/uploads\/2013\/01\/WP_001818.jpg\"><img loading=\"lazy\" decoding=\"async\" class=\"aligncenter wp-image-5465\" src=\"http:\/\/www.pzwnarew.pl\/wp-content\/uploads\/2013\/01\/WP_001818.jpg\" alt=\"\" width=\"317\" height=\"423\" srcset=\"https:\/\/www.pzwnarew.pl\/wp-content\/uploads\/2013\/01\/WP_001818.jpg 2448w, https:\/\/www.pzwnarew.pl\/wp-content\/uploads\/2013\/01\/WP_001818-225x300.jpg 225w, https:\/\/www.pzwnarew.pl\/wp-content\/uploads\/2013\/01\/WP_001818-768x1024.jpg 768w\" sizes=\"auto, (max-width: 317px) 100vw, 317px\" \/><\/a><\/p>\n<p>\u00a0\u00a0\u00a0\u00a0\u00a0\u00a0\u00a0\u00a0\u00a0\u00a0\u00a0\u00a0\u00a0\u00a0\u00a0\u00a0\u00a0\u00a0\u00a0\u00a0\u00a0\u00a0\u00a0\u00a0\u00a0\u00a0\u00a0\u00a0\u00a0\u00a0\u00a0\u00a0\u00a0\u00a0\u00a0\u00a0\u00a0\u00a0\u00a0\u00a0\u00a0\u00a0\u00a0\u00a0\u00a0\u00a0\u00a0\u00a0\u00a0\u00a0\u00a0\u00a0\u00a0\u00a0\u00a0\u00a0\u00a0\u00a0\u00a0\u00a0\u00a0\u00a0\u00a0\u00a0\u00a0\u00a0\u00a0 <strong>MAREK TOMASZEWSKI<\/strong><\/p>\n<p>Z\u0142owi\u0142 w dniu 9 lipca oko\u0142o godziny 9 rano na Narwi w okolicach Kamianki, Suma 110 cm (8kg)<\/p>\n<p>Ze wzgl\u0119du na brak zdj\u0119cia z miarka oraz zdj\u0119cia lub filmu z wypuszczenia okazu. Sum nie bierze udzia\u0142u w konkursie.<\/p>\n<p style=\"text-align: center;\">Nasze gratulacje !!!<\/p>\n<p><a href=\"http:\/\/www.ostroleka.com.pl\/pzw-narew38\/wp-content\/uploads\/2013\/01\/unnamed.jpg\"><img loading=\"lazy\" decoding=\"async\" class=\"alignleft wp-image-5504 size-medium\" src=\"http:\/\/www.pzwnarew.pl\/wp-content\/uploads\/2013\/01\/unnamed-300x225.jpg\" alt=\"unnamed\" width=\"300\" height=\"225\" srcset=\"https:\/\/www.pzwnarew.pl\/wp-content\/uploads\/2013\/01\/unnamed-300x225.jpg 300w, https:\/\/www.pzwnarew.pl\/wp-content\/uploads\/2013\/01\/unnamed.jpg 681w\" sizes=\"auto, (max-width: 300px) 100vw, 300px\" \/><\/a><strong><a href=\"http:\/\/www.pzwnarew.pl\/wp-content\/uploads\/2013\/01\/unnamedd.jpg\"><img loading=\"lazy\" decoding=\"async\" class=\"alignright wp-image-5505\" src=\"http:\/\/www.pzwnarew.pl\/wp-content\/uploads\/2013\/01\/unnamedd.jpg\" alt=\"\" width=\"210\" height=\"118\" srcset=\"https:\/\/www.pzwnarew.pl\/wp-content\/uploads\/2013\/01\/unnamedd.jpg 908w, https:\/\/www.pzwnarew.pl\/wp-content\/uploads\/2013\/01\/unnamedd-300x168.jpg 300w\" sizes=\"auto, (max-width: 210px) 100vw, 210px\" \/><\/a><\/strong><\/p>\n<p>&nbsp;<\/p>\n<p>&nbsp;<\/p>\n<p>&nbsp;<\/p>\n<p>&nbsp;<\/p>\n<p>&nbsp;<\/p>\n<p>&nbsp;<\/p>\n<p>&nbsp;<\/p>\n<p style=\"text-align: center;\"><strong>Piotr Mucha<\/strong><\/p>\n<p>Z\u0142owi\u0142 w dniu 15 sierpnia 2014 roku na starorzeczu Narwi w okolicach Ostro\u0142\u0119ka, Szczupaka 66 cm kt\u00f3ry po\u0142akomi\u0142 si\u0119 na kopyto i da\u0142 si\u0119 wyholowa\u0107 do brzegu na szybk\u0105 sesje zdj\u0119ciow\u0105 po kt\u00f3rej zaraz wr\u00f3ci\u0142 do wody i oczywi\u015bcie nadal ro\u015bnie.<span style=\"color: #ff0000;\"> <a href=\"https:\/\/www.youtube.com\/watch?v=46lqvEd605I&amp;feature=youtu.be\"><span style=\"color: #ff0000;\"><strong>Patrz film z wypuszczenia szczupaka<\/strong><\/span><\/a><\/span><\/p>\n<p align=\"center\">Nasze gratulacje !!!<\/p>\n<p align=\"center\"><a href=\"http:\/\/www.ostroleka.com.pl\/pzw-narew38\/wp-content\/uploads\/2013\/01\/10708243_1475608966045507_1788884653_n.jpg\"><img loading=\"lazy\" decoding=\"async\" class=\"alignright wp-image-5542 size-medium\" src=\"http:\/\/www.pzwnarew.pl\/wp-content\/uploads\/2013\/01\/10708243_1475608966045507_1788884653_n-300x225.jpg\" alt=\"10708243_1475608966045507_1788884653_n\" width=\"300\" height=\"225\" srcset=\"https:\/\/www.pzwnarew.pl\/wp-content\/uploads\/2013\/01\/10708243_1475608966045507_1788884653_n-300x225.jpg 300w, https:\/\/www.pzwnarew.pl\/wp-content\/uploads\/2013\/01\/10708243_1475608966045507_1788884653_n.jpg 960w\" sizes=\"auto, (max-width: 300px) 100vw, 300px\" \/><\/a><a href=\"http:\/\/www.pzwnarew.pl\/wp-content\/uploads\/2013\/01\/10446372_1475608232712247_126672952_n.jpg\"><img loading=\"lazy\" decoding=\"async\" class=\"alignleft wp-image-5543\" src=\"http:\/\/www.pzwnarew.pl\/wp-content\/uploads\/2013\/01\/10446372_1475608232712247_126672952_n.jpg\" alt=\"\" width=\"210\" height=\"158\" srcset=\"https:\/\/www.pzwnarew.pl\/wp-content\/uploads\/2013\/01\/10446372_1475608232712247_126672952_n.jpg 960w, https:\/\/www.pzwnarew.pl\/wp-content\/uploads\/2013\/01\/10446372_1475608232712247_126672952_n-300x225.jpg 300w\" sizes=\"auto, (max-width: 210px) 100vw, 210px\" \/><\/a><\/p>\n<p>&nbsp;<\/p>\n<p>&nbsp;<\/p>\n<p style=\"text-align: center;\"><strong>Grzegorz Kuszneruk<\/strong><\/p>\n<p>Z\u0142owi\u0142 w dniu 21 wrze\u015bnia 2014 roku na\u00a0 Narwi w Ostro\u0142\u0119ka, Bolenia 68 cm kt\u00f3ry po\u0142akomi\u0142 si\u0119 na kopyto i da\u0142 si\u0119 wyholowa\u0107 do brzegu na szybk\u0105 sesje zdj\u0119ciow\u0105 po kt\u00f3rej zaraz wr\u00f3ci\u0142 do wody i oczywi\u015bcie nadal ro\u015bnie.<\/p>\n<p style=\"text-align: center;\">\u00a0 \u00a0 \u00a0 \u00a0 \u00a0 \u00a0 \u00a0<a href=\"http:\/\/www.ostroleka.com.pl\/pzw-narew38\/wp-content\/uploads\/2013\/01\/SAM_2168_cut.mp4\">Patrz film z wypuszczenia<\/a><\/p>\n<p align=\"center\">Nasze gratulacje !!!<\/p>\n<hr size=\"3\" \/>\n<p><a href=\"http:\/\/www.ostroleka.com.pl\/pzw-narew38\/wp-content\/uploads\/2013\/01\/1999.jpg\"><img loading=\"lazy\" decoding=\"async\" class=\"aligncenter wp-image-5591 size-medium\" src=\"http:\/\/www.pzwnarew.pl\/wp-content\/uploads\/2013\/01\/1999-300x225.jpg\" alt=\"1999\" width=\"300\" height=\"225\" srcset=\"https:\/\/www.pzwnarew.pl\/wp-content\/uploads\/2013\/01\/1999-300x225.jpg 300w, https:\/\/www.pzwnarew.pl\/wp-content\/uploads\/2013\/01\/1999-1024x768.jpg 1024w\" sizes=\"auto, (max-width: 300px) 100vw, 300px\" \/><\/a><\/p>\n<p style=\"text-align: center;\">\u00a0<strong>Zbigniew Lis<br \/>\n<\/strong><\/p>\n<p style=\"text-align: center;\">Z\u0142owi\u0142 w dniu 6 pa\u017adziernika oko\u0142o godziny 17 na rzece Narew metod\u0105 spinningowa na gnoma 1 Suma 74 cm.<\/p>\n<p style=\"text-align: center;\">Po sesji zdj\u0119ciowej wr\u00f3ci\u0142 do wody.<\/p>\n<p style=\"text-align: center;\"><a href=\"http:\/\/www.ostroleka.com.pl\/pzw-narew38\/wp-content\/uploads\/2014\/10\/2001.mp4\">Wypuszczenie suma<\/a><\/p>\n<p style=\"text-align: center;\">\u00a0Nasze gratulacje !!!<\/p>\n<hr size=\"3\" \/>\n<p style=\"text-align: center;\">\u00a0<a href=\"http:\/\/www.ostroleka.com.pl\/pzw-narew38\/wp-content\/uploads\/2013\/01\/10719070_1484293655177038_1517405163_n.jpg\"><img loading=\"lazy\" decoding=\"async\" class=\"aligncenter wp-image-5593 size-medium\" src=\"http:\/\/www.pzwnarew.pl\/wp-content\/uploads\/2013\/01\/10719070_1484293655177038_1517405163_n-300x225.jpg\" alt=\"10719070_1484293655177038_1517405163_n\" width=\"300\" height=\"225\" srcset=\"https:\/\/www.pzwnarew.pl\/wp-content\/uploads\/2013\/01\/10719070_1484293655177038_1517405163_n-300x225.jpg 300w, https:\/\/www.pzwnarew.pl\/wp-content\/uploads\/2013\/01\/10719070_1484293655177038_1517405163_n.jpg 960w\" sizes=\"auto, (max-width: 300px) 100vw, 300px\" \/><\/a><strong>Robert Gwiazdowski<br \/>\n<\/strong><\/p>\n<p style=\"text-align: center;\">Z\u0142owi\u0142 w dniu 11 pa\u017adziernika oko\u0142o godziny 8 rano na rzece Narew metod\u0105 spinningowa\u00a0 Suma 87 cm.<\/p>\n<p style=\"text-align: center;\">Po sesji zdj\u0119ciowej wr\u00f3ci\u0142 do wody.<\/p>\n<p style=\"text-align: center;\"><a href=\"http:\/\/www.ostroleka.com.pl\/pzw-narew38\/wp-content\/uploads\/2013\/01\/SAM_2474.mp4\">Wypuszczenie suma 87 cm<\/a><\/p>\n<p style=\"text-align: center;\">\u00a0Nasze gratulacje !!!<\/p>\n<p style=\"text-align: center;\"><img loading=\"lazy\" decoding=\"async\" class=\"aligncenter size-medium wp-image-5675\" src=\"http:\/\/www.pzwnarew.pl\/wp-content\/uploads\/2013\/01\/okon-224x300.jpg\" alt=\"okon\" width=\"224\" height=\"300\" srcset=\"https:\/\/www.pzwnarew.pl\/wp-content\/uploads\/2013\/01\/okon-224x300.jpg 224w, https:\/\/www.pzwnarew.pl\/wp-content\/uploads\/2013\/01\/okon.jpg 383w\" sizes=\"auto, (max-width: 224px) 100vw, 224px\" \/><\/p>\n<p style=\"text-align: center;\"><strong>Piotr Mucha<br \/>\n<\/strong><\/p>\n<p style=\"text-align: center;\">Z\u0142owi\u0142 w dniu 6 sierpnia na starorzeczu Narwi metod\u0105 spinningowa\u00a0 okonia 31 cm.<\/p>\n<p style=\"text-align: center;\">Po sesji zdj\u0119ciowej wr\u00f3ci\u0142 do wody.<\/p>\n<p style=\"text-align: center;\"><a href=\"https:\/\/www.youtube.com\/watch?v=DFucmbsmkgk\">Wypuszczenie okonia<\/a><\/p>\n<p style=\"text-align: center;\">\u00a0Nasze gratulacje !!!<\/p>\n","protected":false},"excerpt":{"rendered":"<p>Zarz\u0105d Ko\u0142a \u201eNarew\u201d w Ostro\u0142\u0119ce og\u0142asza coroczny konkurs dla swoich cz\u0142onk\u00f3w pod nazw\u0105 \u201eOkazy w\u0119dkarskie\u201d. W\u00a0 bie\u017c\u0105cym roku czas trwania konkursu: od 1 stycznia do 30 listopada 2014 r. Przedmiotem konkursu s\u0105 najwi\u0119ksze okazy z\u0142owionych ryb we wszystkich gatunkach dozwolonych do po\u0142owu zgodnie z regulaminem amatorskiego po\u0142owu ryb, z zachowaniem okres\u00f3w i wymiar\u00f3w ochronnych. Ryby stanowi\u0105ce przedmiot zg\u0142oszenia w konkursie powinny by\u0107 sfotografowane lub uwiecznione na innych no\u015bnikach. Regulamin konkursy: 1. Ryby z\u0142owione musz\u0105 by\u0107 na wodach PZW z wy\u0142\u0105czeniem&#8230;<\/p>\n<p class=\"read-more\"><a class=\"btn btn-default\" href=\"https:\/\/www.pzwnarew.pl\/?p=5002\"> Read More<span class=\"screen-reader-text\">  Read More<\/span><\/a><\/p>\n","protected":false},"author":2,"featured_media":0,"comment_status":"open","ping_status":"closed","sticky":false,"template":"","format":"standard","meta":{"footnotes":""},"categories":[50],"tags":[],"class_list":["post-5002","post","type-post","status-publish","format-standard","hentry","category-okazy_2014"],"_links":{"self":[{"href":"https:\/\/www.pzwnarew.pl\/index.php?rest_route=\/wp\/v2\/posts\/5002","targetHints":{"allow":["GET"]}}],"collection":[{"href":"https:\/\/www.pzwnarew.pl\/index.php?rest_route=\/wp\/v2\/posts"}],"about":[{"href":"https:\/\/www.pzwnarew.pl\/index.php?rest_route=\/wp\/v2\/types\/post"}],"author":[{"embeddable":true,"href":"https:\/\/www.pzwnarew.pl\/index.php?rest_route=\/wp\/v2\/users\/2"}],"replies":[{"embeddable":true,"href":"https:\/\/www.pzwnarew.pl\/index.php?rest_route=%2Fwp%2Fv2%2Fcomments&post=5002"}],"version-history":[{"count":39,"href":"https:\/\/www.pzwnarew.pl\/index.php?rest_route=\/wp\/v2\/posts\/5002\/revisions"}],"predecessor-version":[{"id":5939,"href":"https:\/\/www.pzwnarew.pl\/index.php?rest_route=\/wp\/v2\/posts\/5002\/revisions\/5939"}],"wp:attachment":[{"href":"https:\/\/www.pzwnarew.pl\/index.php?rest_route=%2Fwp%2Fv2%2Fmedia&parent=5002"}],"wp:term":[{"taxonomy":"category","embeddable":true,"href":"https:\/\/www.pzwnarew.pl\/index.php?rest_route=%2Fwp%2Fv2%2Fcategories&post=5002"},{"taxonomy":"post_tag","embeddable":true,"href":"https:\/\/www.pzwnarew.pl\/index.php?rest_route=%2Fwp%2Fv2%2Ftags&post=5002"}],"curies":[{"name":"wp","href":"https:\/\/api.w.org\/{rel}","templated":true}]}}