{"id":4933,"date":"2013-12-20T23:25:00","date_gmt":"2013-12-20T22:25:00","guid":{"rendered":"http:\/\/www.ostroleka.com.pl\/pzw-narew38\/?p=4933"},"modified":"2015-03-13T21:55:18","modified_gmt":"2015-03-13T20:55:18","slug":"spotkanie-wigilijne-2013","status":"publish","type":"post","link":"https:\/\/www.pzwnarew.pl\/?p=4933","title":{"rendered":"Spotkanie wigilijne 2013"},"content":{"rendered":"<p>Karp, \u0141oso\u015b, Barszcz czerwony, pierogi, czeka\u0142y na w\u0119dkarzy w ramach spotkania wigilijnego organizowanego przez <a href=\"http:\/\/www.ostroleka.com.pl\/pzw-narew38\/wp-content\/uploads\/2013\/12\/IMG_0032.jpg\"><img loading=\"lazy\" decoding=\"async\" class=\"alignright wp-image-4934 size-thumbnail\" src=\"http:\/\/www.pzwnarew.pl\/wp-content\/uploads\/2013\/12\/IMG_0032-150x150.jpg\" alt=\"IMG_0032\" width=\"150\" height=\"150\" \/><\/a>nasze ko\u0142o w\u0119dkarskie Narew w dniu 20 grudnia 2013.<\/p>\n<p>Mimo braku bia\u0142ego puchu atmosfera by\u0142a \u015bwi\u0105teczna.<\/p>\n<p>Wigili\u0119 rozpocz\u0105\u0142 <span style=\"color: #000000; font-family: Arial;\">\u00a0<\/span>Andrzej Raszkiewicz serdecznie witaj\u0105c przyby\u0142ych go\u015bci. Prezes wszystkim w\u0119dkarzom oraz zaproszonym go\u015bciom z\u0142o\u017cy\u0142 gor\u0105ce \u017cyczenia bo\u017conarodzeniowe.\u00a0\u00a0\u00a0\u00a0\u00a0\u00a0\u00a0\u00a0\u00a0\u00a0\u00a0\u00a0\u00a0\u00a0\u00a0\u00a0\u00a0\u00a0\u00a0\u00a0\u00a0\u00a0\u00a0\u00a0\u00a0\u00a0\u00a0\u00a0<!--more--><\/p>\n<p>Jak na wigilijny czas przysta\u0142o w\u0119dkarze mieli mo\u017cliwo\u015b\u0107 wsp\u00f3lnego po\u0142amania si\u0119 op\u0142atkiem, skosztowania karpia oraz barszczu, przygotowanych w restauracji \u201eLuna nad Narwi\u0105\u201d.<\/p>\n<p>Spotkanie by\u0142o okazj\u0105 do wr\u0119czenia statuetek w\u0119dkarzom, kt\u00f3rzy wzi\u0119li udzia\u0142 w konkursie \u201eOkazy w\u0119dkarskie 2013&#8243;<\/p>\n<p>Laureatami Konkursu Okazy 2013 zostali:<\/p>\n<ol>\n<li><span style=\"color: #292929;\"><span style=\"font-family: Arial;\">1.<\/span>\u00a0\u00a0\u00a0 <\/span>\u00a0\u00a0\u00a0\u00a0\u00a0 Patryk Szyszka \u2013 Oko\u0144 50 cm<\/li>\n<li><span style=\"color: #292929;\"><span style=\"font-family: Arial;\">2.<\/span>\u00a0\u00a0\u00a0 <\/span>\u00a0\u00a0\u00a0\u00a0\u00a0 Robert Gwiazdowski \u2013 Leszcz 54 cm<\/li>\n<li><span style=\"color: #292929;\"><span style=\"font-family: Arial;\">3.<\/span>\u00a0\u00a0\u00a0 <\/span>\u00a0\u00a0\u00a0\u00a0\u00a0 Piotr Mucha \u2013 W\u0119gorz 65 cm<\/li>\n<li><span style=\"color: #292929;\"><span style=\"font-family: Arial;\">4.<\/span>\u00a0\u00a0\u00a0 <\/span>\u00a0\u00a0\u00a0\u00a0\u00a0 Adam Szyszka \u2013 Kle\u0144 44 cm<\/li>\n<li><span style=\"color: #292929;\"><span style=\"font-family: Arial;\">5.<\/span>\u00a0\u00a0\u00a0 <\/span>\u00a0\u00a0\u00a0\u00a0\u00a0 Mateusz M\u0142ynarczyk \u2013 Leszcz 54 cm<\/li>\n<li><span style=\"color: #292929;\"><span style=\"font-family: Arial;\">6.<\/span>\u00a0\u00a0\u00a0 <\/span>\u00a0\u00a0\u00a0\u00a0\u00a0 Mariola Pysk\u0142o \u2013 Lin 46 cm<\/li>\n<li><span style=\"color: #292929;\"><span style=\"font-family: Arial;\">7.<\/span>\u00a0\u00a0\u00a0 <\/span>\u00a0\u00a0\u00a0\u00a0\u00a0 \u0141ukasz Garbulewski- Szczupak 84 cm<\/li>\n<li><span style=\"color: #292929;\"><span style=\"font-family: Arial;\">8.<\/span>\u00a0\u00a0\u00a0 <\/span>\u00a0\u00a0\u00a0\u00a0\u00a0 Tomasz Perzanowski<span style=\"color: #292929; font-family: Arial;\"> &#8211;<\/span>\u00a0sandacza 72 cm<\/li>\n<\/ol>\n<p>Kolega \u0141ukasz Romanik<span style=\"color: #292929; font-family: Arial;\">\u00a0 <\/span>otrzyma\u0142 puchar za najlepszego sportowca 2013 roku.<\/p>\n<p>Najwi\u0119ksza niespodzianka by\u0142o wr\u0119czenie rze\u017abionych sztu\u0107c\u00f3w dla mistrz\u00f3w zaopatrzenia i gastronomi, zostali nimi Ryszard Rucki oraz Robert Gwiazdowski.<\/p>\n<p>&nbsp;<\/p>\n<p><a href=\"http:\/\/www.ostroleka.com.pl\/gallery_pzw\/thumbnails.php?album=136\"><img loading=\"lazy\" decoding=\"async\" class=\"aligncenter wp-image-4190 size-full\" src=\"http:\/\/www.pzwnarew.pl\/wp-content\/uploads\/2013\/04\/play-galeria.jpg\" alt=\"play galeria\" width=\"342\" height=\"213\" srcset=\"https:\/\/www.pzwnarew.pl\/wp-content\/uploads\/2013\/04\/play-galeria.jpg 342w, https:\/\/www.pzwnarew.pl\/wp-content\/uploads\/2013\/04\/play-galeria-300x186.jpg 300w\" sizes=\"auto, (max-width: 342px) 100vw, 342px\" \/><\/a><\/p>\n<p>&nbsp;<\/p>\n<p>&nbsp;<\/p>\n<p><span style=\"color: #000000;\">\u00a0<\/span><\/p>\n","protected":false},"excerpt":{"rendered":"<p>Karp, \u0141oso\u015b, Barszcz czerwony, pierogi, czeka\u0142y na w\u0119dkarzy w ramach spotkania wigilijnego organizowanego przez nasze ko\u0142o w\u0119dkarskie Narew w dniu 20 grudnia 2013. Mimo braku bia\u0142ego puchu atmosfera by\u0142a \u015bwi\u0105teczna. Wigili\u0119 rozpocz\u0105\u0142 \u00a0Andrzej Raszkiewicz serdecznie witaj\u0105c przyby\u0142ych go\u015bci. Prezes wszystkim w\u0119dkarzom oraz zaproszonym go\u015bciom z\u0142o\u017cy\u0142 gor\u0105ce \u017cyczenia bo\u017conarodzeniowe.\u00a0\u00a0\u00a0\u00a0\u00a0\u00a0\u00a0\u00a0\u00a0\u00a0\u00a0\u00a0\u00a0\u00a0\u00a0\u00a0\u00a0\u00a0\u00a0\u00a0\u00a0\u00a0\u00a0\u00a0\u00a0\u00a0\u00a0\u00a0<\/p>\n","protected":false},"author":2,"featured_media":0,"comment_status":"open","ping_status":"closed","sticky":false,"template":"","format":"standard","meta":{"footnotes":""},"categories":[20,17],"tags":[],"class_list":["post-4933","post","type-post","status-publish","format-standard","hentry","category-newsy","category-imprezy"],"_links":{"self":[{"href":"https:\/\/www.pzwnarew.pl\/index.php?rest_route=\/wp\/v2\/posts\/4933","targetHints":{"allow":["GET"]}}],"collection":[{"href":"https:\/\/www.pzwnarew.pl\/index.php?rest_route=\/wp\/v2\/posts"}],"about":[{"href":"https:\/\/www.pzwnarew.pl\/index.php?rest_route=\/wp\/v2\/types\/post"}],"author":[{"embeddable":true,"href":"https:\/\/www.pzwnarew.pl\/index.php?rest_route=\/wp\/v2\/users\/2"}],"replies":[{"embeddable":true,"href":"https:\/\/www.pzwnarew.pl\/index.php?rest_route=%2Fwp%2Fv2%2Fcomments&post=4933"}],"version-history":[{"count":7,"href":"https:\/\/www.pzwnarew.pl\/index.php?rest_route=\/wp\/v2\/posts\/4933\/revisions"}],"predecessor-version":[{"id":5935,"href":"https:\/\/www.pzwnarew.pl\/index.php?rest_route=\/wp\/v2\/posts\/4933\/revisions\/5935"}],"wp:attachment":[{"href":"https:\/\/www.pzwnarew.pl\/index.php?rest_route=%2Fwp%2Fv2%2Fmedia&parent=4933"}],"wp:term":[{"taxonomy":"category","embeddable":true,"href":"https:\/\/www.pzwnarew.pl\/index.php?rest_route=%2Fwp%2Fv2%2Fcategories&post=4933"},{"taxonomy":"post_tag","embeddable":true,"href":"https:\/\/www.pzwnarew.pl\/index.php?rest_route=%2Fwp%2Fv2%2Ftags&post=4933"}],"curies":[{"name":"wp","href":"https:\/\/api.w.org\/{rel}","templated":true}]}}