{"id":4795,"date":"2013-10-02T20:38:46","date_gmt":"2013-10-02T19:38:46","guid":{"rendered":"http:\/\/www.ostroleka.com.pl\/pzw-narew38\/?p=4795"},"modified":"2013-10-02T20:55:14","modified_gmt":"2013-10-02T19:55:14","slug":"trojka-leszcze-na-mistrzostwach-om-pzw-szkolek-wedkarskich","status":"publish","type":"post","link":"https:\/\/www.pzwnarew.pl\/?p=4795","title":{"rendered":"&#8222;Tr\u00f3jka Leszcze&#8221; na Mistrzostwach OM PZW szk\u00f3\u0142ek w\u0119dkarskich"},"content":{"rendered":"<p>W dniu 29 wrze\u015bnia b.r. odby\u0142y si\u0119 V Sp\u0142awikowe\u00a0Mistrzostwa Okr\u0119gu Mazowieckiego PZW Szk\u00f3\u0142ek<a href=\"http:\/\/www.ostroleka.com.pl\/pzw-narew38\/wp-content\/uploads\/2013\/10\/S6000440.jpg\"><img loading=\"lazy\" decoding=\"async\" class=\"alignright size-thumbnail wp-image-4796\" alt=\"\" src=\"http:\/\/www.ostroleka.com.pl\/pzw-narew38\/wp-content\/uploads\/2013\/10\/S6000440-150x150.jpg\" width=\"150\" height=\"150\" \/><\/a> W\u0119dkarskich.\u00a0Zawody sp\u0142awikowe zosta\u0142y rozegrane na zalewie \u0141oje w miejscowo\u015bci \u0141oje<br \/>\nk. Przasnysza, w jednej trzy godzinnej turze, zgodnie z zasadami sportu<br \/>\nw\u0119dkarskiego w trzech sektorach: sektor A &#8211; zawodnicy do lat 12, sektor<br \/>\nB &#8211; zawodnicy do lat 14, sektor C &#8211; zawodnicy do lat 16. Wzi\u0119\u0142a w nich udzia\u0142 reprezentacja naszego ko\u0142a, zawodnicy Tr\u00f3jki Leszcze.<!--more--><\/p>\n<p>1. \u00a0Marcin \u00a0 \u00a0 \u00a0 Zawojek<\/p>\n<p>2. \u00a0Dominik \u00a0 \u00a0 Zawojek<\/p>\n<p>3. \u00a0Mateusz \u00a0 \u00a0Klimaszewski<\/p>\n<p>4. \u00a0Dominik \u00a0 \u00a0 Chojnowski<\/p>\n<p>Reprezentacja \u00a0spe\u0142ni\u0142a oczekiwania sportowe i zdoby\u0142a kolejne do\u015bwiadczenia w tak du\u017cej imprezie rangi okr\u0119gowej.<\/p>\n<p><a href=\"http:\/\/www.ostroleka.com.pl\/gallery_pzw\/thumbnails.php?album=133\"><img loading=\"lazy\" decoding=\"async\" class=\"aligncenter size-full wp-image-4190\" alt=\"play galeria\" src=\"http:\/\/www.ostroleka.com.pl\/pzw-narew38\/wp-content\/uploads\/2013\/04\/play-galeria.jpg\" width=\"342\" height=\"213\" srcset=\"https:\/\/www.pzwnarew.pl\/wp-content\/uploads\/2013\/04\/play-galeria.jpg 342w, https:\/\/www.pzwnarew.pl\/wp-content\/uploads\/2013\/04\/play-galeria-300x186.jpg 300w\" sizes=\"auto, (max-width: 342px) 100vw, 342px\" \/><\/a><\/p>\n","protected":false},"excerpt":{"rendered":"<p>W dniu 29 wrze\u015bnia b.r. odby\u0142y si\u0119 V Sp\u0142awikowe\u00a0Mistrzostwa Okr\u0119gu Mazowieckiego PZW Szk\u00f3\u0142ek W\u0119dkarskich.\u00a0Zawody sp\u0142awikowe zosta\u0142y rozegrane na zalewie \u0141oje w miejscowo\u015bci \u0141oje k. Przasnysza, w jednej trzy godzinnej turze, zgodnie z zasadami sportu w\u0119dkarskiego w trzech sektorach: sektor A &#8211; zawodnicy do lat 12, sektor B &#8211; zawodnicy do lat 14, sektor C &#8211; zawodnicy do lat 16. Wzi\u0119\u0142a w nich udzia\u0142 reprezentacja naszego ko\u0142a, zawodnicy Tr\u00f3jki Leszcze.<\/p>\n","protected":false},"author":2,"featured_media":0,"comment_status":"closed","ping_status":"closed","sticky":false,"template":"","format":"standard","meta":{"footnotes":""},"categories":[20,27],"tags":[],"class_list":["post-4795","post","type-post","status-publish","format-standard","hentry","category-newsy","category-trojna"],"_links":{"self":[{"href":"https:\/\/www.pzwnarew.pl\/index.php?rest_route=\/wp\/v2\/posts\/4795","targetHints":{"allow":["GET"]}}],"collection":[{"href":"https:\/\/www.pzwnarew.pl\/index.php?rest_route=\/wp\/v2\/posts"}],"about":[{"href":"https:\/\/www.pzwnarew.pl\/index.php?rest_route=\/wp\/v2\/types\/post"}],"author":[{"embeddable":true,"href":"https:\/\/www.pzwnarew.pl\/index.php?rest_route=\/wp\/v2\/users\/2"}],"replies":[{"embeddable":true,"href":"https:\/\/www.pzwnarew.pl\/index.php?rest_route=%2Fwp%2Fv2%2Fcomments&post=4795"}],"version-history":[{"count":7,"href":"https:\/\/www.pzwnarew.pl\/index.php?rest_route=\/wp\/v2\/posts\/4795\/revisions"}],"predecessor-version":[{"id":4803,"href":"https:\/\/www.pzwnarew.pl\/index.php?rest_route=\/wp\/v2\/posts\/4795\/revisions\/4803"}],"wp:attachment":[{"href":"https:\/\/www.pzwnarew.pl\/index.php?rest_route=%2Fwp%2Fv2%2Fmedia&parent=4795"}],"wp:term":[{"taxonomy":"category","embeddable":true,"href":"https:\/\/www.pzwnarew.pl\/index.php?rest_route=%2Fwp%2Fv2%2Fcategories&post=4795"},{"taxonomy":"post_tag","embeddable":true,"href":"https:\/\/www.pzwnarew.pl\/index.php?rest_route=%2Fwp%2Fv2%2Ftags&post=4795"}],"curies":[{"name":"wp","href":"https:\/\/api.w.org\/{rel}","templated":true}]}}