{"id":472,"date":"2004-03-28T17:41:41","date_gmt":"2004-03-28T16:41:41","guid":{"rendered":"http:\/\/www.ostroleka.com.pl\/pzw-narew38\/?p=472"},"modified":"2011-03-18T18:04:52","modified_gmt":"2011-03-18T17:04:52","slug":"i-mistrzostwa-kola-pzw-narew-w-wedkarstwie-morskim-leba-2004","status":"publish","type":"post","link":"https:\/\/www.pzwnarew.pl\/?p=472","title":{"rendered":"I Mistrzostwa Ko\u0142a PZW &#8222;NAREW&#8221; w W\u0119dkarstwie Morskim &#8222;\u0141eba 2004&#8221;"},"content":{"rendered":"<p><a href=\"http:\/\/www.ostroleka.com.pl\/pzw-narew38\/wp-content\/uploads\/2004\/03\/2004_morskie_01.jpg\"><img loading=\"lazy\" decoding=\"async\" class=\"alignleft size-thumbnail wp-image-475\" title=\"2004_morskie_01\" src=\"http:\/\/www.ostroleka.com.pl\/pzw-narew38\/wp-content\/uploads\/2004\/03\/2004_morskie_01-150x150.jpg\" alt=\"\" width=\"150\" height=\"150\" \/><\/a><strong>W dniu 28 marca 2004 roku Ko\u0142o PZW &#8222;NAREW&#8221; z Ostro\u0142\u0119ki po raz pierwszy przeprowadzi\u0142o swoje zawody rangi mistrzowskiej w w\u0119dkarstwie morskim.<br \/>\n<\/strong>Odby\u0142y si\u0119 one na Ba\u0142tyku w okolicach \u0141eby. Udzia\u0142 w zawodach wzi\u0119\u0142o 23 Ostro\u0142\u0119czan.<br \/>\nMistrzem Ko\u0142a na 2004 rok w W\u0119dkarstwie Morskim zosta\u0142 pan <strong>Mariusz Koby\u0142ecki<\/strong>. Zawody przeprowadzono w i\u015bcie ekstremalnych warunkach.<\/p>\n<p><!--more--><\/p>\n<p>Relacjonuje\u00a0 Wies\u0142aw Szczube\u0142ek &#8211; Prezes Ko\u0142a:<br \/>\n&#8230; jeszcze na cztery godziny przed planowanym wyjazdem nie wiedzieli\u015bmy, czy zawody w og\u00f3le dojd\u0105 do skutku.<br \/>\n<a href=\"http:\/\/www.ostroleka.com.pl\/pzw-narew38\/wp-content\/uploads\/2004\/03\/2004_morskie_02.jpg\"><img loading=\"lazy\" decoding=\"async\" class=\"alignright size-thumbnail wp-image-479\" title=\"2004_morskie_02\" src=\"http:\/\/www.ostroleka.com.pl\/pzw-narew38\/wp-content\/uploads\/2004\/03\/2004_morskie_02-150x150.jpg\" alt=\"\" width=\"150\" height=\"150\" \/><\/a>Kapitan Portu w \u0141ebie nie wypuszcza\u0142 w morze ma\u0142ych statk\u00f3w (takich jak nasz &#8222;W\u0119dkarz Morski&#8221;, kt\u00f3rym mieli\u015bmy wyp\u0142yn\u0105\u0107), jednak po 10-krotnych konsultacjach z armatorem podj\u0119li\u015bmy bardzo ryzykown\u0105 decyzj\u0119 &#8211; JEDZIEMY!<br \/>\nWyszli\u015bmy z za\u0142o\u017cenia, \u017ce chocia\u017cby pogoda nie pozwoli\u0142aby na przeprowadzenie zawod\u00f3w &#8211; to i tak wyp\u0142yniemy, \u017ceby zmierzy\u0107 si\u0119 z przyrod\u0105 i indywidualnie pow\u0119dkowa\u0107.<br \/>\nJest niedziela 28 marca, dochodzi godzina 6.00, za horyzontem wynurza si\u0119 s\u0142o\u0144ce &#8211; wstaje \u015bwit. W porcie \u0141EBA powiewa niewielki wiatr- wyp\u0142ywamy, zbli\u017camy si\u0119 do wyj\u015bcia z portu, w oddali wida\u0107 pierwsze spienione fale.<br \/>\nJa stoj\u0119 na nadbud\u00f3wce i nagrywam kamer\u0105. W pewnym momencie nasz statek robi gwa\u0142towny przechy\u0142 na lew\u0105 burt\u0119, spadam razem z kamer\u0105 na pok\u0142ad&#8230; &#8211; zacz\u0119\u0142o si\u0119. Nasza za\u0142oga raptownie zamilk\u0142a i jako\u015b dziwnie posmutnia\u0142a.<br \/>\nRumie\u0144ce na twarzach przybra\u0142y barwy zielono-blade. Pr\u00f3buj\u0119 zej\u015b\u0107 pod pok\u0142ad schowa\u0107 kamer\u0119, ale nie mog\u0119, rzuca mnie na wszystkie strony. Wreszcie wpadam pod pok\u0142ad jak rzucona k\u0142oda, z trudem podnosz\u0119 si\u0119 i widz\u0119 jak dw\u00f3ch moich koleg\u00f3w trzyma przed sob\u0105 torby foliowe i oddaje wcze\u015bniej jedzone \u015bniadanie. Co\u015b mnie poruszy\u0142o, z wielkim trudem, odbijaj\u0105c si\u0119 od \u015bciany do \u015bciany wdrapa\u0142em si\u0119 na pok\u0142ad, tam moi koledzy trzymaj\u0105c si\u0119 kurczowo reling\u00f3w walcz\u0105 sami ze sob\u0105 &#8211; bo z morzem niestety nie mog\u0105.<\/p>\n<p>W takiej, mniej wi\u0119cej scenerii, po godzinie dop\u0142yn\u0119li\u015bmy na \u0142owisko. Szyper wy\u0142\u0105cza silnik, statek staje i zaczyna si\u0119 tak mocno ko\u0142ysa\u0107, \u017ce ma\u0142o nie powypadamy za burt\u0119.<\/p>\n<p><a href=\"http:\/\/www.ostroleka.com.pl\/pzw-narew38\/wp-content\/uploads\/2004\/03\/2004_morskie_03.jpg\"><img loading=\"lazy\" decoding=\"async\" class=\"alignleft size-thumbnail wp-image-480\" title=\"2004_morskie_03\" src=\"http:\/\/www.ostroleka.com.pl\/pzw-narew38\/wp-content\/uploads\/2004\/03\/2004_morskie_03-150x150.jpg\" alt=\"\" width=\"150\" height=\"150\" \/><\/a>Po kr\u00f3tkiej chwili i uspokojeniu emocji &#8211; ci, kt\u00f3rzy nie wisz\u0105 za burt\u0105 &#8211; bior\u0105 w\u0119dki i pr\u00f3buj\u0105 w\u0119dkowa\u0107. Morze rzuca nami na wszystkie strony. Mamy ze sob\u0105 kamer\u0119 i aparaty fotograficzne, jednak wykonanie jakiego\u015b zdj\u0119cia jest raczej niemo\u017cliwe. Z wielkim trudem, gdy troch\u0119 mniej wia\u0142o, uda\u0142o mi si\u0119 &#8222;cykn\u0105\u0107&#8221; kilka fotek i skr\u0119ci\u0107 par\u0119 minut filmu.<br \/>\nPodczas drugiego dryfowania pad\u0142 pierwszy dorsz &#8211; z\u0142owi\u0142 go kolega Mariusz Koby\u0142ecki. Jednak nikt tym faktem si\u0119 nie emocjonowa\u0142, prawie ka\u017cdy prze\u017cywa\u0142 swoj\u0105 golgot\u0119.<br \/>\nNa 23 cz\u0142onk\u00f3w za\u0142ogi tylko nielicznym (5) uda\u0142o si\u0119 prze\u017cy\u0107 ten rejs bez gastrycznych przyg\u00f3d. A byli to: Jacek Bialik, Jacek Bednarczyk, Marek G\u0105ska, Marek J\u00f3\u017awik i Mariusz Kamionowski.<br \/>\nChoroba morska dopad\u0142a nawet najwi\u0119kszych twardzieli, kt\u00f3rzy na tego typu imprezie byli po raz enty. Tak wi\u0119c nale\u017cny ho\u0142d Neptunowi oddali\u015bmy z wielk\u0105 pokor\u0105, ale jak powiedzia\u0142 Andrzej Luchci\u0144ski, my KURPIE tak \u0142atwo nie poddamy si\u0119 i \u0141eb\u0119 zdob\u0119dziemy na prze\u0142omie kwietnia i maja.<\/p>\n<p style=\"text-align: right;\"><em>Wies\u0142aw Szczube\u0142ek.<\/em><\/p>\n<p>Uczestnicy zawod\u00f3w komentuj\u0105:<\/p>\n<ul>\n<li>Przepi\u0119kna impreza, wzorowa organizacja. Cze\u015b\u0107 Neptunowi oddana. Niech \u017cyje Ko\u0142o PZW &#8222;NAREW&#8221; &#8211; Krzysiek D\u0142ugok\u0119cki, Marek Kulawik<\/li>\n<li>Nie by\u0142o sensu n\u0119ci\u0107 za burt\u0119. Jako jeden z nielicznych tego nie robi\u0142em i zosta\u0142em Wicemistrzem &#8211; Jacek Bialik<\/li>\n<li>Jeszcze nigdy w \u017cyciu tak nie wymiotowa\u0142em, ale by\u0142o warto\u00a0&#8211; Robert Choroszewski<\/li>\n<li>Podstaw\u0105 zwyci\u0119stwa by\u0142o n\u0119cenie i utrzymanie si\u0119 w pionie z w\u0119dk\u0105 przy burcie. Gor\u0105ce podzi\u0119kowania za za\u0142atwienie u Neptuna tak ekstremalnych warunk\u00f3w, a swoj\u0105 drog\u0105 &#8211; jak to Prezes Wies\u0142aw za\u0142atwi\u0142???\u00a0&#8211; I Mistrz Ko\u0142a w W\u0119dkarstwie Morskim Mariusz Koby\u0142ecki<\/li>\n<li>Pomimo trudnych warunk\u00f3w &#8211; organizacja i sam pomys\u0142 odbycia takiej imprezy by\u0142y kapitalne. Mam nadziej\u0119, \u017ce to nie ostatnia impreza\u00a0&#8211; Wojciech Olesi\u0144ski<\/li>\n<li>Impreza OK; organizacja OK, a dorsz &#8211; jak to dorsz ma to wszystko gdzie\u015b. Pisz\u0119 si\u0119 dalej na tak\u0105 imprez\u0119 &#8211; Mariusz Kamionowski<\/li>\n<li>Wyprawa by\u0142a bardzo udana. Mog\u0142o mniej ko\u0142ysa\u0107, ale jestem zadowolony, bo by\u0142em jednym z nielicznych, kt\u00f3rzy nie n\u0119cili w\u0142asn\u0105 zan\u0119t\u0105\u00a0&#8211; Jacek Bednarczyk<\/li>\n<li>Dzisiaj Neptun nas pokona\u0142, ale Kurpie nie dadz\u0105 si\u0119. Zdob\u0119dziemy \u0141eb\u0119 jeszcze w tym roku &#8211; Andrzej Luchci\u0144ski<\/li>\n<li>Moim zdaniem wycieczka by\u0142a bardzo udana, ale wi\u0119kszo\u015b\u0107 uczestnik\u00f3w wisia\u0142a za burt\u0105 z wiadomych przyczyn &#8211; mi\u0119dzy innymi i ja\u00a0&#8211; Marcin G\u0105ska, ucze\u0144 kl. VI<\/li>\n<li>Wyp\u0142yni\u0119cie na otwarte morze by\u0142o udane. Podczas tej niewiarygodnej walki mocno si\u0119 ko\u0142owa\u0142o w g\u0142owie. Prze\u017cy\u0142em szok, ale jeszcze raz bym to powt\u00f3rzy\u0142 &#8211; Marek Krzynowek<\/li>\n<\/ul>\n<p>Bardzo serdecznie dzi\u0119kuj\u0119 za pomoc w organizacji I Mistrzostw Ko\u0142a &#8222;NAREW&#8221; w W\u0119dkarstwie Morskim, a przede wszystkim:<\/p>\n<ul>\n<li>Wiceprezesowi ds. sportu Andrzejowi Raszkiewiczowi<\/li>\n<li>W\u0142a\u015bcicielowi sklepu w\u0119dkarskiego SUM Markowi G\u0105sce a ponadto jeszcze raz gratuluj\u0119 Mariuszowi Koby\u0142eckiemu zdobycia tytu\u0142u Mistrza Ko\u0142a w W\u0119dkarstwie Morskim &#8211; Wies\u0142aw Szczube\u0142ek<\/li>\n<\/ul>\n","protected":false},"excerpt":{"rendered":"<p>W dniu 28 marca 2004 roku Ko\u0142o PZW &#8222;NAREW&#8221; z Ostro\u0142\u0119ki po raz pierwszy przeprowadzi\u0142o swoje zawody rangi mistrzowskiej w w\u0119dkarstwie morskim. Odby\u0142y si\u0119 one na Ba\u0142tyku w okolicach \u0141eby. Udzia\u0142 w zawodach wzi\u0119\u0142o 23 Ostro\u0142\u0119czan. Mistrzem Ko\u0142a na 2004 rok w W\u0119dkarstwie Morskim zosta\u0142 pan Mariusz Koby\u0142ecki. Zawody przeprowadzono w i\u015bcie ekstremalnych warunkach.<\/p>\n","protected":false},"author":1,"featured_media":0,"comment_status":"closed","ping_status":"closed","sticky":false,"template":"","format":"standard","meta":{"footnotes":""},"categories":[20,17],"tags":[],"class_list":["post-472","post","type-post","status-publish","format-standard","hentry","category-newsy","category-imprezy"],"_links":{"self":[{"href":"https:\/\/www.pzwnarew.pl\/index.php?rest_route=\/wp\/v2\/posts\/472","targetHints":{"allow":["GET"]}}],"collection":[{"href":"https:\/\/www.pzwnarew.pl\/index.php?rest_route=\/wp\/v2\/posts"}],"about":[{"href":"https:\/\/www.pzwnarew.pl\/index.php?rest_route=\/wp\/v2\/types\/post"}],"author":[{"embeddable":true,"href":"https:\/\/www.pzwnarew.pl\/index.php?rest_route=\/wp\/v2\/users\/1"}],"replies":[{"embeddable":true,"href":"https:\/\/www.pzwnarew.pl\/index.php?rest_route=%2Fwp%2Fv2%2Fcomments&post=472"}],"version-history":[{"count":6,"href":"https:\/\/www.pzwnarew.pl\/index.php?rest_route=\/wp\/v2\/posts\/472\/revisions"}],"predecessor-version":[{"id":477,"href":"https:\/\/www.pzwnarew.pl\/index.php?rest_route=\/wp\/v2\/posts\/472\/revisions\/477"}],"wp:attachment":[{"href":"https:\/\/www.pzwnarew.pl\/index.php?rest_route=%2Fwp%2Fv2%2Fmedia&parent=472"}],"wp:term":[{"taxonomy":"category","embeddable":true,"href":"https:\/\/www.pzwnarew.pl\/index.php?rest_route=%2Fwp%2Fv2%2Fcategories&post=472"},{"taxonomy":"post_tag","embeddable":true,"href":"https:\/\/www.pzwnarew.pl\/index.php?rest_route=%2Fwp%2Fv2%2Ftags&post=472"}],"curies":[{"name":"wp","href":"https:\/\/api.w.org\/{rel}","templated":true}]}}