{"id":466,"date":"2004-03-07T17:23:39","date_gmt":"2004-03-07T16:23:39","guid":{"rendered":"http:\/\/www.ostroleka.com.pl\/pzw-narew38\/?p=466"},"modified":"2011-03-18T18:07:48","modified_gmt":"2011-03-18T17:07:48","slug":"zebranie-sprawozdawcze-za-2003-rok","status":"publish","type":"post","link":"https:\/\/www.pzwnarew.pl\/?p=466","title":{"rendered":"Zebranie sprawozdawcze za 2003 rok"},"content":{"rendered":"<p><strong><a href=\"http:\/\/www.ostroleka.com.pl\/pzw-narew38\/wp-content\/uploads\/2011\/03\/2004_sprawozd_01.jpg\"><img loading=\"lazy\" decoding=\"async\" class=\"size-thumbnail wp-image-467 alignleft\" title=\"2004_sprawozd_01\" src=\"http:\/\/www.ostroleka.com.pl\/pzw-narew38\/wp-content\/uploads\/2011\/03\/2004_sprawozd_01-150x150.jpg\" alt=\"\" width=\"150\" height=\"150\" \/><\/a>W dniu 07 marca 2004 roku odby\u0142o si\u0119 zebranie sprawozdawcze z dzia\u0142alno\u015bci zarz\u0105du Ko\u0142a &#8222;Narew&#8221; za 2003 rok.<\/strong><\/p>\n<p>Zebranie otworzy\u0142 Prezes ko\u0142a kol. Wies\u0142aw Szczube\u0142ek zdaj\u0105c sprawozdanie z dzia\u0142alno\u015bci zarz\u0105du w roku 2003. Sprawozdania przed\u0142o\u017cyli tak\u017ce, Wiceprezes ko\u0142a Andrzej Raszkiewicz &#8211; dzia\u0142alno\u015b\u0107, sportowo-rekreacyjna oraz skarbnik Edyta Filipowicz przedstawi\u0142a rozliczenie bud\u017cetowe ko\u0142a za rok 2003.<\/p>\n<p>Sprawozdania te zosta\u0142y przyj\u0119te przez og\u00f3\u0142 zebranych na sali cz\u0142onk\u00f3w ko\u0142a.<!--more--><\/p>\n<p>W trakcie zebrania odby\u0142a si\u0119 tak\u017ce mi\u0142a uroczysto\u015b\u0107 wr\u0119czenia koledze Ryszardowi \u0141ozi\u0144skiemu z\u0142otej odznaki z wie\u0144cami, z\u0142otej odznaki kol. Henrykowi Bielakowi oraz wr\u0119czono nominacje s\u0119dziowskie na s\u0119dziego klasy okr\u0119gowej kol. Andrzejowi Raszkiewiczowi i s\u0119dziego klasy podstawowej kol. Jackowi Bednarczykowi.<\/p>\n<p>W trakcie zebrania zatwierdzono plan pracy ko\u0142a &#8222;Narew&#8221; na rok 2004 oraz wyznaczono kierunki dzia\u0142ania w zakresie przygotowania si\u0119 do obchod\u00f3w 55-lecia ko\u0142a w roku 2005.<\/p>\n","protected":false},"excerpt":{"rendered":"<p>W dniu 07 marca 2004 roku odby\u0142o si\u0119 zebranie sprawozdawcze z dzia\u0142alno\u015bci zarz\u0105du Ko\u0142a &#8222;Narew&#8221; za 2003 rok. Zebranie otworzy\u0142 Prezes ko\u0142a kol. Wies\u0142aw Szczube\u0142ek zdaj\u0105c sprawozdanie z dzia\u0142alno\u015bci zarz\u0105du w roku 2003. Sprawozdania przed\u0142o\u017cyli tak\u017ce, Wiceprezes ko\u0142a Andrzej Raszkiewicz &#8211; dzia\u0142alno\u015b\u0107, sportowo-rekreacyjna oraz skarbnik Edyta Filipowicz przedstawi\u0142a rozliczenie bud\u017cetowe ko\u0142a za rok 2003. Sprawozdania te zosta\u0142y przyj\u0119te przez og\u00f3\u0142 zebranych na sali cz\u0142onk\u00f3w ko\u0142a.<\/p>\n","protected":false},"author":1,"featured_media":0,"comment_status":"closed","ping_status":"closed","sticky":false,"template":"","format":"standard","meta":{"footnotes":""},"categories":[20],"tags":[],"class_list":["post-466","post","type-post","status-publish","format-standard","hentry","category-newsy"],"_links":{"self":[{"href":"https:\/\/www.pzwnarew.pl\/index.php?rest_route=\/wp\/v2\/posts\/466","targetHints":{"allow":["GET"]}}],"collection":[{"href":"https:\/\/www.pzwnarew.pl\/index.php?rest_route=\/wp\/v2\/posts"}],"about":[{"href":"https:\/\/www.pzwnarew.pl\/index.php?rest_route=\/wp\/v2\/types\/post"}],"author":[{"embeddable":true,"href":"https:\/\/www.pzwnarew.pl\/index.php?rest_route=\/wp\/v2\/users\/1"}],"replies":[{"embeddable":true,"href":"https:\/\/www.pzwnarew.pl\/index.php?rest_route=%2Fwp%2Fv2%2Fcomments&post=466"}],"version-history":[{"count":5,"href":"https:\/\/www.pzwnarew.pl\/index.php?rest_route=\/wp\/v2\/posts\/466\/revisions"}],"predecessor-version":[{"id":483,"href":"https:\/\/www.pzwnarew.pl\/index.php?rest_route=\/wp\/v2\/posts\/466\/revisions\/483"}],"wp:attachment":[{"href":"https:\/\/www.pzwnarew.pl\/index.php?rest_route=%2Fwp%2Fv2%2Fmedia&parent=466"}],"wp:term":[{"taxonomy":"category","embeddable":true,"href":"https:\/\/www.pzwnarew.pl\/index.php?rest_route=%2Fwp%2Fv2%2Fcategories&post=466"},{"taxonomy":"post_tag","embeddable":true,"href":"https:\/\/www.pzwnarew.pl\/index.php?rest_route=%2Fwp%2Fv2%2Ftags&post=466"}],"curies":[{"name":"wp","href":"https:\/\/api.w.org\/{rel}","templated":true}]}}