{"id":4654,"date":"2013-08-01T19:13:50","date_gmt":"2013-08-01T18:13:50","guid":{"rendered":"http:\/\/www.ostroleka.com.pl\/pzw-narew38\/?p=4654"},"modified":"2013-08-18T18:14:46","modified_gmt":"2013-08-18T17:14:46","slug":"nowy-komendant-spolecznej-strazy-rybackiej","status":"publish","type":"post","link":"https:\/\/www.pzwnarew.pl\/?p=4654","title":{"rendered":"Nowy Komendant Spo\u0142ecznej Stra\u017cy Rybackiej"},"content":{"rendered":"<p>W ubieg\u0142ym tygodniu nast\u0105pi\u0142a zmiana na stanowisku Komendanta Powiatowego Spo\u0142ecznej Stra\u017cy Rybackiej<a href=\"http:\/\/www.ostroleka.com.pl\/pzw-narew38\/wp-content\/uploads\/2013\/08\/piotr_antoskiewicz.jpg\"><img loading=\"lazy\" decoding=\"async\" class=\" wp-image-4655 alignright\" alt=\"piotr antoskiewicz\" src=\"http:\/\/www.ostroleka.com.pl\/pzw-narew38\/wp-content\/uploads\/2013\/08\/piotr_antoskiewicz.jpg\" width=\"99\" height=\"132\" \/><\/a>. Pe\u0142ni\u0105cy przez kilka lat funkcj\u0119 komendanta Bogdan Kielak zosta\u0142 odwo\u0142any, a w jego miejsce powo\u0142ano Piotra Anto\u015bkiewicza \u2013 wieloletniego spo\u0142ecznego stra\u017cnika rybackiego, a tak\u017ce wiceprezesa PZW Ko\u0142a Energopap.<\/p>\n<p>Zarz\u0105d ko\u0142a PZW\u00a0Narew gratuluje i oferuje swoja wsp\u00f3\u0142prace w zakresie ochrony w\u00f3d.<\/p>\n","protected":false},"excerpt":{"rendered":"<p>W ubieg\u0142ym tygodniu nast\u0105pi\u0142a zmiana na stanowisku Komendanta Powiatowego Spo\u0142ecznej Stra\u017cy Rybackiej. Pe\u0142ni\u0105cy przez kilka lat funkcj\u0119 komendanta Bogdan Kielak zosta\u0142 odwo\u0142any, a w jego miejsce powo\u0142ano Piotra Anto\u015bkiewicza \u2013 wieloletniego spo\u0142ecznego stra\u017cnika rybackiego, a tak\u017ce wiceprezesa PZW Ko\u0142a Energopap. Zarz\u0105d ko\u0142a PZW\u00a0Narew gratuluje i oferuje swoja wsp\u00f3\u0142prace w zakresie ochrony w\u00f3d.<\/p>\n","protected":false},"author":2,"featured_media":0,"comment_status":"open","ping_status":"closed","sticky":false,"template":"","format":"standard","meta":{"footnotes":""},"categories":[20],"tags":[],"class_list":["post-4654","post","type-post","status-publish","format-standard","hentry","category-newsy"],"_links":{"self":[{"href":"https:\/\/www.pzwnarew.pl\/index.php?rest_route=\/wp\/v2\/posts\/4654","targetHints":{"allow":["GET"]}}],"collection":[{"href":"https:\/\/www.pzwnarew.pl\/index.php?rest_route=\/wp\/v2\/posts"}],"about":[{"href":"https:\/\/www.pzwnarew.pl\/index.php?rest_route=\/wp\/v2\/types\/post"}],"author":[{"embeddable":true,"href":"https:\/\/www.pzwnarew.pl\/index.php?rest_route=\/wp\/v2\/users\/2"}],"replies":[{"embeddable":true,"href":"https:\/\/www.pzwnarew.pl\/index.php?rest_route=%2Fwp%2Fv2%2Fcomments&post=4654"}],"version-history":[{"count":4,"href":"https:\/\/www.pzwnarew.pl\/index.php?rest_route=\/wp\/v2\/posts\/4654\/revisions"}],"predecessor-version":[{"id":4683,"href":"https:\/\/www.pzwnarew.pl\/index.php?rest_route=\/wp\/v2\/posts\/4654\/revisions\/4683"}],"wp:attachment":[{"href":"https:\/\/www.pzwnarew.pl\/index.php?rest_route=%2Fwp%2Fv2%2Fmedia&parent=4654"}],"wp:term":[{"taxonomy":"category","embeddable":true,"href":"https:\/\/www.pzwnarew.pl\/index.php?rest_route=%2Fwp%2Fv2%2Fcategories&post=4654"},{"taxonomy":"post_tag","embeddable":true,"href":"https:\/\/www.pzwnarew.pl\/index.php?rest_route=%2Fwp%2Fv2%2Ftags&post=4654"}],"curies":[{"name":"wp","href":"https:\/\/api.w.org\/{rel}","templated":true}]}}