{"id":4637,"date":"2013-08-03T17:28:55","date_gmt":"2013-08-03T16:28:55","guid":{"rendered":"http:\/\/www.ostroleka.com.pl\/pzw-narew38\/?p=4637"},"modified":"2013-09-08T12:44:18","modified_gmt":"2013-09-08T11:44:18","slug":"chronimy-drzewa-przed-bobrami","status":"publish","type":"post","link":"https:\/\/www.pzwnarew.pl\/?p=4637","title":{"rendered":"CHRONIMY  DRZEWA  PRZED  BOBRAMI"},"content":{"rendered":"<p dir=\"ltr\" id=\"docs-internal-guid-2d7c6474-3061-ce1d-93d2-65e9e81c40a5\">W dniu 30 lipca w\u0119dkarze z Ko\u0142a PZW Narew w Ostro\u0142\u0119ce przeprowadzili akcj\u0119 zabezpieczania \u00a0drzew rosn\u0105cych w <a href=\"http:\/\/www.ostroleka.com.pl\/pzw-narew38\/wp-content\/uploads\/2013\/07\/bobry-007.jpg\"><img loading=\"lazy\" decoding=\"async\" class=\"alignright size-thumbnail wp-image-4638\" alt=\"OLYMPUS DIGITAL CAMERA\" src=\"http:\/\/www.ostroleka.com.pl\/pzw-narew38\/wp-content\/uploads\/2013\/07\/bobry-007-150x150.jpg\" width=\"150\" height=\"150\" \/><\/a>pasie przybrze\u017cnym Narwi przed siekaczami bobr\u00f3w.<\/p>\n<p dir=\"ltr\">Zwierz\u0119ta te wyci\u0119\u0142y ju\u017c tyle dorodnych \u00a0olch, wierzb i brz\u00f3z stanowi\u0105cych naturalna otulin\u0119 brzeg\u00f3w Narwi , \u017ce w\u0119dkarze postanowili ochroni\u0107 te nieliczne ju\u017c osta\u0144ce przed siekaczami bobr\u00f3w.<\/p>\n<p dir=\"ltr\">Drzewa , kt\u00f3re rosn\u0105 w pasie przybrze\u017cnym nie tylko chroni\u0105 brzeg trzymaj\u0105c go swoimi korzeniami, daj\u0105 tak\u017ce<!--more--> schronienie w swoim cieniu rybom oraz zapewniaj\u0105 po\u017cywienie w postaci spadaj\u0105cych owad\u00f3w rybom przebywaj\u0105cym w pobli\u017cu drzew- relacjonuje Prezes Andrzej Raszkiewicz, uzasadniaj\u0105c potrzeb\u0119 ochrony drzew.<\/p>\n<p dir=\"ltr\">W ci\u0105gu\u00a0czterech godzin, trzema \u0142odziami od\u00a0Wojciechowic do Dzbenina\u00a0zabezpieczono 22 drzewa zu\u017cywaj\u0105c 45 metr\u00f3w metalowej siatki.<\/p>\n<p dir=\"ltr\">W\u0119dkarze zapewniaj\u0105, \u017ce siatka skutecznie udaremni bobrom wgryzanie si\u0119 w pnie drzew. Bobry szukaj\u0105 sobie innych cel\u00f3w do \u00a0\u015bcierania siekaczy. W\u0119dkarze za rok skontroluj\u0105 stan siatek ewentualnie koryguj\u0105c ich napr\u0119\u017cenie na pniach aby siatka nie wrasta\u0142a w kor\u0119 w miar\u0119 wzrostu drzew.<\/p>\n<p dir=\"ltr\">Postaramy si\u0119 za rok osiatkowa\u0107 nast\u0119pne drzewa, kt\u00f3re ju\u017c w tej chwili nosz\u0105 \u00a0na swojej korze \u015blady bobrzych siekaczy.<\/p>\n<p dir=\"ltr\">Dzi\u0119kujemy za pomoc w akcji firmie:<\/p>\n<p><a href=\"http:\/\/www.youtube.com\/watch?v=HnOTYZFfDPs\"><span style=\"color: #ff0000;\">Us\u0142ugi Turystyczne &#8222;NA FALI&#8221; &#8211; FILM &lt;patrz&gt;<\/span><\/a><\/p>\n<p dir=\"ltr\"><img loading=\"lazy\" decoding=\"async\" class=\"alignleft size-full wp-image-4641\" alt=\"nafali\" src=\"http:\/\/www.ostroleka.com.pl\/pzw-narew38\/wp-content\/uploads\/2013\/07\/nafali.jpg\" width=\"562\" height=\"230\" srcset=\"https:\/\/www.pzwnarew.pl\/wp-content\/uploads\/2013\/07\/nafali.jpg 562w, https:\/\/www.pzwnarew.pl\/wp-content\/uploads\/2013\/07\/nafali-300x122.jpg 300w\" sizes=\"auto, (max-width: 562px) 100vw, 562px\" \/><\/p>\n<p>&nbsp;<\/p>\n<p>&nbsp;<\/p>\n<p>&nbsp;<\/p>\n<p>&nbsp;<\/p>\n<p>&nbsp;<\/p>\n<p>&nbsp;<\/p>\n<p>&nbsp;<\/p>\n<p>&nbsp;<\/p>\n<p>&nbsp;<\/p>\n<p><a href=\"http:\/\/www.ostroleka.com.pl\/gallery_pzw\/thumbnails.php?album=130\"><img loading=\"lazy\" decoding=\"async\" class=\"aligncenter size-medium wp-image-4190\" alt=\"play galeria\" src=\"http:\/\/www.ostroleka.com.pl\/pzw-narew38\/wp-content\/uploads\/2013\/04\/play-galeria-300x186.jpg\" width=\"300\" height=\"186\" srcset=\"https:\/\/www.pzwnarew.pl\/wp-content\/uploads\/2013\/04\/play-galeria-300x186.jpg 300w, https:\/\/www.pzwnarew.pl\/wp-content\/uploads\/2013\/04\/play-galeria.jpg 342w\" sizes=\"auto, (max-width: 300px) 100vw, 300px\" \/><\/a><\/p>\n<p style=\"text-align: center;\">\u00a0<a href=\"http:\/\/www.youtube.com\/watch?v=S93Sa_Ztr5o&amp;feature=player_embedded\"><img loading=\"lazy\" decoding=\"async\" class=\"size-full wp-image-4519 aligncenter\" alt=\"beznazwy\" src=\"http:\/\/www.ostroleka.com.pl\/pzw-narew38\/wp-content\/uploads\/2013\/06\/beznazwy.png\" width=\"170\" height=\"151\" \/><\/a><\/p>\n<p>&nbsp;<\/p>\n","protected":false},"excerpt":{"rendered":"<p>W dniu 30 lipca w\u0119dkarze z Ko\u0142a PZW Narew w Ostro\u0142\u0119ce przeprowadzili akcj\u0119 zabezpieczania \u00a0drzew rosn\u0105cych w pasie przybrze\u017cnym Narwi przed siekaczami bobr\u00f3w. Zwierz\u0119ta te wyci\u0119\u0142y ju\u017c tyle dorodnych \u00a0olch, wierzb i brz\u00f3z stanowi\u0105cych naturalna otulin\u0119 brzeg\u00f3w Narwi , \u017ce w\u0119dkarze postanowili ochroni\u0107 te nieliczne ju\u017c osta\u0144ce przed siekaczami bobr\u00f3w. Drzewa , kt\u00f3re rosn\u0105 w pasie przybrze\u017cnym nie tylko chroni\u0105 brzeg trzymaj\u0105c go swoimi korzeniami, daj\u0105 tak\u017ce<\/p>\n","protected":false},"author":2,"featured_media":0,"comment_status":"open","ping_status":"closed","sticky":false,"template":"","format":"standard","meta":{"footnotes":""},"categories":[20],"tags":[],"class_list":["post-4637","post","type-post","status-publish","format-standard","hentry","category-newsy"],"_links":{"self":[{"href":"https:\/\/www.pzwnarew.pl\/index.php?rest_route=\/wp\/v2\/posts\/4637","targetHints":{"allow":["GET"]}}],"collection":[{"href":"https:\/\/www.pzwnarew.pl\/index.php?rest_route=\/wp\/v2\/posts"}],"about":[{"href":"https:\/\/www.pzwnarew.pl\/index.php?rest_route=\/wp\/v2\/types\/post"}],"author":[{"embeddable":true,"href":"https:\/\/www.pzwnarew.pl\/index.php?rest_route=\/wp\/v2\/users\/2"}],"replies":[{"embeddable":true,"href":"https:\/\/www.pzwnarew.pl\/index.php?rest_route=%2Fwp%2Fv2%2Fcomments&post=4637"}],"version-history":[{"count":14,"href":"https:\/\/www.pzwnarew.pl\/index.php?rest_route=\/wp\/v2\/posts\/4637\/revisions"}],"predecessor-version":[{"id":4734,"href":"https:\/\/www.pzwnarew.pl\/index.php?rest_route=\/wp\/v2\/posts\/4637\/revisions\/4734"}],"wp:attachment":[{"href":"https:\/\/www.pzwnarew.pl\/index.php?rest_route=%2Fwp%2Fv2%2Fmedia&parent=4637"}],"wp:term":[{"taxonomy":"category","embeddable":true,"href":"https:\/\/www.pzwnarew.pl\/index.php?rest_route=%2Fwp%2Fv2%2Fcategories&post=4637"},{"taxonomy":"post_tag","embeddable":true,"href":"https:\/\/www.pzwnarew.pl\/index.php?rest_route=%2Fwp%2Fv2%2Ftags&post=4637"}],"curies":[{"name":"wp","href":"https:\/\/api.w.org\/{rel}","templated":true}]}}