{"id":4592,"date":"2013-07-07T18:07:58","date_gmt":"2013-07-07T17:07:58","guid":{"rendered":"http:\/\/www.ostroleka.com.pl\/pzw-narew38\/?p=4592"},"modified":"2013-07-08T17:24:21","modified_gmt":"2013-07-08T16:24:21","slug":"123-kilogramy-ryb-maratonczycy-dali-czadu","status":"publish","type":"post","link":"https:\/\/www.pzwnarew.pl\/?p=4592","title":{"rendered":"123 KILOGRAMY RYB \u2013 MARATO\u0143CZYCY DALI  CZADU"},"content":{"rendered":"<p>&nbsp;<\/p>\n<p>Si\u00f3dma edycja maratonu\u00a0 w\u0119dkarskiego organizowanego przez ko\u0142o Narew przynios\u0142a\u00a0 nieoczekiwane rekordy<a href=\"http:\/\/www.ostroleka.com.pl\/pzw-narew38\/wp-content\/uploads\/2013\/07\/IMG_0386.jpg\"><img loading=\"lazy\" decoding=\"async\" class=\"alignright size-thumbnail wp-image-4593\" alt=\"IMG_0386\" src=\"http:\/\/www.ostroleka.com.pl\/pzw-narew38\/wp-content\/uploads\/2013\/07\/IMG_0386-150x150.jpg\" width=\"150\" height=\"150\" \/><\/a> w\u0119dkarskie. 30 w\u0119dkarzy w ci\u0105gu 17 godzin z\u0142owili ponad 123 kilogramy ryb, g\u0142\u00f3wnie kr\u0105pia, p\u0142otki i leszcza. Zwyci\u0119zca w klasyfikacji na najlepszego w\u0119dkarza maratonu Jarek Nowak z\u0142owi\u0142 ponad 12 kilogram\u00f3w ryb. Jego zwyci\u0119ska dru\u017cyna zaliczy\u0142a pul\u0119 ponad 29 kilogram\u00f3w bia\u0142orybu i to pozwoli\u0142o im zwyci\u0119\u017cy\u0107.<\/p>\n<p>Piotr Wrzeszcz z\u0142owi\u0142 najwi\u0119kszego lina wprost z nurtu rzeki o wadze <!--more-->1670 g, najwi\u0119kszy leszcz zosta\u0142 z\u0142owiony przez Romana Balceraka. Narew w Bronowie to obfite \u0142owisko pozwalaj\u0105ce na walk\u0119 i po\u0142owienie.<\/p>\n<p>VII Maraton W\u0119dkarski rozgrywany w formule mi\u0119dzy ko\u0142owej to sprawdzone zawody w\u0119dkarskie, w kt\u00f3rych udzia\u0142 bior\u0105 udzia\u0142 od dw\u00f3ch lat w\u0119dkarze z k\u00f3\u0142 Narew 38 i Energopap nr 72. Organizatorzy licz\u0105, \u017ce w \u00f3smej edycji wystartuj\u0119 nast\u0119pne ko\u0142a okr\u0119gu mazowieckiego PZW. Zawody rozgrywane by\u0142y na \u017cywej rybie wszystkie z powrotem wr\u00f3ci\u0142y do wody.<\/p>\n<p>Klasyfikacja dru\u017cynowa<\/p>\n<p>I miejsce &#8211;\u00a0 dru\u017cyna w sk\u0142adzie: Jastrz\u0119bski Rafa\u0142, Nowak Jaros\u0142aw, Kozikowski Rados\u0142aw<\/p>\n<p>II miejsce- dr. w sk\u0142adzie:\u00a0 Samborski Zbigniew, Cichowski Zbigniew, Chrostek Marek \u2013Energopap<\/p>\n<p>III miejsce dr. W sk\u0142adzie: Tyszka Grzegorz, Lis Zbigniew, Romanik \u0141ukasz.<\/p>\n<p>&nbsp;<\/p>\n<p>Organizatorzy dzi\u0119kuj\u0105 sponsorom<\/p>\n<p><b><em>ENERGA<\/em> Elektrownie <em>Ostro\u0142\u0119ka<\/em> S.A.<\/b><\/p>\n<p><b>KONGER Fishing Expert\u00a0 Bogdan Goszty\u0142a<\/b><\/p>\n<p><b>Delikatesy Delicja\u00a0 Ostro\u0142\u0119ka\u00a0 H.Sienkiewicza <\/b><\/p>\n<p><b>Sklep W\u0119dkarski LIN Ostro\u0142\u0119ka F.Chopina 4<\/b><\/p>\n<p><b>Gospodarstwo Rybackie\u00a0 Miros\u0142aw Godula\u00a0 \u0141om\u017ca- u\u017cytkownik rzeki Narew<\/b><\/p>\n<p>&nbsp;<\/p>\n<p><b><i>\u00a0\u00a0\u00a0\u00a0\u00a0\u00a0\u00a0\u00a0\u00a0\u00a0\u00a0\u00a0\u00a0\u00a0\u00a0\u00a0\u00a0\u00a0\u00a0\u00a0\u00a0\u00a0\u00a0\u00a0\u00a0\u00a0\u00a0\u00a0\u00a0\u00a0\u00a0\u00a0\u00a0\u00a0\u00a0\u00a0\u00a0\u00a0\u00a0\u00a0\u00a0\u00a0\u00a0\u00a0\u00a0\u00a0\u00a0\u00a0 \u00a0\u00a0\u00a0\u00a0\u00a0\u00a0\u00a0\u00a0\u00a0\u00a0\u00a0\u00a0\u00a0\u00a0\u00a0\u00a0\u00a0\u00a0\u00a0\u00a0\u00a0\u00a0\u00a0\u00a0\u00a0\u00a0\u00a0\u00a0\u00a0\u00a0\u00a0\u00a0\u00a0\u00a0\u00a0Do zobaczenia za rok na Narwi<\/i><\/b><\/p>\n<p><a href=\"http:\/\/www.ostroleka.com.pl\/gallery_pzw\/thumbnails.php?album=129\"><img loading=\"lazy\" decoding=\"async\" class=\"aligncenter size-full wp-image-4190\" alt=\"play galeria\" src=\"http:\/\/www.ostroleka.com.pl\/pzw-narew38\/wp-content\/uploads\/2013\/04\/play-galeria.jpg\" width=\"342\" height=\"213\" srcset=\"https:\/\/www.pzwnarew.pl\/wp-content\/uploads\/2013\/04\/play-galeria.jpg 342w, https:\/\/www.pzwnarew.pl\/wp-content\/uploads\/2013\/04\/play-galeria-300x186.jpg 300w\" sizes=\"auto, (max-width: 342px) 100vw, 342px\" \/><\/a><\/p>\n","protected":false},"excerpt":{"rendered":"<p>&nbsp; Si\u00f3dma edycja maratonu\u00a0 w\u0119dkarskiego organizowanego przez ko\u0142o Narew przynios\u0142a\u00a0 nieoczekiwane rekordy w\u0119dkarskie. 30 w\u0119dkarzy w ci\u0105gu 17 godzin z\u0142owili ponad 123 kilogramy ryb, g\u0142\u00f3wnie kr\u0105pia, p\u0142otki i leszcza. Zwyci\u0119zca w klasyfikacji na najlepszego w\u0119dkarza maratonu Jarek Nowak z\u0142owi\u0142 ponad 12 kilogram\u00f3w ryb. Jego zwyci\u0119ska dru\u017cyna zaliczy\u0142a pul\u0119 ponad 29 kilogram\u00f3w bia\u0142orybu i to pozwoli\u0142o im zwyci\u0119\u017cy\u0107. Piotr Wrzeszcz z\u0142owi\u0142 najwi\u0119kszego lina wprost z nurtu rzeki o wadze<\/p>\n","protected":false},"author":2,"featured_media":0,"comment_status":"open","ping_status":"closed","sticky":false,"template":"","format":"standard","meta":{"footnotes":""},"categories":[20,17],"tags":[],"class_list":["post-4592","post","type-post","status-publish","format-standard","hentry","category-newsy","category-imprezy"],"_links":{"self":[{"href":"https:\/\/www.pzwnarew.pl\/index.php?rest_route=\/wp\/v2\/posts\/4592","targetHints":{"allow":["GET"]}}],"collection":[{"href":"https:\/\/www.pzwnarew.pl\/index.php?rest_route=\/wp\/v2\/posts"}],"about":[{"href":"https:\/\/www.pzwnarew.pl\/index.php?rest_route=\/wp\/v2\/types\/post"}],"author":[{"embeddable":true,"href":"https:\/\/www.pzwnarew.pl\/index.php?rest_route=\/wp\/v2\/users\/2"}],"replies":[{"embeddable":true,"href":"https:\/\/www.pzwnarew.pl\/index.php?rest_route=%2Fwp%2Fv2%2Fcomments&post=4592"}],"version-history":[{"count":7,"href":"https:\/\/www.pzwnarew.pl\/index.php?rest_route=\/wp\/v2\/posts\/4592\/revisions"}],"predecessor-version":[{"id":4606,"href":"https:\/\/www.pzwnarew.pl\/index.php?rest_route=\/wp\/v2\/posts\/4592\/revisions\/4606"}],"wp:attachment":[{"href":"https:\/\/www.pzwnarew.pl\/index.php?rest_route=%2Fwp%2Fv2%2Fmedia&parent=4592"}],"wp:term":[{"taxonomy":"category","embeddable":true,"href":"https:\/\/www.pzwnarew.pl\/index.php?rest_route=%2Fwp%2Fv2%2Fcategories&post=4592"},{"taxonomy":"post_tag","embeddable":true,"href":"https:\/\/www.pzwnarew.pl\/index.php?rest_route=%2Fwp%2Fv2%2Ftags&post=4592"}],"curies":[{"name":"wp","href":"https:\/\/api.w.org\/{rel}","templated":true}]}}