{"id":4556,"date":"2013-06-30T17:12:31","date_gmt":"2013-06-30T16:12:31","guid":{"rendered":"http:\/\/www.ostroleka.com.pl\/pzw-narew38\/?p=4556"},"modified":"2013-06-30T17:23:07","modified_gmt":"2013-06-30T16:23:07","slug":"uroczyste-zakonczenie-konkursu-plastycznego","status":"publish","type":"post","link":"https:\/\/www.pzwnarew.pl\/?p=4556","title":{"rendered":"UROCZYSTE ZAKO\u0143CZENIE KONKURSU PLASTYCZNEGO"},"content":{"rendered":"<p>W dniu 28 bm. podczas akademii ko\u0144cz\u0105cej rok szkolny w Szkole Podstawowej nr 6 im. Or\u0142a Bia\u0142ego zako\u0144czono <a href=\"http:\/\/www.ostroleka.com.pl\/pzw-narew38\/wp-content\/uploads\/2013\/06\/15.jpg\"><img loading=\"lazy\" decoding=\"async\" class=\"alignright size-thumbnail wp-image-4557\" alt=\"15\" src=\"http:\/\/www.ostroleka.com.pl\/pzw-narew38\/wp-content\/uploads\/2013\/06\/15-150x150.jpg\" width=\"150\" height=\"150\" \/><\/a>konkurs plastyczny organizowany przez Okreg Maz. PZW\u00a0 i Ko\u0142o Narew w Ostro\u0142\u0119ce.<\/p>\n<p>Laureaci konkursu to :<\/p>\n<p><strong>Wiek 6-10 lat<\/strong><\/p>\n<p>Izabela Nalewajk\u00a0\u00a0\u00a0\u00a0\u00a0\u00a0\u00a0\u00a0\u00a0\u00a0\u00a0 I miejsce<\/p>\n<p>Tymoteusz Janczewski\u00a0 II miejsce\u00a0\u00a0\u00a0\u00a0\u00a0\u00a0\u00a0\u00a0\u00a0\u00a0\u00a0\u00a0\u00a0\u00a0\u00a0\u00a0\u00a0\u00a0\u00a0\u00a0\u00a0\u00a0\u00a0\u00a0\u00a0\u00a0\u00a0\u00a0\u00a0\u00a0\u00a0\u00a0\u00a0\u00a0\u00a0\u00a0\u00a0\u00a0\u00a0\u00a0\u00a0\u00a0\u00a0\u00a0\u00a0\u00a0\u00a0\u00a0\u00a0\u00a0\u00a0 <!--more--><\/p>\n<p>Matylda Kowalska\u00a0\u00a0\u00a0\u00a0\u00a0\u00a0\u00a0\u00a0 III miejsce<\/p>\n<p>Marta Rutkowska\u00a0\u00a0\u00a0\u00a0\u00a0\u00a0\u00a0\u00a0\u00a0 IV\u00a0 miejsce<\/p>\n<p><strong>Grupa II 6-10 lat<\/strong><\/p>\n<p>1.\u00a0 Daria Piotrowska<\/p>\n<p>2. Marta\u00a0 Mickiewicz<\/p>\n<p>3. Zuzanna\u00a0 Ko\u0142akowska<\/p>\n<p><strong>Wiek\u00a0 11-13 lat<\/strong><\/p>\n<p>Martyna Jurga\u00a0\u00a0\u00a0\u00a0\u00a0\u00a0\u00a0 I miejsce<\/p>\n<p>Jakub Owczarek\u00a0\u00a0\u00a0 II miejsce<\/p>\n<p>Maria Murawska\u00a0\u00a0\u00a0 III miejsce<\/p>\n<p>Eliza Juchniewicz\u00a0 IV miejsce<\/p>\n<p>Kinga Klimek\u00a0\u00a0\u00a0\u00a0\u00a0\u00a0\u00a0\u00a0 V miejsce<\/p>\n<p>Mi\u0142ym akcentem by\u0142o wr\u0119czenie nagrody Jakubowi Owczarek, kt\u00f3ry zaj\u0105\u0142 I miejsce na szczeblu Okr\u0119gu Mazowieckiego w kategorii wiekowej 11-13 lat.<\/p>\n<p>Prezes Ko\u0142a Andrzej Raszkiewicz podzi\u0119kowa\u0142 dzieciom \u017cycz\u0105c im przyjemnych wakacji, wyrazi\u0142 wdzi\u0119czno\u015b\u0107 za wsp\u00f3\u0142prac\u0119 dyrekcji SP nr 6 i zapowiedzia\u0142 kolejna edycje konkursu plastycznego o tematyce ekologicznej dot. czysto\u015bci w\u00f3d.<a href=\"http:\/\/www.ostroleka.com.pl\/gallery_pzw\/thumbnails.php?album=126\"><img loading=\"lazy\" decoding=\"async\" class=\"aligncenter size-medium wp-image-4190\" alt=\"play galeria\" src=\"http:\/\/www.ostroleka.com.pl\/pzw-narew38\/wp-content\/uploads\/2013\/04\/play-galeria-300x186.jpg\" width=\"300\" height=\"186\" srcset=\"https:\/\/www.pzwnarew.pl\/wp-content\/uploads\/2013\/04\/play-galeria-300x186.jpg 300w, https:\/\/www.pzwnarew.pl\/wp-content\/uploads\/2013\/04\/play-galeria.jpg 342w\" sizes=\"auto, (max-width: 300px) 100vw, 300px\" \/><\/a><\/p>\n","protected":false},"excerpt":{"rendered":"<p>W dniu 28 bm. podczas akademii ko\u0144cz\u0105cej rok szkolny w Szkole Podstawowej nr 6 im. Or\u0142a Bia\u0142ego zako\u0144czono konkurs plastyczny organizowany przez Okreg Maz. PZW\u00a0 i Ko\u0142o Narew w Ostro\u0142\u0119ce. Laureaci konkursu to : Wiek 6-10 lat Izabela Nalewajk\u00a0\u00a0\u00a0\u00a0\u00a0\u00a0\u00a0\u00a0\u00a0\u00a0\u00a0 I miejsce Tymoteusz Janczewski\u00a0 II miejsce\u00a0\u00a0\u00a0\u00a0\u00a0\u00a0\u00a0\u00a0\u00a0\u00a0\u00a0\u00a0\u00a0\u00a0\u00a0\u00a0\u00a0\u00a0\u00a0\u00a0\u00a0\u00a0\u00a0\u00a0\u00a0\u00a0\u00a0\u00a0\u00a0\u00a0\u00a0\u00a0\u00a0\u00a0\u00a0\u00a0\u00a0\u00a0\u00a0\u00a0\u00a0\u00a0\u00a0\u00a0\u00a0\u00a0\u00a0\u00a0\u00a0\u00a0\u00a0<\/p>\n","protected":false},"author":2,"featured_media":0,"comment_status":"open","ping_status":"closed","sticky":false,"template":"","format":"standard","meta":{"footnotes":""},"categories":[20],"tags":[],"class_list":["post-4556","post","type-post","status-publish","format-standard","hentry","category-newsy"],"_links":{"self":[{"href":"https:\/\/www.pzwnarew.pl\/index.php?rest_route=\/wp\/v2\/posts\/4556","targetHints":{"allow":["GET"]}}],"collection":[{"href":"https:\/\/www.pzwnarew.pl\/index.php?rest_route=\/wp\/v2\/posts"}],"about":[{"href":"https:\/\/www.pzwnarew.pl\/index.php?rest_route=\/wp\/v2\/types\/post"}],"author":[{"embeddable":true,"href":"https:\/\/www.pzwnarew.pl\/index.php?rest_route=\/wp\/v2\/users\/2"}],"replies":[{"embeddable":true,"href":"https:\/\/www.pzwnarew.pl\/index.php?rest_route=%2Fwp%2Fv2%2Fcomments&post=4556"}],"version-history":[{"count":5,"href":"https:\/\/www.pzwnarew.pl\/index.php?rest_route=\/wp\/v2\/posts\/4556\/revisions"}],"predecessor-version":[{"id":4562,"href":"https:\/\/www.pzwnarew.pl\/index.php?rest_route=\/wp\/v2\/posts\/4556\/revisions\/4562"}],"wp:attachment":[{"href":"https:\/\/www.pzwnarew.pl\/index.php?rest_route=%2Fwp%2Fv2%2Fmedia&parent=4556"}],"wp:term":[{"taxonomy":"category","embeddable":true,"href":"https:\/\/www.pzwnarew.pl\/index.php?rest_route=%2Fwp%2Fv2%2Fcategories&post=4556"},{"taxonomy":"post_tag","embeddable":true,"href":"https:\/\/www.pzwnarew.pl\/index.php?rest_route=%2Fwp%2Fv2%2Ftags&post=4556"}],"curies":[{"name":"wp","href":"https:\/\/api.w.org\/{rel}","templated":true}]}}