{"id":4463,"date":"2013-05-29T15:09:43","date_gmt":"2013-05-29T14:09:43","guid":{"rendered":"http:\/\/www.ostroleka.com.pl\/pzw-narew38\/?p=4463"},"modified":"2013-07-11T19:34:08","modified_gmt":"2013-07-11T18:34:08","slug":"wystep-naszej-kadry-na-vii-ogolnopolskiej-olimpiadzie-mlodziezowej-w-sportach-wedkarskich","status":"publish","type":"post","link":"https:\/\/www.pzwnarew.pl\/?p=4463","title":{"rendered":"Wyst\u0119p naszej kadry na VII Og\u00f3lnopolskiej Olimpiadzie M\u0142odzie\u017cowej w Sportach W\u0119dkarskich"},"content":{"rendered":"<p style=\"text-align: left;\" align=\"center\">W dniach 25-26.05.2013r. odby\u0142a si\u0119 w Wyszkowie VII Og\u00f3lnopolska Olimpiada M\u0142odzie\u017cy w Sportach <a href=\"http:\/\/www.ostroleka.com.pl\/pzw-narew38\/wp-content\/uploads\/2013\/06\/S6000155.jpg\"><img loading=\"lazy\" decoding=\"async\" class=\"alignright size-thumbnail wp-image-4466\" alt=\"\" src=\"http:\/\/www.ostroleka.com.pl\/pzw-narew38\/wp-content\/uploads\/2013\/06\/S6000155-150x150.jpg\" width=\"150\" height=\"150\" \/><\/a>W\u0119dkarskich.<\/p>\n<p style=\"text-align: left;\" align=\"center\">Dzi\u0119ki du\u017cemu zaanga\u017cowaniu ze strony\u00a0koleg\u00f3w z\u00a0naszego Ko\u0142a\u00a0 ( Grzegorz Tyszka, Piotr Wrzeszcz, Micha\u0142 Terlikowski )\u00a0\u00a0\u00a0i trenera Zdzis\u0142awa Sienickiego, \u00a0kadra naszej M\u0142odzie\u017cowej Szk\u00f3\u0142ki &#8222;Tr\u00f3jka Leszcze&#8221; przy kole Narew 38\u00a0zdobywa coraz to lepsze miejsca. W tr\u00f3jboju rzutowym zaj\u0119li V miejsce w sk\u0142adzie:<!--more--><\/p>\n<p style=\"text-align: left;\" align=\"center\">-Terlikowski Piotr<\/p>\n<p style=\"text-align: left;\" align=\"center\">-Zawojek Dominik<\/p>\n<p style=\"text-align: left;\" align=\"center\">-Zawojek Marcin<\/p>\n<p style=\"text-align: left;\" align=\"center\">Gratulujemy i \u017cyczymy dalszych sukces\u00f3w.<\/p>\n<p><a href=\"http:\/\/www.youtube.com\/watch?feature=player_embedded&amp;v=orwpbM_UjK0#at=997\"><\/p>\n<p style=\"text-align: left;\" align=\"center\"><img loading=\"lazy\" decoding=\"async\" class=\"aligncenter size-full wp-image-4519\" alt=\"beznazwy\" src=\"http:\/\/www.ostroleka.com.pl\/pzw-narew38\/wp-content\/uploads\/2013\/06\/beznazwy.png\" width=\"170\" height=\"151\" \/><\/p>\n<p><\/a><\/p>\n<p style=\"text-align: left;\" align=\"center\"><a href=\"http:\/\/www.ostroleka.com.pl\/gallery_pzw\/thumbnails.php?album=122\"><img loading=\"lazy\" decoding=\"async\" class=\"aligncenter size-full wp-image-4190\" alt=\"play galeria\" src=\"http:\/\/www.ostroleka.com.pl\/pzw-narew38\/wp-content\/uploads\/2013\/04\/play-galeria.jpg\" width=\"342\" height=\"213\" srcset=\"https:\/\/www.pzwnarew.pl\/wp-content\/uploads\/2013\/04\/play-galeria.jpg 342w, https:\/\/www.pzwnarew.pl\/wp-content\/uploads\/2013\/04\/play-galeria-300x186.jpg 300w\" sizes=\"auto, (max-width: 342px) 100vw, 342px\" \/><\/a><\/p>\n","protected":false},"excerpt":{"rendered":"<p>W dniach 25-26.05.2013r. odby\u0142a si\u0119 w Wyszkowie VII Og\u00f3lnopolska Olimpiada M\u0142odzie\u017cy w Sportach W\u0119dkarskich. Dzi\u0119ki du\u017cemu zaanga\u017cowaniu ze strony\u00a0koleg\u00f3w z\u00a0naszego Ko\u0142a\u00a0 ( Grzegorz Tyszka, Piotr Wrzeszcz, Micha\u0142 Terlikowski )\u00a0\u00a0\u00a0i trenera Zdzis\u0142awa Sienickiego, \u00a0kadra naszej M\u0142odzie\u017cowej Szk\u00f3\u0142ki &#8222;Tr\u00f3jka Leszcze&#8221; przy kole Narew 38\u00a0zdobywa coraz to lepsze miejsca. W tr\u00f3jboju rzutowym zaj\u0119li V miejsce w sk\u0142adzie:<\/p>\n","protected":false},"author":2,"featured_media":0,"comment_status":"open","ping_status":"closed","sticky":false,"template":"","format":"standard","meta":{"footnotes":""},"categories":[20,27],"tags":[],"class_list":["post-4463","post","type-post","status-publish","format-standard","hentry","category-newsy","category-trojna"],"_links":{"self":[{"href":"https:\/\/www.pzwnarew.pl\/index.php?rest_route=\/wp\/v2\/posts\/4463","targetHints":{"allow":["GET"]}}],"collection":[{"href":"https:\/\/www.pzwnarew.pl\/index.php?rest_route=\/wp\/v2\/posts"}],"about":[{"href":"https:\/\/www.pzwnarew.pl\/index.php?rest_route=\/wp\/v2\/types\/post"}],"author":[{"embeddable":true,"href":"https:\/\/www.pzwnarew.pl\/index.php?rest_route=\/wp\/v2\/users\/2"}],"replies":[{"embeddable":true,"href":"https:\/\/www.pzwnarew.pl\/index.php?rest_route=%2Fwp%2Fv2%2Fcomments&post=4463"}],"version-history":[{"count":7,"href":"https:\/\/www.pzwnarew.pl\/index.php?rest_route=\/wp\/v2\/posts\/4463\/revisions"}],"predecessor-version":[{"id":4609,"href":"https:\/\/www.pzwnarew.pl\/index.php?rest_route=\/wp\/v2\/posts\/4463\/revisions\/4609"}],"wp:attachment":[{"href":"https:\/\/www.pzwnarew.pl\/index.php?rest_route=%2Fwp%2Fv2%2Fmedia&parent=4463"}],"wp:term":[{"taxonomy":"category","embeddable":true,"href":"https:\/\/www.pzwnarew.pl\/index.php?rest_route=%2Fwp%2Fv2%2Fcategories&post=4463"},{"taxonomy":"post_tag","embeddable":true,"href":"https:\/\/www.pzwnarew.pl\/index.php?rest_route=%2Fwp%2Fv2%2Ftags&post=4463"}],"curies":[{"name":"wp","href":"https:\/\/api.w.org\/{rel}","templated":true}]}}