{"id":4451,"date":"2013-06-02T18:28:42","date_gmt":"2013-06-02T17:28:42","guid":{"rendered":"http:\/\/www.ostroleka.com.pl\/pzw-narew38\/?p=4451"},"modified":"2013-06-02T18:28:42","modified_gmt":"2013-06-02T17:28:42","slug":"swieto-dzieci","status":"publish","type":"post","link":"https:\/\/www.pzwnarew.pl\/?p=4451","title":{"rendered":"\u015aWI\u0118TO  DZIECI"},"content":{"rendered":"<p>Dzie\u0144 dziecka w kola Narew 38 tradycyjnie obchodzony jest festynem rodzinnym\u00a0 zawodami w\u0119dkarskimi, <a href=\"http:\/\/www.ostroleka.com.pl\/pzw-narew38\/wp-content\/uploads\/2013\/06\/IMG_0130.jpg\"><img loading=\"lazy\" decoding=\"async\" class=\"alignright size-thumbnail wp-image-4456\" alt=\"IMG_0130\" src=\"http:\/\/www.ostroleka.com.pl\/pzw-narew38\/wp-content\/uploads\/2013\/06\/IMG_0130-150x150.jpg\" width=\"150\" height=\"150\" \/><\/a>konkursami zr\u0119czno\u015bciowymi , grillowaniem i objadaniem si\u0119 p\u0105czkami.<\/p>\n<p>W tym roku Dzie\u0144 dziecka zorganizowano na \u0142owisku komercyjnym Pana Leszka Bia\u0142obrzeskiego w Bia\u0142obrzegu Bli\u017cszym. Pocz\u0105tek festynu to tradycyjnie ju\u017c zawody sp\u0142awikowe o Mistrzostwo Ko\u0142a Narew w Sp\u0142awiku w kategoriach kadet\u00f3w i junior\u00f3w.<!--more--><\/p>\n<p>Dzieci walczy\u0142y dzielnie , \u0142owisko dopisa\u0142o i w sadzach meldowa\u0142y si\u0119 t\u0142uste karpie, karasie , liny i o dziwo tak\u017ce pstr\u0105gi.<\/p>\n<p>Najwi\u0119ksza ryba zawod\u00f3w to kilowy karp z\u0142owiony przez Aleksandra Paliwod\u0119.<\/p>\n<p>Najm\u0142odszy z zawodnik\u00f3w Szymu\u015b Kupniewski &#8211; lat 4- z\u0142owi\u0142 w sumie trzy karpie i jednego pstr\u0105ga da\u0142o to mu trzecie miejsce w kategorii kadet\u00f3w.<\/p>\n<p>Rozegrano tak\u017ce konkursy zr\u0119czno\u015bciowe \u201ew\u0119dkowanie do celu\u201d i \u201ew\u0119dka szcz\u0119\u015bcia\u201d.<\/p>\n<p>Dzieci mia\u0142y frajd\u0119 poniewa\u017c na terenie \u0142owiska s\u0105 zje\u017cd\u017calnie i hu\u015btawki.<\/p>\n<p>Organizatorzy dzi\u0119kuj\u0105\u00a0\u00a0 za pomoc i wsparcie dzieci\u0119cej imprezy :<\/p>\n<p>&nbsp;<\/p>\n<p><b>\u00a0\u00a0\u00a0\u00a0\u00a0\u00a0\u00a0\u00a0\u00a0\u00a0\u00a0\u00a0\u00a0\u00a0\u00a0 Prezydentowi Miasta Ostro\u0142\u0119ki\u00a0 <\/b><\/p>\n<p><b>\u00a0\u00a0\u00a0\u00a0\u00a0\u00a0\u00a0\u00a0\u00a0\u00a0\u00a0\u00a0\u00a0\u00a0\u00a0 W\u00f3jtowi Gminy Olszewo-Borki<\/b><\/p>\n<p><b>\u00a0\u00a0\u00a0\u00a0\u00a0\u00a0\u00a0\u00a0\u00a0\u00a0\u00a0\u00a0\u00a0\u00a0\u00a0 Firmie Ubezpieczeniowej SIGMA\u00a0 z Ostro\u0142\u0119ki<\/b><\/p>\n<p><b>\u00a0\u00a0\u00a0\u00a0\u00a0\u00a0\u00a0\u00a0\u00a0\u00a0\u00a0\u00a0\u00a0\u00a0\u00a0 Delikatesom Spo\u017cywczym DELICJE z Ostro\u0142\u0119ki ul. Sienkiewicza 5<\/b><\/p>\n<p><b>\u00a0\u00a0\u00a0\u00a0\u00a0\u00a0\u00a0\u00a0\u00a0\u00a0\u00a0\u00a0\u00a0\u00a0\u00a0 Cukierni BIA\u0141OBRZESKI z Ostro\u0142\u0119ki ul Orzeszkowej<\/b><\/p>\n<p><b>\u00a0\u00a0\u00a0\u00a0\u00a0\u00a0\u00a0\u00a0\u00a0\u00a0\u00a0\u00a0\u00a0\u00a0\u00a0 Sklepowi W\u0119dkarskiemu LIN z Ostro\u0142\u0119ki ul. F.Chopina 4<\/b><\/p>\n<p><b>\u00a0\u00a0\u00a0\u00a0\u00a0\u00a0\u00a0\u00a0\u00a0\u00a0\u00a0\u00a0\u00a0\u00a0\u00a0 Panu Mariuszowi Nurczyk<\/b><\/p>\n<p><b>\u00a0\u00a0\u00a0\u00a0\u00a0\u00a0\u00a0\u00a0\u00a0\u00a0\u00a0\u00a0\u00a0\u00a0\u00a0 oraz Panu Leszkowi Bia\u0142obrzeskiemu w\u0142a\u015bcicielowi \u0142owiska w Bia\u0142obrzegu\u00a0 <\/b><\/p>\n<p><b>\u00a0\u00a0\u00a0\u00a0\u00a0\u00a0\u00a0\u00a0\u00a0\u00a0\u00a0\u00a0\u00a0\u00a0\u00a0 Bli\u017cszym za przygotowanie miejsca do w\u0119dkowania<i>.<\/i><\/b><\/p>\n<p><b>\u00a0<\/b><\/p>\n<p><b>Wyniki Zawod\u00f3w w\u0119dkarskich:<\/b><\/p>\n<p>Mistrzostwa Sp\u0142awikowe Kategoria Kadet\u00f3w :<\/p>\n<ol>\n<li>Piotr Terlikowski<\/li>\n<li>Gabrysia Bachmura<\/li>\n<li>Szymu\u015b Kupniewski<\/li>\n<\/ol>\n<p>Mistrzostwa Sp\u0142awikowe kategoria Junior<\/p>\n<ol>\n<li>Patryk Nabia\u0142ek<\/li>\n<li>Marcin Arciechowski<\/li>\n<li>Grzegorz Florczak<\/li>\n<\/ol>\n<p>W\u0119dkowanie do celu :<\/p>\n<ol>\n<li>Dominika Zawojek<\/li>\n<li>Sebastian Kowal<\/li>\n<li>\u00a0\u00a0Jakub W\u00f3jcik<\/li>\n<\/ol>\n<p>W\u0119dka szcz\u0119\u015bcia:<\/p>\n<ol>\n<li>Dominika Zawojek<\/li>\n<li>Marcin Zawojek<\/li>\n<li>\u00a0Grzegorz Florczak<\/li>\n<\/ol>\n<p><a href=\"http:\/\/www.ostroleka.com.pl\/gallery_pzw\/thumbnails.php?album=121\"><img loading=\"lazy\" decoding=\"async\" class=\"aligncenter size-full wp-image-4190\" alt=\"play galeria\" src=\"http:\/\/www.ostroleka.com.pl\/pzw-narew38\/wp-content\/uploads\/2013\/04\/play-galeria.jpg\" width=\"342\" height=\"213\" srcset=\"https:\/\/www.pzwnarew.pl\/wp-content\/uploads\/2013\/04\/play-galeria.jpg 342w, https:\/\/www.pzwnarew.pl\/wp-content\/uploads\/2013\/04\/play-galeria-300x186.jpg 300w\" sizes=\"auto, (max-width: 342px) 100vw, 342px\" \/><\/a><\/p>\n<p>&nbsp;<\/p>\n<p>&nbsp;<\/p>\n","protected":false},"excerpt":{"rendered":"<p>Dzie\u0144 dziecka w kola Narew 38 tradycyjnie obchodzony jest festynem rodzinnym\u00a0 zawodami w\u0119dkarskimi, konkursami zr\u0119czno\u015bciowymi , grillowaniem i objadaniem si\u0119 p\u0105czkami. W tym roku Dzie\u0144 dziecka zorganizowano na \u0142owisku komercyjnym Pana Leszka Bia\u0142obrzeskiego w Bia\u0142obrzegu Bli\u017cszym. Pocz\u0105tek festynu to tradycyjnie ju\u017c zawody sp\u0142awikowe o Mistrzostwo Ko\u0142a Narew w Sp\u0142awiku w kategoriach kadet\u00f3w i junior\u00f3w.<\/p>\n","protected":false},"author":2,"featured_media":0,"comment_status":"open","ping_status":"closed","sticky":false,"template":"","format":"standard","meta":{"footnotes":""},"categories":[20,17],"tags":[],"class_list":["post-4451","post","type-post","status-publish","format-standard","hentry","category-newsy","category-imprezy"],"_links":{"self":[{"href":"https:\/\/www.pzwnarew.pl\/index.php?rest_route=\/wp\/v2\/posts\/4451","targetHints":{"allow":["GET"]}}],"collection":[{"href":"https:\/\/www.pzwnarew.pl\/index.php?rest_route=\/wp\/v2\/posts"}],"about":[{"href":"https:\/\/www.pzwnarew.pl\/index.php?rest_route=\/wp\/v2\/types\/post"}],"author":[{"embeddable":true,"href":"https:\/\/www.pzwnarew.pl\/index.php?rest_route=\/wp\/v2\/users\/2"}],"replies":[{"embeddable":true,"href":"https:\/\/www.pzwnarew.pl\/index.php?rest_route=%2Fwp%2Fv2%2Fcomments&post=4451"}],"version-history":[{"count":6,"href":"https:\/\/www.pzwnarew.pl\/index.php?rest_route=\/wp\/v2\/posts\/4451\/revisions"}],"predecessor-version":[{"id":4458,"href":"https:\/\/www.pzwnarew.pl\/index.php?rest_route=\/wp\/v2\/posts\/4451\/revisions\/4458"}],"wp:attachment":[{"href":"https:\/\/www.pzwnarew.pl\/index.php?rest_route=%2Fwp%2Fv2%2Fmedia&parent=4451"}],"wp:term":[{"taxonomy":"category","embeddable":true,"href":"https:\/\/www.pzwnarew.pl\/index.php?rest_route=%2Fwp%2Fv2%2Fcategories&post=4451"},{"taxonomy":"post_tag","embeddable":true,"href":"https:\/\/www.pzwnarew.pl\/index.php?rest_route=%2Fwp%2Fv2%2Ftags&post=4451"}],"curies":[{"name":"wp","href":"https:\/\/api.w.org\/{rel}","templated":true}]}}