{"id":4412,"date":"2013-05-28T21:05:00","date_gmt":"2013-05-28T20:05:00","guid":{"rendered":"http:\/\/www.ostroleka.com.pl\/pzw-narew38\/?p=4412"},"modified":"2013-05-28T21:05:00","modified_gmt":"2013-05-28T20:05:00","slug":"rozstrzygniecie-konkursu-rysunkowego-i-miejsce-naszego-reprezentanta","status":"publish","type":"post","link":"https:\/\/www.pzwnarew.pl\/?p=4412","title":{"rendered":"Rozstrzygni\u0119cie konkursu rysunkowego ( I miejsce naszego reprezentanta)"},"content":{"rendered":"<p>W niedziel\u0119 12 maja 2013 r. odby\u0142o si\u0119 rozstrzygni\u0119cie konkursu plastycznego og\u0142oszonego przez Komisj\u0119 <a href=\"http:\/\/www.ostroleka.com.pl\/pzw-narew38\/wp-content\/uploads\/2013\/05\/5.jpg\"><img loading=\"lazy\" decoding=\"async\" class=\"alignright size-thumbnail wp-image-4413\" alt=\"5\" src=\"http:\/\/www.ostroleka.com.pl\/pzw-narew38\/wp-content\/uploads\/2013\/05\/5-150x150.jpg\" width=\"150\" height=\"150\" \/><\/a>M\u0142odzie\u017cow\u0105 Okr\u0119gu Mazowieckiego PZW i Zarz\u0105d Ko\u0142a Nr 53 przy Ministerstwie Sprawiedliwo\u015bci w ramach XII edycji \u201eTygodnia Czysto\u015bci W\u00f3d&#8221;. Tematyka prac dotyczy\u0142a uprawiania sportu w\u0119dkarskiego ze szczeg\u00f3lnym uwzgl\u0119dnieniem bezpiecze\u0144stwa nad wod\u0105, a tak\u017ce problematyki ekologii i czysto\u015bci zbiornik\u00f3w wodnych oraz ich otoczenia, pt. \u201eRzeka, jezioro, zalew &#8211; dla ludzi i zwierz\u0105t&#8221;.<\/p>\n<p>Celem konkursu by\u0142o ukazanie za pomoc\u0105 znaku plastycznego, obrazu, tekstu, plakatu lub techniki multimedialnej konieczno\u015bci dbania o bezpiecze\u0144stwo nad wod\u0105 i czysto\u015b\u0107 \u015brodowiska naturalnego.<!--more--><br \/>\nW konkursie wzi\u0119li udzia\u0142 uczniowie szk\u00f3\u0142 podstawowych, gimnazjalnych oraz m\u0142odzie\u017c z 26 k\u00f3\u0142 w\u0119dkarskich i 46 plac\u00f3wek szkolno-wychowawczych. Do oceny nap\u0142yn\u0119\u0142o 228 prac indywidualnych, 9 zbiorowych i 4 multimedialne.<\/p>\n<p>Prace ocenia\u0142a Komisja Konkursowa w sk\u0142adzie: Ewa Urnia\u017c &#8211; Szyma\u0144ska, Irena Sajkowska, Katarzyna Szypszak, Tadeusz Szewczyk i Dariusz Cieszy\u0144ski.<br \/>\nBior\u0105c pod uwag\u0119 walory plastyczne i artystyczne, ekspresj\u0119 plastyczn\u0105 oraz zgodno\u015b\u0107 z tematyk\u0105 konkursu, Komisja postanowi\u0142a wyr\u00f3\u017cni\u0107 i nagrodzi\u0107 ni\u017cej wymienionych autor\u00f3w:<\/p>\n<p><strong><span style=\"text-decoration: underline;\">Kategoria wiekowa 11 &#8211; 13 lat<\/span><\/strong><\/p>\n<p><b><span style=\"color: #ff0000;\">1. Jakub Owczarek l. 11 &#8211; Szko\u0142a Podstawowa nr 6 im. Or\u0142a Bia\u0142ego w Ostro\u0142\u0119ce, Ko\u0142o nr 38 \u201eNarew&#8221; Ostro\u0142\u0119ka.<\/span><br \/>\n<\/b>2. Karolina Bo\u0144czyk l. 12 &#8211; \u015arodowiskowe Ognisko Wychowawcze TPD w Ma\u0142kini G\u00f3rnej, Ko\u0142o nr 65 w Ma\u0142kini.<br \/>\n3. Julia Merecka l. 12 &#8211; Publiczna Szko\u0142a Podstawowa w R\u00f3\u017canie, Ko\u0142o nr 63 \u201eR\u00f3\u017canka&#8221; w R\u00f3\u017canie.<\/p>\n<p>Fot. OMPZW<\/p>\n<p><a href=\"http:\/\/www.ostroleka.com.pl\/pzw-narew38\/wp-content\/uploads\/2013\/05\/3.jpg\"><img loading=\"lazy\" decoding=\"async\" class=\"alignleft size-medium wp-image-4415\" alt=\"3\" src=\"http:\/\/www.ostroleka.com.pl\/pzw-narew38\/wp-content\/uploads\/2013\/05\/3-300x199.jpg\" width=\"300\" height=\"199\" srcset=\"https:\/\/www.pzwnarew.pl\/wp-content\/uploads\/2013\/05\/3-300x199.jpg 300w, https:\/\/www.pzwnarew.pl\/wp-content\/uploads\/2013\/05\/3.jpg 800w\" sizes=\"auto, (max-width: 300px) 100vw, 300px\" \/><\/a><a href=\"http:\/\/www.ostroleka.com.pl\/pzw-narew38\/wp-content\/uploads\/2013\/05\/2.jpg\"><img loading=\"lazy\" decoding=\"async\" class=\"alignleft size-medium wp-image-4416\" alt=\"2\" src=\"http:\/\/www.ostroleka.com.pl\/pzw-narew38\/wp-content\/uploads\/2013\/05\/2-300x199.jpg\" width=\"300\" height=\"199\" srcset=\"https:\/\/www.pzwnarew.pl\/wp-content\/uploads\/2013\/05\/2-300x199.jpg 300w, https:\/\/www.pzwnarew.pl\/wp-content\/uploads\/2013\/05\/2.jpg 800w\" sizes=\"auto, (max-width: 300px) 100vw, 300px\" \/><\/a><a href=\"http:\/\/www.ostroleka.com.pl\/pzw-narew38\/wp-content\/uploads\/2013\/05\/1.jpg\"><img loading=\"lazy\" decoding=\"async\" class=\"alignleft size-medium wp-image-4417\" alt=\"1\" src=\"http:\/\/www.ostroleka.com.pl\/pzw-narew38\/wp-content\/uploads\/2013\/05\/1-300x199.jpg\" width=\"300\" height=\"199\" srcset=\"https:\/\/www.pzwnarew.pl\/wp-content\/uploads\/2013\/05\/1-300x199.jpg 300w, https:\/\/www.pzwnarew.pl\/wp-content\/uploads\/2013\/05\/1.jpg 800w\" sizes=\"auto, (max-width: 300px) 100vw, 300px\" \/><\/a><\/p>\n<p><a href=\"http:\/\/www.ostroleka.com.pl\/pzw-narew38\/wp-content\/uploads\/2013\/05\/4.jpg\"><img loading=\"lazy\" decoding=\"async\" class=\"alignleft size-medium wp-image-4414\" alt=\"4\" src=\"http:\/\/www.ostroleka.com.pl\/pzw-narew38\/wp-content\/uploads\/2013\/05\/4-200x300.jpg\" width=\"200\" height=\"300\" srcset=\"https:\/\/www.pzwnarew.pl\/wp-content\/uploads\/2013\/05\/4-200x300.jpg 200w, https:\/\/www.pzwnarew.pl\/wp-content\/uploads\/2013\/05\/4.jpg 400w\" sizes=\"auto, (max-width: 200px) 100vw, 200px\" \/><\/a><\/p>\n","protected":false},"excerpt":{"rendered":"<p>W niedziel\u0119 12 maja 2013 r. odby\u0142o si\u0119 rozstrzygni\u0119cie konkursu plastycznego og\u0142oszonego przez Komisj\u0119 M\u0142odzie\u017cow\u0105 Okr\u0119gu Mazowieckiego PZW i Zarz\u0105d Ko\u0142a Nr 53 przy Ministerstwie Sprawiedliwo\u015bci w ramach XII edycji \u201eTygodnia Czysto\u015bci W\u00f3d&#8221;. Tematyka prac dotyczy\u0142a uprawiania sportu w\u0119dkarskiego ze szczeg\u00f3lnym uwzgl\u0119dnieniem bezpiecze\u0144stwa nad wod\u0105, a tak\u017ce problematyki ekologii i czysto\u015bci zbiornik\u00f3w wodnych oraz ich otoczenia, pt. \u201eRzeka, jezioro, zalew &#8211; dla ludzi i zwierz\u0105t&#8221;. Celem konkursu by\u0142o ukazanie za pomoc\u0105 znaku plastycznego, obrazu, tekstu, plakatu lub techniki multimedialnej konieczno\u015bci&#8230;<\/p>\n<p class=\"read-more\"><a class=\"btn btn-default\" href=\"https:\/\/www.pzwnarew.pl\/?p=4412\"> Read More<span class=\"screen-reader-text\">  Read More<\/span><\/a><\/p>\n","protected":false},"author":2,"featured_media":0,"comment_status":"open","ping_status":"closed","sticky":false,"template":"","format":"standard","meta":{"footnotes":""},"categories":[20,27],"tags":[],"class_list":["post-4412","post","type-post","status-publish","format-standard","hentry","category-newsy","category-trojna"],"_links":{"self":[{"href":"https:\/\/www.pzwnarew.pl\/index.php?rest_route=\/wp\/v2\/posts\/4412","targetHints":{"allow":["GET"]}}],"collection":[{"href":"https:\/\/www.pzwnarew.pl\/index.php?rest_route=\/wp\/v2\/posts"}],"about":[{"href":"https:\/\/www.pzwnarew.pl\/index.php?rest_route=\/wp\/v2\/types\/post"}],"author":[{"embeddable":true,"href":"https:\/\/www.pzwnarew.pl\/index.php?rest_route=\/wp\/v2\/users\/2"}],"replies":[{"embeddable":true,"href":"https:\/\/www.pzwnarew.pl\/index.php?rest_route=%2Fwp%2Fv2%2Fcomments&post=4412"}],"version-history":[{"count":1,"href":"https:\/\/www.pzwnarew.pl\/index.php?rest_route=\/wp\/v2\/posts\/4412\/revisions"}],"predecessor-version":[{"id":4418,"href":"https:\/\/www.pzwnarew.pl\/index.php?rest_route=\/wp\/v2\/posts\/4412\/revisions\/4418"}],"wp:attachment":[{"href":"https:\/\/www.pzwnarew.pl\/index.php?rest_route=%2Fwp%2Fv2%2Fmedia&parent=4412"}],"wp:term":[{"taxonomy":"category","embeddable":true,"href":"https:\/\/www.pzwnarew.pl\/index.php?rest_route=%2Fwp%2Fv2%2Fcategories&post=4412"},{"taxonomy":"post_tag","embeddable":true,"href":"https:\/\/www.pzwnarew.pl\/index.php?rest_route=%2Fwp%2Fv2%2Ftags&post=4412"}],"curies":[{"name":"wp","href":"https:\/\/api.w.org\/{rel}","templated":true}]}}