{"id":4393,"date":"2013-05-27T19:24:27","date_gmt":"2013-05-27T18:24:27","guid":{"rendered":"http:\/\/www.ostroleka.com.pl\/pzw-narew38\/?p=4393"},"modified":"2013-05-27T20:21:19","modified_gmt":"2013-05-27T19:21:19","slug":"seniorzy-w-akcji","status":"publish","type":"post","link":"https:\/\/www.pzwnarew.pl\/?p=4393","title":{"rendered":"SENIORZY W AKCJI (Kana\u0142 Grunwaldzki)"},"content":{"rendered":"<p>W dniu 27 maja seniorzy w\u0119dkarze z ko\u0142a nr 38 Narew wyruszyli na mazury na wycieczk\u0119 w\u0119dkarsk\u0105.<a href=\"http:\/\/www.ostroleka.com.pl\/pzw-narew38\/wp-content\/uploads\/2013\/05\/IMG_0125.jpg\"><img loading=\"lazy\" decoding=\"async\" class=\"alignright size-thumbnail wp-image-4404\" alt=\"IMG_0125\" src=\"http:\/\/www.ostroleka.com.pl\/pzw-narew38\/wp-content\/uploads\/2013\/05\/IMG_0125-150x150.jpg\" width=\"150\" height=\"150\" \/><\/a><\/p>\n<p>Kilkunastu uczestnik\u00f3w wycieczki nie zrazi\u0142o si\u0119 pochmurna pogod\u0105 chc\u0105c pow\u0119dkowa\u0107 , odpocz\u0105\u0107 i powspomina\u0107 stare dobre czasy.<\/p>\n<p>W naszym kole s\u0105 w\u0119dkarze o kt\u00f3rych nie \u015bni si\u0119 nikomu z m\u0142odego pokolenia. Najstarszym czynnym w\u0119dkarzem tej wycieczki by\u0142 Mieczys\u0142aw Ko\u015bnik lat skromnych 85. Pan Mieczys\u0142aw m\u00f3wi, \u017ce ma 58 \u2013tak to lepiej brzmi- twierdzi senior w\u0119dkarstwa ostro\u0142\u0119ckiego. <!--more-->Jest posiadaczem najstarszego w ostro\u0142\u0119ce blaszanego sadza na ryby , kt\u00f3ry liczy\u00a0 sobie 50 lat.<\/p>\n<p>W\u0119dki Pana Mieczys\u0142awa to wyroby w\u0142asnej produkcji z ja\u0142owca i leszczyny. Ku zdziwieniu wszystkich i na te w\u0119dki Pan Mieczys\u0142aw z\u0142owi\u0142 ryby.<\/p>\n<p>Po w\u0119dkowaniu mi\u0142o by\u0142o powspomina\u0107 przy grillu histori\u0119 , w tej dziedzinie niezast\u0105pion\u0105 skarbnic\u0105 wiedzy jest Tadeusz \u017bebrowski by\u0142y sekretarz ko\u0142a.<\/p>\n<p>Wszyscy uczestnicy wycieczki twierdza, \u017ce spotkaj\u0105 si\u0119 za rok. Takie zapewnienie otrzymali r\u00f3wnie\u017c od Prezesa Andrzeja Raszkiewicza.<\/p>\n<p><a href=\"http:\/\/www.ostroleka.com.pl\/gallery_pzw\/thumbnails.php?album=119\"><img loading=\"lazy\" decoding=\"async\" class=\"aligncenter size-full wp-image-4190\" alt=\"play galeria\" src=\"http:\/\/www.ostroleka.com.pl\/pzw-narew38\/wp-content\/uploads\/2013\/04\/play-galeria.jpg\" width=\"342\" height=\"213\" srcset=\"https:\/\/www.pzwnarew.pl\/wp-content\/uploads\/2013\/04\/play-galeria.jpg 342w, https:\/\/www.pzwnarew.pl\/wp-content\/uploads\/2013\/04\/play-galeria-300x186.jpg 300w\" sizes=\"auto, (max-width: 342px) 100vw, 342px\" \/><\/a><\/p>\n<p>&nbsp;<\/p>\n<p>&nbsp;<\/p>\n<p>&nbsp;<\/p>\n","protected":false},"excerpt":{"rendered":"<p>W dniu 27 maja seniorzy w\u0119dkarze z ko\u0142a nr 38 Narew wyruszyli na mazury na wycieczk\u0119 w\u0119dkarsk\u0105. Kilkunastu uczestnik\u00f3w wycieczki nie zrazi\u0142o si\u0119 pochmurna pogod\u0105 chc\u0105c pow\u0119dkowa\u0107 , odpocz\u0105\u0107 i powspomina\u0107 stare dobre czasy. W naszym kole s\u0105 w\u0119dkarze o kt\u00f3rych nie \u015bni si\u0119 nikomu z m\u0142odego pokolenia. Najstarszym czynnym w\u0119dkarzem tej wycieczki by\u0142 Mieczys\u0142aw Ko\u015bnik lat skromnych 85. Pan Mieczys\u0142aw m\u00f3wi, \u017ce ma 58 \u2013tak to lepiej brzmi- twierdzi senior w\u0119dkarstwa ostro\u0142\u0119ckiego.<\/p>\n","protected":false},"author":2,"featured_media":0,"comment_status":"open","ping_status":"closed","sticky":false,"template":"","format":"standard","meta":{"footnotes":""},"categories":[20,17],"tags":[],"class_list":["post-4393","post","type-post","status-publish","format-standard","hentry","category-newsy","category-imprezy"],"_links":{"self":[{"href":"https:\/\/www.pzwnarew.pl\/index.php?rest_route=\/wp\/v2\/posts\/4393","targetHints":{"allow":["GET"]}}],"collection":[{"href":"https:\/\/www.pzwnarew.pl\/index.php?rest_route=\/wp\/v2\/posts"}],"about":[{"href":"https:\/\/www.pzwnarew.pl\/index.php?rest_route=\/wp\/v2\/types\/post"}],"author":[{"embeddable":true,"href":"https:\/\/www.pzwnarew.pl\/index.php?rest_route=\/wp\/v2\/users\/2"}],"replies":[{"embeddable":true,"href":"https:\/\/www.pzwnarew.pl\/index.php?rest_route=%2Fwp%2Fv2%2Fcomments&post=4393"}],"version-history":[{"count":4,"href":"https:\/\/www.pzwnarew.pl\/index.php?rest_route=\/wp\/v2\/posts\/4393\/revisions"}],"predecessor-version":[{"id":4405,"href":"https:\/\/www.pzwnarew.pl\/index.php?rest_route=\/wp\/v2\/posts\/4393\/revisions\/4405"}],"wp:attachment":[{"href":"https:\/\/www.pzwnarew.pl\/index.php?rest_route=%2Fwp%2Fv2%2Fmedia&parent=4393"}],"wp:term":[{"taxonomy":"category","embeddable":true,"href":"https:\/\/www.pzwnarew.pl\/index.php?rest_route=%2Fwp%2Fv2%2Fcategories&post=4393"},{"taxonomy":"post_tag","embeddable":true,"href":"https:\/\/www.pzwnarew.pl\/index.php?rest_route=%2Fwp%2Fv2%2Ftags&post=4393"}],"curies":[{"name":"wp","href":"https:\/\/api.w.org\/{rel}","templated":true}]}}