{"id":4302,"date":"2013-05-09T19:32:26","date_gmt":"2013-05-09T18:32:26","guid":{"rendered":"http:\/\/www.ostroleka.com.pl\/pzw-narew38\/?p=4302"},"modified":"2013-05-13T07:44:38","modified_gmt":"2013-05-13T06:44:38","slug":"przebieg-dnia-ziemii-12-maja-2013","status":"publish","type":"post","link":"https:\/\/www.pzwnarew.pl\/?p=4302","title":{"rendered":"\u015awiatowy Dzie\u0144 Ziemi z PZW NAREW 38"},"content":{"rendered":"<p>Kolejny fina\u0142 <b>\u015awiatowego Dnia Ziemi<\/b> ju\u017c za nami. Po raz pierwszy od lat nie dopisa\u0142a pogoda, ale za to dopisali <a href=\"http:\/\/www.ostroleka.com.pl\/pzw-narew38\/wp-content\/uploads\/2013\/05\/IMG_0027.jpg\"><img loading=\"lazy\" decoding=\"async\" class=\"alignright size-thumbnail wp-image-4312\" alt=\"IMG_0027\" src=\"http:\/\/www.ostroleka.com.pl\/pzw-narew38\/wp-content\/uploads\/2013\/05\/IMG_0027-150x150.jpg\" width=\"150\" height=\"150\" \/><\/a>uczestnicy. Mimo deszczu wielu \u00a0Ostro\u0142\u0119czan przyby\u0142o do karczmy kurpiowskiej Ostoja, by wsp\u00f3lnie uczci\u0107 <b>Dzie\u0144 Ziemi<\/b>, wzi\u0105\u0107 udzia\u0142 w warsztatach, konkursach, dzia\u0142aniach edukacyjnych i zbi\u00f3rce odpad\u00f3w. W \u015br\u00f3d wielu wystaw jakie mogli\u015bmy ogl\u0105da\u0107 nasze ko\u0142o w\u0119dkarskie wystawi\u0142o si\u0119 z w\u0142asnym stoiskiem. Podczas festynu mo\u017cna by\u0142o zda\u0107 <!--more-->egzamin na kart\u0119 w\u0119dkarsk\u0105, oraz porozmawia\u0107 o metodach i technikach \u0142owienia ryb na rzekach i spokojnych akwenach wodnych.<\/p>\n<p>Podczas imprezy, zorganizowana zosta\u0142a wymiana elektro\u015bmieci na sadzonki drzew iglastych. Organizatorami imprezy byli: Stowarzyszenie Ekomena, Mazowiecki O\u015brodek Doradztwa Rolniczego, Punkt Informacyjny Europe Direct &#8211; Ostro\u0142\u0119ka, Zesp\u00f3\u0142 Szk\u00f3\u0142 Zawodowych nr 4 i Zesp\u00f3\u0142 Szk\u00f3\u0142 Spo\u0142ecznego Towarzystwa O\u015bwiatowego w Ostro\u0142\u0119ce.<a href=\"http:\/\/www.ostroleka.com.pl\/gallery_pzw\/thumbnails.php?album=117\"><img loading=\"lazy\" decoding=\"async\" class=\"aligncenter size-full wp-image-4190\" alt=\"play galeria\" src=\"http:\/\/www.ostroleka.com.pl\/pzw-narew38\/wp-content\/uploads\/2013\/04\/play-galeria.jpg\" width=\"342\" height=\"213\" srcset=\"https:\/\/www.pzwnarew.pl\/wp-content\/uploads\/2013\/04\/play-galeria.jpg 342w, https:\/\/www.pzwnarew.pl\/wp-content\/uploads\/2013\/04\/play-galeria-300x186.jpg 300w\" sizes=\"auto, (max-width: 342px) 100vw, 342px\" \/><\/a><\/p>\n<p>&nbsp;<\/p>\n<p>&nbsp;<\/p>\n<p>&nbsp;<\/p>\n","protected":false},"excerpt":{"rendered":"<p>Kolejny fina\u0142 \u015awiatowego Dnia Ziemi ju\u017c za nami. Po raz pierwszy od lat nie dopisa\u0142a pogoda, ale za to dopisali uczestnicy. Mimo deszczu wielu \u00a0Ostro\u0142\u0119czan przyby\u0142o do karczmy kurpiowskiej Ostoja, by wsp\u00f3lnie uczci\u0107 Dzie\u0144 Ziemi, wzi\u0105\u0107 udzia\u0142 w warsztatach, konkursach, dzia\u0142aniach edukacyjnych i zbi\u00f3rce odpad\u00f3w. W \u015br\u00f3d wielu wystaw jakie mogli\u015bmy ogl\u0105da\u0107 nasze ko\u0142o w\u0119dkarskie wystawi\u0142o si\u0119 z w\u0142asnym stoiskiem. Podczas festynu mo\u017cna by\u0142o zda\u0107<\/p>\n","protected":false},"author":2,"featured_media":0,"comment_status":"open","ping_status":"closed","sticky":false,"template":"","format":"standard","meta":{"footnotes":""},"categories":[20],"tags":[],"class_list":["post-4302","post","type-post","status-publish","format-standard","hentry","category-newsy"],"_links":{"self":[{"href":"https:\/\/www.pzwnarew.pl\/index.php?rest_route=\/wp\/v2\/posts\/4302","targetHints":{"allow":["GET"]}}],"collection":[{"href":"https:\/\/www.pzwnarew.pl\/index.php?rest_route=\/wp\/v2\/posts"}],"about":[{"href":"https:\/\/www.pzwnarew.pl\/index.php?rest_route=\/wp\/v2\/types\/post"}],"author":[{"embeddable":true,"href":"https:\/\/www.pzwnarew.pl\/index.php?rest_route=\/wp\/v2\/users\/2"}],"replies":[{"embeddable":true,"href":"https:\/\/www.pzwnarew.pl\/index.php?rest_route=%2Fwp%2Fv2%2Fcomments&post=4302"}],"version-history":[{"count":8,"href":"https:\/\/www.pzwnarew.pl\/index.php?rest_route=\/wp\/v2\/posts\/4302\/revisions"}],"predecessor-version":[{"id":4314,"href":"https:\/\/www.pzwnarew.pl\/index.php?rest_route=\/wp\/v2\/posts\/4302\/revisions\/4314"}],"wp:attachment":[{"href":"https:\/\/www.pzwnarew.pl\/index.php?rest_route=%2Fwp%2Fv2%2Fmedia&parent=4302"}],"wp:term":[{"taxonomy":"category","embeddable":true,"href":"https:\/\/www.pzwnarew.pl\/index.php?rest_route=%2Fwp%2Fv2%2Fcategories&post=4302"},{"taxonomy":"post_tag","embeddable":true,"href":"https:\/\/www.pzwnarew.pl\/index.php?rest_route=%2Fwp%2Fv2%2Ftags&post=4302"}],"curies":[{"name":"wp","href":"https:\/\/api.w.org\/{rel}","templated":true}]}}