{"id":4272,"date":"2013-05-06T19:30:43","date_gmt":"2013-05-06T18:30:43","guid":{"rendered":"http:\/\/www.ostroleka.com.pl\/pzw-narew38\/?p=4272"},"modified":"2015-03-13T23:01:26","modified_gmt":"2015-03-13T22:01:26","slug":"wspolna-akcja-spolecznej-strazy-rybackiej","status":"publish","type":"post","link":"https:\/\/www.pzwnarew.pl\/?p=4272","title":{"rendered":"Wsp\u00f3lna akcja Spo\u0142ecznej Stra\u017cy Rybackiej"},"content":{"rendered":"<p>W dniu 6 maja br. Spo\u0142eczna Stra\u017c Rybacka z ko\u0142a Narew oraz Energopap<img loading=\"lazy\" decoding=\"async\" class=\"alignright wp-image-4273 size-thumbnail\" src=\"http:\/\/www.pzwnarew.pl\/wp-content\/uploads\/2013\/05\/Zdj\u0119cie-076-150x150.jpg\" alt=\"Zdj\u0119cie 076\" width=\"150\" height=\"150\" \/><br \/>\ndwiema motor\u00f3wkami wsp\u00f3lnie przyst\u0105pi\u0142a do akcji \u00a0\u201eTar\u0142o\u201d. Ma to na celu podnie\u015b\u0107 bezpiecze\u0144stwo wytarcia si\u0119\u00a0ryb i uzyskania jak najwi\u0119cej narybku\u00a0nad rzek\u0105 Narew i wodach naszego powiatu (Omulew, Szkwa,<br \/>\nOrz) . Propozycja wsp\u00f3lnych patroli zosta\u0142a zainicjowana przez pe\u0142ni\u0105cego<br \/>\nobowi\u0105zki dow\u00f3dc\u0119 grupy Pana Grzegorza Kowalczyka. Pomys\u0142 po\u0142\u0105czenia patrolu SSR Narew i SSR Energopap jest bardzo dobry i na pewno przyniesie po\u017c\u0105dane efekty.\u00a0 My jako stra\u017cnicy zyskujemy wsparcie obustronne<br \/>\ni ochron\u0119 co w dzisiejszych czasach jest wa\u017cne powiedzia\u0142 Pan Grzegorz.Patrol trwa\u0142<!--more--><br \/>\noko\u0142o pi\u0119ciu godzin zostali skontrolowani wszyscy w\u0119dkarze nad Narwi\u0105, nieprawid\u0142owo\u015bci<br \/>\nw dniu dzisiejszym nie by\u0142o. Stwierdzono \u017ce akcja wsp\u00f3lnych patroli b\u0119dzie<br \/>\nkontynuowana dzi\u0119ki \u017cyczliwo\u015bci SSR Narew i Energopap, za co serdecznie<br \/>\ndzi\u0119kujemy. Podzi\u0119kowania nale\u017c\u0105 sie przede wszystkim \u00a0naszym stra\u017cnikom kt\u00f3rzy spo\u0142ecznie kontroluj\u0105 nasze wody i pracuj\u0105 nad tym, \u017ceby nasze wody by\u0142y czyste i rybne .<\/p>\n<p><a href=\"http:\/\/www.ostroleka.com.pl\/gallery_pzw\/thumbnails.php?album=115\"><img loading=\"lazy\" decoding=\"async\" class=\"aligncenter wp-image-4190 size-medium\" src=\"http:\/\/www.pzwnarew.pl\/wp-content\/uploads\/2013\/04\/play-galeria-300x186.jpg\" alt=\"play galeria\" width=\"300\" height=\"186\" srcset=\"https:\/\/www.pzwnarew.pl\/wp-content\/uploads\/2013\/04\/play-galeria-300x186.jpg 300w, https:\/\/www.pzwnarew.pl\/wp-content\/uploads\/2013\/04\/play-galeria.jpg 342w\" sizes=\"auto, (max-width: 300px) 100vw, 300px\" \/><\/a><\/p>\n<p>&nbsp;<\/p>\n","protected":false},"excerpt":{"rendered":"<p>W dniu 6 maja br. Spo\u0142eczna Stra\u017c Rybacka z ko\u0142a Narew oraz Energopap dwiema motor\u00f3wkami wsp\u00f3lnie przyst\u0105pi\u0142a do akcji \u00a0\u201eTar\u0142o\u201d. Ma to na celu podnie\u015b\u0107 bezpiecze\u0144stwo wytarcia si\u0119\u00a0ryb i uzyskania jak najwi\u0119cej narybku\u00a0nad rzek\u0105 Narew i wodach naszego powiatu (Omulew, Szkwa, Orz) . Propozycja wsp\u00f3lnych patroli zosta\u0142a zainicjowana przez pe\u0142ni\u0105cego obowi\u0105zki dow\u00f3dc\u0119 grupy Pana Grzegorza Kowalczyka. Pomys\u0142 po\u0142\u0105czenia patrolu SSR Narew i SSR Energopap jest bardzo dobry i na pewno przyniesie po\u017c\u0105dane efekty.\u00a0 My jako stra\u017cnicy zyskujemy wsparcie obustronne i&#8230;<\/p>\n<p class=\"read-more\"><a class=\"btn btn-default\" href=\"https:\/\/www.pzwnarew.pl\/?p=4272\"> Read More<span class=\"screen-reader-text\">  Read More<\/span><\/a><\/p>\n","protected":false},"author":2,"featured_media":0,"comment_status":"open","ping_status":"closed","sticky":false,"template":"","format":"standard","meta":{"footnotes":""},"categories":[20,24],"tags":[],"class_list":["post-4272","post","type-post","status-publish","format-standard","hentry","category-newsy","category-ochrona-wod"],"_links":{"self":[{"href":"https:\/\/www.pzwnarew.pl\/index.php?rest_route=\/wp\/v2\/posts\/4272","targetHints":{"allow":["GET"]}}],"collection":[{"href":"https:\/\/www.pzwnarew.pl\/index.php?rest_route=\/wp\/v2\/posts"}],"about":[{"href":"https:\/\/www.pzwnarew.pl\/index.php?rest_route=\/wp\/v2\/types\/post"}],"author":[{"embeddable":true,"href":"https:\/\/www.pzwnarew.pl\/index.php?rest_route=\/wp\/v2\/users\/2"}],"replies":[{"embeddable":true,"href":"https:\/\/www.pzwnarew.pl\/index.php?rest_route=%2Fwp%2Fv2%2Fcomments&post=4272"}],"version-history":[{"count":13,"href":"https:\/\/www.pzwnarew.pl\/index.php?rest_route=\/wp\/v2\/posts\/4272\/revisions"}],"predecessor-version":[{"id":6005,"href":"https:\/\/www.pzwnarew.pl\/index.php?rest_route=\/wp\/v2\/posts\/4272\/revisions\/6005"}],"wp:attachment":[{"href":"https:\/\/www.pzwnarew.pl\/index.php?rest_route=%2Fwp%2Fv2%2Fmedia&parent=4272"}],"wp:term":[{"taxonomy":"category","embeddable":true,"href":"https:\/\/www.pzwnarew.pl\/index.php?rest_route=%2Fwp%2Fv2%2Fcategories&post=4272"},{"taxonomy":"post_tag","embeddable":true,"href":"https:\/\/www.pzwnarew.pl\/index.php?rest_route=%2Fwp%2Fv2%2Ftags&post=4272"}],"curies":[{"name":"wp","href":"https:\/\/api.w.org\/{rel}","templated":true}]}}