{"id":4158,"date":"2013-04-18T08:07:53","date_gmt":"2013-04-18T07:07:53","guid":{"rendered":"http:\/\/www.ostroleka.com.pl\/pzw-narew38\/?p=4158"},"modified":"2015-03-13T23:02:17","modified_gmt":"2015-03-13T22:02:17","slug":"woda-zalala-boksy-na-plazy","status":"publish","type":"post","link":"https:\/\/www.pzwnarew.pl\/?p=4158","title":{"rendered":"Narew zalewa boksy na pla\u017cy"},"content":{"rendered":"<p>Z dnia na dzie\u0144 jest cieplej, a co za tym idzie? podwy\u017csza si\u0119 stan wody w rzekach.\u00a014 kwietnia Spo\u0142eczna <a href=\"http:\/\/www.ostroleka.com.pl\/pzw-narew38\/wp-content\/uploads\/2013\/04\/SANY0224.jpg\"><img loading=\"lazy\" decoding=\"async\" class=\"alignright wp-image-4160 size-thumbnail\" src=\"http:\/\/www.pzwnarew.pl\/wp-content\/uploads\/2013\/04\/SANY0224-150x150.jpg\" alt=\"SANYO DIGITAL CAMERA\" width=\"150\" height=\"150\" \/><\/a>Stra\u017c Rybacka dzia\u0142aj\u0105ca\u00a0przy naszym kole\u00a0zapobiegawczo wyprowadzi\u0142a motor\u00f3wki oraz sprz\u0119t z boks\u00f3w z nad Narwi. W dniu\u00a017 kwietnia\u00a0woda wdar\u0142a si\u0119 ju\u017c do \u015brodka i nie umo\u017cliwi\u0142a dalszego trzymania tam sprz\u0119tu. \u00a0Woda nadal przybiera i to do\u015b\u0107 szybko. Jeszcze dwa dni temu da\u0142o sie normalnie doj\u015b\u0107 do boks\u00f3w, dzi\u015b juz si\u0119 nie da. Woda zala\u0142a drog\u0119 dojazdow\u0105 do pla\u017cy. Wdziera si\u0119 na wa\u0142 przeciwpowodziowy. W dniu dzisiejszym\u00a0(19.04.2013)\u00a0woda na Narwi\u00a0przekroczy\u0142a stan ostrzegawczy\u00a0wynosi\u00a0364 cm (Stan ostrzegawczy &#8211; 360 cm), (Stan alarmowy &#8211; 380 cm)<!--more--><\/p>\n<p style=\"text-align: center;\">\u00a0<a href=\"http:\/\/www.ostroleka.com.pl\/gallery_pzw\/thumbnails.php?album=113\"><img loading=\"lazy\" decoding=\"async\" class=\"aligncenter wp-image-4190 size-full\" src=\"http:\/\/www.pzwnarew.pl\/wp-content\/uploads\/2013\/04\/play-galeria.jpg\" alt=\"play galeria\" width=\"342\" height=\"213\" srcset=\"https:\/\/www.pzwnarew.pl\/wp-content\/uploads\/2013\/04\/play-galeria.jpg 342w, https:\/\/www.pzwnarew.pl\/wp-content\/uploads\/2013\/04\/play-galeria-300x186.jpg 300w\" sizes=\"auto, (max-width: 342px) 100vw, 342px\" \/><\/a><\/p>\n<p>&nbsp;<\/p>\n<p>&nbsp;<\/p>\n<p>&nbsp;<\/p>\n","protected":false},"excerpt":{"rendered":"<p>Z dnia na dzie\u0144 jest cieplej, a co za tym idzie? podwy\u017csza si\u0119 stan wody w rzekach.\u00a014 kwietnia Spo\u0142eczna Stra\u017c Rybacka dzia\u0142aj\u0105ca\u00a0przy naszym kole\u00a0zapobiegawczo wyprowadzi\u0142a motor\u00f3wki oraz sprz\u0119t z boks\u00f3w z nad Narwi. W dniu\u00a017 kwietnia\u00a0woda wdar\u0142a si\u0119 ju\u017c do \u015brodka i nie umo\u017cliwi\u0142a dalszego trzymania tam sprz\u0119tu. \u00a0Woda nadal przybiera i to do\u015b\u0107 szybko. Jeszcze dwa dni temu da\u0142o sie normalnie doj\u015b\u0107 do boks\u00f3w, dzi\u015b juz si\u0119 nie da. Woda zala\u0142a drog\u0119 dojazdow\u0105 do pla\u017cy. Wdziera si\u0119 na wa\u0142&#8230;<\/p>\n<p class=\"read-more\"><a class=\"btn btn-default\" href=\"https:\/\/www.pzwnarew.pl\/?p=4158\"> Read More<span class=\"screen-reader-text\">  Read More<\/span><\/a><\/p>\n","protected":false},"author":2,"featured_media":0,"comment_status":"open","ping_status":"closed","sticky":false,"template":"","format":"standard","meta":{"footnotes":""},"categories":[20,24],"tags":[],"class_list":["post-4158","post","type-post","status-publish","format-standard","hentry","category-newsy","category-ochrona-wod"],"_links":{"self":[{"href":"https:\/\/www.pzwnarew.pl\/index.php?rest_route=\/wp\/v2\/posts\/4158","targetHints":{"allow":["GET"]}}],"collection":[{"href":"https:\/\/www.pzwnarew.pl\/index.php?rest_route=\/wp\/v2\/posts"}],"about":[{"href":"https:\/\/www.pzwnarew.pl\/index.php?rest_route=\/wp\/v2\/types\/post"}],"author":[{"embeddable":true,"href":"https:\/\/www.pzwnarew.pl\/index.php?rest_route=\/wp\/v2\/users\/2"}],"replies":[{"embeddable":true,"href":"https:\/\/www.pzwnarew.pl\/index.php?rest_route=%2Fwp%2Fv2%2Fcomments&post=4158"}],"version-history":[{"count":21,"href":"https:\/\/www.pzwnarew.pl\/index.php?rest_route=\/wp\/v2\/posts\/4158\/revisions"}],"predecessor-version":[{"id":6009,"href":"https:\/\/www.pzwnarew.pl\/index.php?rest_route=\/wp\/v2\/posts\/4158\/revisions\/6009"}],"wp:attachment":[{"href":"https:\/\/www.pzwnarew.pl\/index.php?rest_route=%2Fwp%2Fv2%2Fmedia&parent=4158"}],"wp:term":[{"taxonomy":"category","embeddable":true,"href":"https:\/\/www.pzwnarew.pl\/index.php?rest_route=%2Fwp%2Fv2%2Fcategories&post=4158"},{"taxonomy":"post_tag","embeddable":true,"href":"https:\/\/www.pzwnarew.pl\/index.php?rest_route=%2Fwp%2Fv2%2Ftags&post=4158"}],"curies":[{"name":"wp","href":"https:\/\/api.w.org\/{rel}","templated":true}]}}