{"id":3989,"date":"2013-03-24T21:40:59","date_gmt":"2013-03-24T20:40:59","guid":{"rendered":"http:\/\/www.ostroleka.com.pl\/pzw-narew38\/?p=3989"},"modified":"2013-03-25T16:59:58","modified_gmt":"2013-03-25T15:59:58","slug":"zobacz-wstepna-propozycje-zagospodarowania-nabrzeza-narwi","status":"publish","type":"post","link":"https:\/\/www.pzwnarew.pl\/?p=3989","title":{"rendered":"Zobacz wst\u0119pn\u0105 propozycj\u0119 zagospodarowania nabrze\u017ca Narwi."},"content":{"rendered":"<figure id=\"attachment_3991\" aria-describedby=\"caption-attachment-3991\" style=\"width: 150px\" class=\"wp-caption alignright\"><a href=\"http:\/\/www.ostroleka.com.pl\/pzw-narew38\/wp-content\/uploads\/2013\/03\/1_normal.jpg\"><img loading=\"lazy\" decoding=\"async\" class=\"size-thumbnail wp-image-3991\" alt=\"1_normal\" src=\"http:\/\/www.ostroleka.com.pl\/pzw-narew38\/wp-content\/uploads\/2013\/03\/1_normal-150x150.jpg\" width=\"150\" height=\"150\" \/><\/a><figcaption id=\"caption-attachment-3991\" class=\"wp-caption-text\">\u017ar\u00f3d\u0142o: eostroleka.pl<\/figcaption><\/figure>\n<p>Trwaj\u0105 ko\u0144cowe prace nad projektem zagospodarowania nabrze\u017ca Narwi na odcinku od portu do starego mostu.<\/p>\n<p>Miasto my\u015bli o zagospodarowaniu terenu portu przy mo\u015bcie Madali\u0144skiego, by zaoferowa\u0107 uprawiaj\u0105cym turystyk\u0119 wodn\u0105 mo\u017cliwo\u015b\u0107 zacumowania, uzupe\u0142niania zapas\u00f3w i sp\u0119dzenia noclegu. Projekt zak\u0142ada amfiteatr na ok. 800 miejsc, \u015bcie\u017cki piesze i rowerowe, port jachtowy, przysta\u0144 dla kajak\u00f3w oraz pole biwakowe.\u00a0By\u0107 mo\u017ce w ten spos\u00f3b uda si\u0119 ograniczy\u0107 dzikie biwaki i jednocze\u015bnie zach\u0119ci\u0107 <!--more-->przep\u0142ywaj\u0105cych do zwiedzenia Ostro\u0142\u0119ki.<\/p>\n<p>Ca\u0142a ta koncepcja to na razie melodia przysz\u0142o\u015bci,\u00a0miejmy nadzieje \u017ce w miar\u0119 szybko dojdzie do realizacji tego projektu. Dla nas w\u0119dkarzy szykuje si\u0119 dobrze przygotowane nabrze\u017ce na zawody oraz imprezy w\u0119dkarskie.<\/p>\n<p>Projekt przygotowuje Autorska Pracownia Architektury CAD Sp. z o.o.<\/p>\n<p><a href=\"http:\/\/www.ostroleka.com.pl\/pzw-narew38\/wp-content\/uploads\/2013\/03\/9_normal.jpg\"><img loading=\"lazy\" decoding=\"async\" class=\"alignnone size-thumbnail wp-image-3998\" alt=\"9_normal\" src=\"http:\/\/www.ostroleka.com.pl\/pzw-narew38\/wp-content\/uploads\/2013\/03\/9_normal-150x150.jpg\" width=\"150\" height=\"150\" \/><\/a><a href=\"http:\/\/www.ostroleka.com.pl\/pzw-narew38\/wp-content\/uploads\/2013\/03\/8_normal.jpg\"><img loading=\"lazy\" decoding=\"async\" class=\"alignnone size-thumbnail wp-image-3997\" alt=\"8_normal\" src=\"http:\/\/www.ostroleka.com.pl\/pzw-narew38\/wp-content\/uploads\/2013\/03\/8_normal-150x150.jpg\" width=\"150\" height=\"150\" \/><\/a><a href=\"http:\/\/www.ostroleka.com.pl\/pzw-narew38\/wp-content\/uploads\/2013\/03\/6_normal.jpg\"><img loading=\"lazy\" decoding=\"async\" class=\"alignnone size-thumbnail wp-image-3995\" alt=\"6_normal\" src=\"http:\/\/www.ostroleka.com.pl\/pzw-narew38\/wp-content\/uploads\/2013\/03\/6_normal-150x150.jpg\" width=\"150\" height=\"150\" \/><\/a><a href=\"http:\/\/www.ostroleka.com.pl\/pzw-narew38\/wp-content\/uploads\/2013\/03\/4_normal.jpg\"><img loading=\"lazy\" decoding=\"async\" class=\"alignnone size-thumbnail wp-image-3994\" alt=\"4_normal\" src=\"http:\/\/www.ostroleka.com.pl\/pzw-narew38\/wp-content\/uploads\/2013\/03\/4_normal-150x150.jpg\" width=\"150\" height=\"150\" \/><\/a><a href=\"http:\/\/www.ostroleka.com.pl\/pzw-narew38\/wp-content\/uploads\/2013\/03\/3_normal.jpg\"><img loading=\"lazy\" decoding=\"async\" class=\"alignnone size-thumbnail wp-image-3993\" alt=\"3_normal\" src=\"http:\/\/www.ostroleka.com.pl\/pzw-narew38\/wp-content\/uploads\/2013\/03\/3_normal-150x150.jpg\" width=\"150\" height=\"150\" \/><\/a><a href=\"http:\/\/www.ostroleka.com.pl\/pzw-narew38\/wp-content\/uploads\/2013\/03\/2_normal.jpg\"><img loading=\"lazy\" decoding=\"async\" class=\"alignnone size-thumbnail wp-image-3992\" alt=\"2_normal\" src=\"http:\/\/www.ostroleka.com.pl\/pzw-narew38\/wp-content\/uploads\/2013\/03\/2_normal-150x150.jpg\" width=\"150\" height=\"150\" \/><\/a><a href=\"http:\/\/www.ostroleka.com.pl\/pzw-narew38\/wp-content\/uploads\/2013\/03\/1_normal.jpg\"><img loading=\"lazy\" decoding=\"async\" class=\"alignnone size-thumbnail wp-image-3991\" alt=\"1_normal\" src=\"http:\/\/www.ostroleka.com.pl\/pzw-narew38\/wp-content\/uploads\/2013\/03\/1_normal-150x150.jpg\" width=\"150\" height=\"150\" \/><\/a><a href=\"http:\/\/www.ostroleka.com.pl\/pzw-narew38\/wp-content\/uploads\/2013\/03\/7_normal.jpg\"><img loading=\"lazy\" decoding=\"async\" class=\"alignnone size-thumbnail wp-image-3996\" alt=\"7_normal\" src=\"http:\/\/www.ostroleka.com.pl\/pzw-narew38\/wp-content\/uploads\/2013\/03\/7_normal-150x150.jpg\" width=\"150\" height=\"150\" \/><\/a><\/p>\n<p>&nbsp;<\/p>\n<p>&nbsp;<\/p>\n","protected":false},"excerpt":{"rendered":"<p>Trwaj\u0105 ko\u0144cowe prace nad projektem zagospodarowania nabrze\u017ca Narwi na odcinku od portu do starego mostu. Miasto my\u015bli o zagospodarowaniu terenu portu przy mo\u015bcie Madali\u0144skiego, by zaoferowa\u0107 uprawiaj\u0105cym turystyk\u0119 wodn\u0105 mo\u017cliwo\u015b\u0107 zacumowania, uzupe\u0142niania zapas\u00f3w i sp\u0119dzenia noclegu. Projekt zak\u0142ada amfiteatr na ok. 800 miejsc, \u015bcie\u017cki piesze i rowerowe, port jachtowy, przysta\u0144 dla kajak\u00f3w oraz pole biwakowe.\u00a0By\u0107 mo\u017ce w ten spos\u00f3b uda si\u0119 ograniczy\u0107 dzikie biwaki i jednocze\u015bnie zach\u0119ci\u0107<\/p>\n","protected":false},"author":2,"featured_media":0,"comment_status":"open","ping_status":"closed","sticky":false,"template":"","format":"standard","meta":{"footnotes":""},"categories":[20],"tags":[],"class_list":["post-3989","post","type-post","status-publish","format-standard","hentry","category-newsy"],"_links":{"self":[{"href":"https:\/\/www.pzwnarew.pl\/index.php?rest_route=\/wp\/v2\/posts\/3989","targetHints":{"allow":["GET"]}}],"collection":[{"href":"https:\/\/www.pzwnarew.pl\/index.php?rest_route=\/wp\/v2\/posts"}],"about":[{"href":"https:\/\/www.pzwnarew.pl\/index.php?rest_route=\/wp\/v2\/types\/post"}],"author":[{"embeddable":true,"href":"https:\/\/www.pzwnarew.pl\/index.php?rest_route=\/wp\/v2\/users\/2"}],"replies":[{"embeddable":true,"href":"https:\/\/www.pzwnarew.pl\/index.php?rest_route=%2Fwp%2Fv2%2Fcomments&post=3989"}],"version-history":[{"count":4,"href":"https:\/\/www.pzwnarew.pl\/index.php?rest_route=\/wp\/v2\/posts\/3989\/revisions"}],"predecessor-version":[{"id":4010,"href":"https:\/\/www.pzwnarew.pl\/index.php?rest_route=\/wp\/v2\/posts\/3989\/revisions\/4010"}],"wp:attachment":[{"href":"https:\/\/www.pzwnarew.pl\/index.php?rest_route=%2Fwp%2Fv2%2Fmedia&parent=3989"}],"wp:term":[{"taxonomy":"category","embeddable":true,"href":"https:\/\/www.pzwnarew.pl\/index.php?rest_route=%2Fwp%2Fv2%2Fcategories&post=3989"},{"taxonomy":"post_tag","embeddable":true,"href":"https:\/\/www.pzwnarew.pl\/index.php?rest_route=%2Fwp%2Fv2%2Ftags&post=3989"}],"curies":[{"name":"wp","href":"https:\/\/api.w.org\/{rel}","templated":true}]}}