{"id":3759,"date":"2013-02-25T17:20:07","date_gmt":"2013-02-25T16:20:07","guid":{"rendered":"http:\/\/www.ostroleka.com.pl\/pzw-narew38\/?p=3759"},"modified":"2013-03-03T00:00:59","modified_gmt":"2013-03-02T23:00:59","slug":"nowy-zarzad-kola","status":"publish","type":"post","link":"https:\/\/www.pzwnarew.pl\/?p=3759","title":{"rendered":"Nowy Zarz\u0105d Ko\u0142a"},"content":{"rendered":"<p>Dnia 24.02.2013 roku w kole PZW Narew nr 38 w Ostro\u0142\u0119ce odby\u0142o si\u0119 Walne Zgromadzenie Sprawozdawczo &#8211; <a href=\"http:\/\/www.ostroleka.com.pl\/pzw-narew38\/wp-content\/uploads\/2013\/02\/IMG_0075.jpg\"><img loading=\"lazy\" decoding=\"async\" class=\"alignright size-thumbnail wp-image-3854\" alt=\"IMG_0075\" src=\"http:\/\/www.ostroleka.com.pl\/pzw-narew38\/wp-content\/uploads\/2013\/02\/IMG_0075-150x150.jpg\" width=\"150\" height=\"150\" \/><\/a>Wyborcze cz\u0142onk\u00f3w. Decyzj\u0105 Zgromadzenia do w\u0142adz Zarz\u0105du ko\u0142a na okres kadencji \u00a02013 &#8211; 2016 wybrani zostali:<\/p>\n<p><strong>Prezes zarz\u0105du<\/strong> &#8211; Andrzej Raszkiewicz<br \/>\n<b>Cz\u0142onkowie zarz\u0105du<\/b>&#8211; Stanis\u0142aw Pliszka, Zdzis\u0142aw Sienicki, Zbigniew Lis, Grzegorz Kowalczyk, Wies\u0142aw Szczube\u0142ek , Ryszard Rucki, Rafa\u0142 Wojtkowiak, Sebastian Bia\u0142czak, Andrzej Za\u0142\u0119ski, Andrzej Grzyb, Wojciech Krupka, J\u00f3zef Dziadak<!--more--><\/p>\n<p><b>Komisja rewizyjna<\/b>&#8211; Andrzej Ho\u0142dy\u0144ski (przewodnicz\u0105cy)<\/p>\n<p>Cz\u0142onkowie KR-Wojciech Jarz\u0105bek oraz Robert Gwiazdowski<\/p>\n<p><b>S\u0105d kole\u017ce\u0144ski- <\/b>Pawe\u0142 Rukasz (przewodnicz\u0105cy)<\/p>\n<p>S\u0119dziowie- Andrzej Stachacz, Roman Balcerak, \u0141ukasz Garbulewski, Marcin Za\u0142\u0119ski<\/p>\n<p><strong>\u00a0\u00a0\u00a0\u00a0\u00a0\u00a0\u00a0\u00a0\u00a0\u00a0\u00a0\u00a0\u00a0\u00a0\u00a0\u00a0\u00a0\u00a0\u00a0\u00a0\u00a0\u00a0\u00a0\u00a0\u00a0\u00a0\u00a0\u00a0\u00a0\u00a0\u00a0<\/strong>\u00a0<strong>\u00a0\u00a0\u00a0\u00a0\u00a0\u00a0<span style=\"color: #ff0000;\">\u00a0 \u00a0 <a href=\"http:\/\/www.ostroleka.com.pl\/gallery_pzw\/thumbnails.php?album=111&amp;page=1\"><span style=\"color: #ff0000;\">&lt;&lt;&lt;Galeria zdj\u0119\u0107 patrz&gt;&gt;&gt;<\/span><\/a><\/span><\/strong><\/p>\n<p><strong>Delegatami na zjazd Okr\u0119gu Mazowieckiego PZW z ramienia Ko\u0142a Narew zostali: <\/strong><strong>Andrzej Raszkiewicz oraz <\/strong><strong>Stanis\u0142aw Pliszka<\/strong>&#8211; Wiceprezes Okr\u0119gu Mazowieckiego PZW<\/p>\n<p>Z\u0142ot\u0105 odznak\u0119 PZW z wie\u0144cami za zas\u0142ugi dla w\u0119dkarstwa polskiego otrzyma\u0142 Wojciech Krupka.<\/p>\n<p>Srebrn\u0105\u00a0odznak\u0119 PZW za zas\u0142ugi dla w\u0119dkarstwa polskiego otrzymali : Zdzis\u0142aw Sienicki\u00a0i Mariusz Koby\u0142ecki.<\/p>\n<p>Tadeusz Jarz\u0105bek otrzyma\u0142 statuetk\u0119 z okazji 50-lecia przynale\u017cno\u015bci zwi\u0105zkowej do PZW<\/p>\n<p><a href=\"http:\/\/www.ostroleka.com.pl\/pzw-narew38\/?page_id=4&amp;preview=true&amp;preview_id=4&amp;preview_nonce=536d96031d\"><span style=\"color: #ff0000;\">\u00a0\u00a0\u00a0\u00a0\u00a0\u00a0 Galeria zarz\u0105du patrz &gt;&gt;&gt;<\/span><\/a><br \/>\n<strong><span style=\"color: #ff0000;\">Bardzo dzi\u0119kujemy! za okazane zaufanie .<\/span><\/strong><\/p>\n<p><strong><span style=\"color: #ff0000;\">\u00a0\u00a0\u00a0\u00a0\u00a0\u00a0\u00a0\u00a0\u00a0\u00a0\u00a0\u00a0\u00a0\u00a0\u00a0\u00a0\u00a0\u00a0\u00a0\u00a0\u00a0\u00a0\u00a0\u00a0\u00a0\u00a0\u00a0\u00a0\u00a0\u00a0\u00a0\u00a0\u00a0\u00a0\u00a0\u00a0\u00a0\u00a0\u00a0\u00a0\u00a0\u00a0\u00a0\u00a0\u00a0\u00a0\u00a0\u00a0\u00a0\u00a0\u00a0\u00a0\u00a0\u00a0\u00a0\u00a0\u00a0\u00a0\u00a0\u00a0\u00a0\u00a0\u00a0\u00a0\u00a0\u00a0\u00a0\u00a0\u00a0\u00a0\u00a0\u00a0\u00a0\u00a0\u00a0\u00a0\u00a0\u00a0\u00a0\u00a0\u00a0\u00a0\u00a0\u00a0\u00a0\u00a0\u00a0 Zarz\u0105d Ko\u0142a<\/span><\/strong><\/p>\n<p>&nbsp;<\/p>\n<p><span style=\"color: #ff0000;\">\u00a0\u00a0\u00a0\u00a0\u00a0\u00a0\u00a0\u00a0\u00a0\u00a0\u00a0\u00a0\u00a0\u00a0\u00a0\u00a0\u00a0\u00a0\u00a0\u00a0\u00a0\u00a0\u00a0\u00a0\u00a0\u00a0\u00a0\u00a0\u00a0\u00a0\u00a0\u00a0\u00a0\u00a0\u00a0\u00a0\u00a0\u00a0\u00a0\u00a0\u00a0\u00a0\u00a0\u00a0\u00a0\u00a0\u00a0\u00a0\u00a0\u00a0\u00a0\u00a0\u00a0\u00a0\u00a0\u00a0\u00a0\u00a0\u00a0\u00a0\u00a0<strong>\u00a0\u00a0\u00a0<\/strong><\/span><\/p>\n","protected":false},"excerpt":{"rendered":"<p>Dnia 24.02.2013 roku w kole PZW Narew nr 38 w Ostro\u0142\u0119ce odby\u0142o si\u0119 Walne Zgromadzenie Sprawozdawczo &#8211; Wyborcze cz\u0142onk\u00f3w. Decyzj\u0105 Zgromadzenia do w\u0142adz Zarz\u0105du ko\u0142a na okres kadencji \u00a02013 &#8211; 2016 wybrani zostali: Prezes zarz\u0105du &#8211; Andrzej Raszkiewicz Cz\u0142onkowie zarz\u0105du&#8211; Stanis\u0142aw Pliszka, Zdzis\u0142aw Sienicki, Zbigniew Lis, Grzegorz Kowalczyk, Wies\u0142aw Szczube\u0142ek , Ryszard Rucki, Rafa\u0142 Wojtkowiak, Sebastian Bia\u0142czak, Andrzej Za\u0142\u0119ski, Andrzej Grzyb, Wojciech Krupka, J\u00f3zef Dziadak<\/p>\n","protected":false},"author":2,"featured_media":0,"comment_status":"open","ping_status":"closed","sticky":false,"template":"","format":"standard","meta":{"footnotes":""},"categories":[20],"tags":[],"class_list":["post-3759","post","type-post","status-publish","format-standard","hentry","category-newsy"],"_links":{"self":[{"href":"https:\/\/www.pzwnarew.pl\/index.php?rest_route=\/wp\/v2\/posts\/3759","targetHints":{"allow":["GET"]}}],"collection":[{"href":"https:\/\/www.pzwnarew.pl\/index.php?rest_route=\/wp\/v2\/posts"}],"about":[{"href":"https:\/\/www.pzwnarew.pl\/index.php?rest_route=\/wp\/v2\/types\/post"}],"author":[{"embeddable":true,"href":"https:\/\/www.pzwnarew.pl\/index.php?rest_route=\/wp\/v2\/users\/2"}],"replies":[{"embeddable":true,"href":"https:\/\/www.pzwnarew.pl\/index.php?rest_route=%2Fwp%2Fv2%2Fcomments&post=3759"}],"version-history":[{"count":16,"href":"https:\/\/www.pzwnarew.pl\/index.php?rest_route=\/wp\/v2\/posts\/3759\/revisions"}],"predecessor-version":[{"id":3762,"href":"https:\/\/www.pzwnarew.pl\/index.php?rest_route=\/wp\/v2\/posts\/3759\/revisions\/3762"}],"wp:attachment":[{"href":"https:\/\/www.pzwnarew.pl\/index.php?rest_route=%2Fwp%2Fv2%2Fmedia&parent=3759"}],"wp:term":[{"taxonomy":"category","embeddable":true,"href":"https:\/\/www.pzwnarew.pl\/index.php?rest_route=%2Fwp%2Fv2%2Fcategories&post=3759"},{"taxonomy":"post_tag","embeddable":true,"href":"https:\/\/www.pzwnarew.pl\/index.php?rest_route=%2Fwp%2Fv2%2Ftags&post=3759"}],"curies":[{"name":"wp","href":"https:\/\/api.w.org\/{rel}","templated":true}]}}