{"id":3704,"date":"2013-02-12T20:19:33","date_gmt":"2013-02-12T19:19:33","guid":{"rendered":"http:\/\/www.ostroleka.com.pl\/pzw-narew38\/?p=3704"},"modified":"2013-04-11T20:58:59","modified_gmt":"2013-04-11T19:58:59","slug":"plan-pracy-na-2013-rok-projekt","status":"publish","type":"post","link":"https:\/\/www.pzwnarew.pl\/?p=3704","title":{"rendered":"Plan pracy na 2013 rok"},"content":{"rendered":"<table border=\"0\" cellspacing=\"0\" cellpadding=\"0\">\n<tbody>\n<tr>\n<td valign=\"top\" width=\"55\">\n<p align=\"center\"><b>L.P.<\/b><\/p>\n<p align=\"center\">\n<\/td>\n<td valign=\"top\" width=\"252\">\n<p align=\"center\"><b>Przedsi\u0119wzi\u0119cie<\/b><\/p>\n<\/td>\n<td valign=\"top\" width=\"156\">\n<p align=\"center\"><b>Termin<\/b><\/p>\n<\/td>\n<td valign=\"top\" width=\"155\">\n<p align=\"center\"><b><i>Wykonawca<\/i><\/b><\/p>\n<\/td>\n<\/tr>\n<tr>\n<td valign=\"top\" width=\"55\">\n<p align=\"center\">1.<\/p>\n<\/td>\n<td valign=\"top\" width=\"252\">Odbywanie posiedze\u0144 Zarz\u0105du \u00a0 ko\u0142a \u201eNarew\u201d<\/td>\n<td valign=\"top\" width=\"156\">\n<p align=\"center\">Kolejne miesi\u0105ce<\/p>\n<p align=\"center\">2013 r.<\/p>\n<\/td>\n<td valign=\"top\" width=\"155\">\n<p align=\"center\">Prezes Ko\u0142a<\/p>\n<\/td>\n<\/tr>\n<tr>\n<td valign=\"top\" width=\"55\">\n<p align=\"center\">2.<\/p>\n<p align=\"center\">\n<\/td>\n<td valign=\"top\" width=\"252\">Mistrzostwa Podlodowe Ko\u0142a \u00a0 Narew jez. \u015aniardwy<\/td>\n<td valign=\"top\" width=\"156\">\n<p align=\"center\">20 stycznia<\/p>\n<\/td>\n<td valign=\"top\" width=\"155\">\n<p align=\"center\">Wykonano<\/p>\n<\/td>\n<\/tr>\n<tr>\n<td valign=\"top\" width=\"55\">\n<p align=\"center\">3.<\/p>\n<p align=\"center\">\n<\/td>\n<td valign=\"top\" width=\"252\"><!--more-->Wycieczka na w\u0119dkowanie \u00a0 podlodowe na jez. \u015aniardwy<\/td>\n<td valign=\"top\" width=\"156\">\n<p align=\"center\">03 lutego<\/p>\n<p align=\"center\">\n<\/td>\n<td valign=\"top\" width=\"155\">\n<p align=\"center\">Wykonano<\/p>\n<p align=\"center\">\n<\/td>\n<\/tr>\n<tr>\n<td valign=\"top\" width=\"55\">\n<p align=\"center\">4.<\/p>\n<\/td>\n<td valign=\"top\" width=\"252\">Mistrzostwa Morskie Ko\u0142aNarew Dar\u0142owo<\/td>\n<td valign=\"top\" width=\"156\">\n<p align=\"center\">14 kwietnia<\/p>\n<\/td>\n<td valign=\"top\" width=\"155\">\n<p align=\"center\">Kapitan Sportowy<\/p>\n<\/td>\n<\/tr>\n<tr>\n<td valign=\"top\" width=\"55\">\n<p align=\"center\">5.<\/p>\n<\/td>\n<td valign=\"top\" width=\"252\">\n<p align=\"center\">Przygotowanie planu pracy Ko\u0142a na rok 2013 i preliminarza bud\u017cetowego.<\/p>\n<\/td>\n<td valign=\"top\" width=\"156\">\n<p style=\"text-align: center;\">Stycze\u0144\u00a0 \u00a0 2013<\/p>\n<\/td>\n<td valign=\"top\" width=\"155\">\n<p align=\"center\">Zarz\u0105d Ko\u0142a<\/p>\n<\/td>\n<\/tr>\n<tr>\n<td valign=\"top\" width=\"55\">\n<p align=\"center\">6.<\/p>\n<\/td>\n<td valign=\"top\" width=\"252\">\n<p align=\"center\">Odbycie Walnego ZgromadzeniaSprawozdawczo Wyborczego<\/p>\n<\/td>\n<td valign=\"top\" width=\"156\">\n<p align=\"center\">24 lutego 2013<\/p>\n<\/td>\n<td valign=\"top\" width=\"155\">\n<p align=\"center\">Zarz\u0105d<\/p>\n<\/td>\n<\/tr>\n<tr>\n<td valign=\"top\" width=\"55\">\n<p align=\"center\">7.<\/p>\n<\/td>\n<td valign=\"top\" width=\"252\">\n<p align=\"center\">Udzia\u0142 w Odprawie Kapitan\u00f3w i Sedzi\u00f3w OKS OM PZW w Ostro\u0142\u0119ce<\/p>\n<p>&nbsp;<\/td>\n<td valign=\"top\" width=\"156\">\n<p align=\"center\">Marzec 2013<\/p>\n<\/td>\n<td valign=\"top\" width=\"155\">\n<p align=\"center\">\u00a0Prezes Ko\u0142a i s\u0119dziowie<\/p>\n<p align=\"center\">Wykonano<\/p>\n<\/td>\n<\/tr>\n<tr>\n<td valign=\"top\" width=\"55\">\n<p align=\"center\">8.<\/p>\n<\/td>\n<td valign=\"top\" width=\"252\">\n<p align=\"center\">Przeprowadzanie egzamin\u00f3w na kart\u0119 w\u0119dkarsk\u0105<\/p>\n<p align=\"center\">\n<\/td>\n<td valign=\"top\" width=\"156\">\n<p align=\"center\">Sukcesywnie<\/p>\n<p align=\"center\">Ca\u0142y rok<\/p>\n<\/td>\n<td valign=\"top\" width=\"155\">\n<p align=\"center\">Komisja Egzaminacyjna<\/p>\n<\/td>\n<\/tr>\n<tr>\n<td valign=\"top\" width=\"55\">\n<p align=\"center\">9.<\/p>\n<\/td>\n<td valign=\"top\" width=\"252\">\n<p align=\"center\">Rozpatrzenie kandydatur o nadanie odznak zwi\u0105zkowych i wyr\u00f3\u017cnie\u0144 \u00a0 okoliczno\u015bciowych.<\/p>\n<\/td>\n<td valign=\"top\" width=\"156\">\n<p align=\"center\">Luty 2013<\/p>\n<\/td>\n<td valign=\"top\" width=\"155\">\n<p align=\"center\">Zarz\u0105d<\/p>\n<p align=\"center\">Wykonano<\/p>\n<\/td>\n<\/tr>\n<tr>\n<td valign=\"top\" width=\"55\">\n<p align=\"center\">10.<\/p>\n<\/td>\n<td valign=\"top\" width=\"252\">\n<p align=\"center\">Dystrybucja znak\u00f3w w\u0119dkarskich na 2013 rok<\/p>\n<p align=\"center\">\n<\/td>\n<td valign=\"top\" width=\"156\">\n<p align=\"center\">Skarbnik Ko\u0142a i dystrybutorzy<\/p>\n<\/td>\n<td valign=\"top\" width=\"155\">\n<p align=\"center\">Ca\u0142y rok<\/p>\n<\/td>\n<\/tr>\n<tr>\n<td valign=\"top\" width=\"55\">\n<p align=\"center\">11.<\/p>\n<\/td>\n<td valign=\"top\" width=\"252\">\n<p align=\"center\">Organizacja w akcjach p\/k\u0142usownikom na rzece Narwi i dop\u0142ywach oraz \u00a0 akcja \u201eTar\u0142o 2013 \u201d<\/p>\n<p align=\"center\">\n<\/td>\n<td valign=\"top\" width=\"156\">\n<p align=\"center\">Grupa nr 38 SSRyb.<\/p>\n<\/td>\n<td valign=\"top\" width=\"155\">\n<p align=\"center\">Marzec\/kwiecie\u0144\/maj<\/p>\n<p align=\"center\">Wg.planu dzia\u0142a\u0144 \u00a0 rocznych<\/p>\n<\/td>\n<\/tr>\n<tr>\n<td valign=\"top\" width=\"55\">\n<p align=\"center\">12.<\/p>\n<\/td>\n<td valign=\"top\" width=\"252\">\n<p align=\"center\">Konkurs Plastyczny dla dzieci w<\/p>\n<p align=\"center\">SP nr 6<\/p>\n<\/td>\n<td valign=\"top\" width=\"156\">\n<p align=\"center\">Kwiecie\u0144<\/p>\n<\/td>\n<td valign=\"top\" width=\"155\">\n<p align=\"center\">Zarz\u0105d<\/p>\n<\/td>\n<\/tr>\n<tr>\n<td valign=\"top\" width=\"55\">\n<p align=\"center\">13.<\/p>\n<\/td>\n<td valign=\"top\" width=\"252\">\n<p align=\"center\">Akcja tydzie\u0144 czysto\u015bci w\u00f3d<\/p>\n<\/td>\n<td valign=\"top\" width=\"156\">\n<p align=\"center\">kwiecie\u0144 2013<\/p>\n<\/td>\n<td valign=\"top\" width=\"155\">\n<p align=\"center\">Gospodarz ko\u0142a.<\/p>\n<\/td>\n<\/tr>\n<tr>\n<td valign=\"top\" width=\"55\">\n<p align=\"center\">14<\/p>\n<\/td>\n<td valign=\"top\" width=\"252\">\n<p align=\"center\">Zaj\u0119cia Szk\u00f3\u0142ki W\u0119dkarskiej dla m\u0142odziezy<\/p>\n<\/td>\n<td valign=\"top\" width=\"156\">\n<p style=\"text-align: center;\">Ca\u0142y rok<\/p>\n<\/td>\n<td valign=\"top\" width=\"155\">\n<p align=\"center\">Zarz\u0105d<\/p>\n<\/td>\n<\/tr>\n<tr>\n<td valign=\"top\" width=\"55\">\n<p align=\"center\">15<\/p>\n<\/td>\n<td valign=\"top\" width=\"252\">\u00a0Spinningowe \u00a0 Mistrzostwa Ko\u0142a<\/p>\n<p align=\"center\">Strzy\u017ce-Narew<\/p>\n<\/td>\n<td valign=\"top\" width=\"156\">\n<p align=\"center\">26 Maja<\/p>\n<\/td>\n<td valign=\"top\" width=\"155\">\n<p align=\"center\">Kapitan Sportowy<\/p>\n<\/td>\n<\/tr>\n<tr>\n<td valign=\"top\" width=\"55\">\n<p align=\"center\">16.<\/p>\n<p align=\"center\">.<\/p>\n<\/td>\n<td valign=\"top\" width=\"252\">Wycieczka z seniorami ko\u0142a na \u0142owisko specjalne<\/td>\n<td valign=\"top\" width=\"156\">\n<p align=\"center\">Maj<\/p>\n<\/td>\n<td valign=\"top\" width=\"155\">\n<p align=\"center\">Zarz\u0105d<\/p>\n<\/td>\n<\/tr>\n<tr>\n<td valign=\"top\" width=\"55\">\n<p align=\"center\">17.<\/p>\n<\/td>\n<td valign=\"top\" width=\"252\">Wycieczka z m\u0142odzie\u017c\u0105 \u201eDzie\u0144 dziecka\u201d Zawody m\u0142odzie\u017cowe<\/td>\n<td valign=\"top\" width=\"156\">\n<p align=\"center\">1 lub 2\u00a0czerwca<\/p>\n<\/td>\n<td valign=\"top\" width=\"155\">\n<p align=\"center\">Kapitanat Sportowy<\/p>\n<p>\u00a0\u00a0\u00a0\u00a0\u00a0\u00a0\u00a0\u00a0 Zarz\u0105d<\/td>\n<\/tr>\n<tr>\n<td valign=\"top\" width=\"55\">\n<p align=\"center\">18.<\/p>\n<\/td>\n<td valign=\"top\" width=\"252\">Sp\u0142yw kajakowy rzek\u0105 Pis\u0105-dwa dni<\/td>\n<td valign=\"top\" width=\"156\">\n<p align=\"center\">22\/23 czerwca<\/p>\n<\/td>\n<td valign=\"top\" width=\"155\">\u00a0\u00a0\u00a0\u00a0\u00a0\u00a0\u00a0 Zarz\u0105d<\/td>\n<\/tr>\n<tr>\n<td valign=\"top\" width=\"55\">\n<p align=\"center\">19.<\/p>\n<\/td>\n<td valign=\"top\" width=\"252\">\n<p align=\"center\">Mistrzostwa \u00a0 sp\u0142awikowe Ko\u0142a.<\/p>\n<\/td>\n<td valign=\"top\" width=\"156\">\n<p align=\"center\">Maj \/czerwiec<\/p>\n<\/td>\n<td valign=\"top\" width=\"155\">Kapitanat Sportowy<\/td>\n<\/tr>\n<tr>\n<td valign=\"top\" width=\"55\">\n<p align=\"center\">20<\/p>\n<\/td>\n<td valign=\"top\" width=\"252\">\n<p align=\"center\">Wykonanie prac remontowo-porz\u0105dkowyc w domku szkoleniowo-turystycznym \u00a0 na Brajnikach.<\/p>\n<\/td>\n<td valign=\"top\" width=\"156\">\n<p align=\"center\">Kwiecie\u0144<\/p>\n<\/td>\n<td valign=\"top\" width=\"155\">Gospodarz Ko\u0142a<\/td>\n<\/tr>\n<tr>\n<td valign=\"top\" width=\"55\">21<\/td>\n<td valign=\"top\" width=\"252\">\n<p align=\"center\">Maraton w\u0119dkarski- zawody mi\u0119dzyko\u0142owe<\/p>\n<\/td>\n<td valign=\"top\" width=\"156\">\n<p style=\"text-align: center;\">6\/7 lipiec<\/p>\n<p align=\"center\">\n<\/td>\n<td valign=\"top\" width=\"155\">\n<p align=\"center\">Zarz\u0105d<\/p>\n<\/td>\n<\/tr>\n<tr>\n<td valign=\"top\" width=\"55\">\n<p align=\"center\">22.<\/p>\n<\/td>\n<td valign=\"top\" width=\"252\">\n<p align=\"center\">Olimpiada Okr\u0119gowa szk\u00f3lek wedkarskich -Wyszk\u00f3w<\/p>\n<\/td>\n<td valign=\"top\" width=\"156\">\n<p align=\"center\">Maj 2013<\/p>\n<\/td>\n<td valign=\"top\" width=\"155\">\n<p align=\"center\">Zarz\u0105d<\/p>\n<\/td>\n<\/tr>\n<tr>\n<td valign=\"top\" width=\"55\">\n<p align=\"center\">23.<\/p>\n<\/td>\n<td valign=\"top\" width=\"252\">\n<p align=\"center\">Bie\u017c\u0105ce redagowanie i uaktualnianie strony internetowej i tablicy \u00a0 og\u0142oszeniowej<\/p>\n<\/td>\n<td valign=\"top\" width=\"156\">\n<p align=\"center\">Ca\u0142y rok<\/p>\n<\/td>\n<td valign=\"top\" width=\"155\">\n<p align=\"center\">Rafa\u0142 Wojtkowiak<\/p>\n<\/td>\n<\/tr>\n<tr>\n<td valign=\"top\" width=\"55\">\n<p align=\"center\">24.<\/p>\n<\/td>\n<td valign=\"top\" width=\"252\">\n<p align=\"center\">Wystawianie reprezentacji ko\u0142a<\/p>\n<p align=\"center\">w zawodach Grand \u00a0 Prix<\/p>\n<p align=\"center\">Spinningowy<\/p>\n<\/td>\n<td valign=\"top\" width=\"156\">\n<p align=\"center\">Zgodnie z kalendarzem \u00a0 zawod\u00f3w<\/p>\n<\/td>\n<td valign=\"top\" width=\"155\">\n<p align=\"center\">Kapitanat Sportowy<\/p>\n<\/td>\n<\/tr>\n<tr>\n<td valign=\"top\" width=\"55\">\u00a0 25<\/td>\n<td valign=\"top\" width=\"252\">\n<p align=\"center\">Zawody sp\u0142awikowe \u00a0 m\u0142odzie\u017cy-zbiornik \u0141oje<\/p>\n<p>&nbsp;<\/td>\n<td valign=\"top\" width=\"156\">\n<p align=\"center\">Wrzesie\u0144<\/p>\n<\/td>\n<td valign=\"top\" width=\"155\">\n<p align=\"center\">Zarz\u0105d<\/p>\n<\/td>\n<\/tr>\n<tr>\n<td valign=\"top\" width=\"55\">\u00a0 26<\/td>\n<td valign=\"top\" width=\"252\">Zawody sp\u0142awikowe 3 Leszcze<\/td>\n<td valign=\"top\" width=\"156\">\n<p align=\"center\">Wrzesie\u0144<\/p>\n<\/td>\n<td valign=\"top\" width=\"155\">\n<p align=\"center\">Zarz\u0105d<\/p>\n<\/td>\n<\/tr>\n<tr>\n<td valign=\"top\" width=\"55\">\n<p align=\"center\">27.<\/p>\n<\/td>\n<td valign=\"top\" width=\"252\">\n<p align=\"center\">Jesienne zawody \u00a0 spinningowe<\/p>\n<p align=\"center\">Puchar Jesieni \u00a0 zawody mi\u0119dzyko\u0142owe<\/p>\n<\/td>\n<td valign=\"top\" width=\"156\">\n<p align=\"center\">\u00a029 Wrzesie\u0144<\/p>\n<\/td>\n<td valign=\"top\" width=\"155\">\n<p align=\"center\">Zarz\u0105d i Kapitan Sportowy<\/p>\n<\/td>\n<\/tr>\n<tr>\n<td valign=\"top\" width=\"55\">\n<p align=\"center\">28.<\/p>\n<\/td>\n<td valign=\"top\" width=\"252\">\n<p align=\"center\">Prace porz\u0105dkowe po sezonie letnim oraz zabezpieczaj\u0105ce przed zima na \u00a0 Brajnikach oraz w Boksach nad rzek\u0105.<\/p>\n<\/td>\n<td valign=\"top\" width=\"156\">\n<p align=\"center\">Pa\u017adziernik<\/p>\n<\/td>\n<td valign=\"top\" width=\"155\">\n<p align=\"center\">Gospodarz<\/p>\n<\/td>\n<\/tr>\n<tr>\n<td valign=\"top\" width=\"55\">\n<p align=\"center\">\u00a029.<\/p>\n<\/td>\n<td valign=\"top\" width=\"252\">\n<p align=\"center\">\u00a0Prowadzenie V Edycji Konkursu<\/p>\n<p align=\"center\">\u201e\u0141owcy Okaz\u00f3w 2013\u201d<\/p>\n<p>&nbsp;<\/td>\n<td valign=\"top\" width=\"156\">\n<p align=\"center\">\u00a0Do ko\u0144ca<\/p>\n<p align=\"center\">litopada<\/p>\n<\/td>\n<td valign=\"top\" width=\"155\">\n<p align=\"center\">Zarz\u0105d Ko\u0142a<\/p>\n<\/td>\n<\/tr>\n<tr>\n<td valign=\"top\" width=\"55\">\n<p align=\"center\">29.<\/p>\n<p style=\"text-align: center;\" align=\"center\">\n<\/td>\n<td style=\"text-align: center;\" valign=\"top\" width=\"252\">\n<p align=\"center\">Organizacja Wigilii W\u0119dkarskiej<\/p>\n<p align=\"center\">Podsumowanie roku i \u00a0 konkursu<\/p>\n<p align=\"center\">\u201e\u0141owcy Okaz\u00f3w\u201d<\/p>\n<p align=\"center\"><span style=\"color: #ff0000;\">Je\u017celi masz propozycje wsp\u00f3lnych spotka\u0144, wypraw lub imprez w\u0119dkarskich\u00a0zapraszamy do siedziby naszego ko\u0142a &#8211; sklep w\u0119dkarski LIN ul.Chopina 4 Ostro\u0142\u0119ka<\/span><\/p>\n<\/td>\n<td style=\"text-align: center;\" valign=\"top\" width=\"156\">\n<p align=\"center\">Grudzie\u0144<\/p>\n<p align=\"center\">\n<\/td>\n<td valign=\"top\" width=\"155\">\n<p style=\"text-align: center;\" align=\"center\">Zarz\u0105d Ko\u0142a<\/p>\n<p style=\"text-align: center;\" align=\"center\">\n<\/td>\n<\/tr>\n<\/tbody>\n<\/table>\n","protected":false},"excerpt":{"rendered":"<p>L.P. Przedsi\u0119wzi\u0119cie Termin Wykonawca 1. Odbywanie posiedze\u0144 Zarz\u0105du \u00a0 ko\u0142a \u201eNarew\u201d Kolejne miesi\u0105ce 2013 r. Prezes Ko\u0142a 2. Mistrzostwa Podlodowe Ko\u0142a \u00a0 Narew jez. \u015aniardwy 20 stycznia Wykonano 3.<\/p>\n","protected":false},"author":2,"featured_media":0,"comment_status":"open","ping_status":"closed","sticky":false,"template":"","format":"standard","meta":{"footnotes":""},"categories":[20],"tags":[],"class_list":["post-3704","post","type-post","status-publish","format-standard","hentry","category-newsy"],"_links":{"self":[{"href":"https:\/\/www.pzwnarew.pl\/index.php?rest_route=\/wp\/v2\/posts\/3704","targetHints":{"allow":["GET"]}}],"collection":[{"href":"https:\/\/www.pzwnarew.pl\/index.php?rest_route=\/wp\/v2\/posts"}],"about":[{"href":"https:\/\/www.pzwnarew.pl\/index.php?rest_route=\/wp\/v2\/types\/post"}],"author":[{"embeddable":true,"href":"https:\/\/www.pzwnarew.pl\/index.php?rest_route=\/wp\/v2\/users\/2"}],"replies":[{"embeddable":true,"href":"https:\/\/www.pzwnarew.pl\/index.php?rest_route=%2Fwp%2Fv2%2Fcomments&post=3704"}],"version-history":[{"count":16,"href":"https:\/\/www.pzwnarew.pl\/index.php?rest_route=\/wp\/v2\/posts\/3704\/revisions"}],"predecessor-version":[{"id":4081,"href":"https:\/\/www.pzwnarew.pl\/index.php?rest_route=\/wp\/v2\/posts\/3704\/revisions\/4081"}],"wp:attachment":[{"href":"https:\/\/www.pzwnarew.pl\/index.php?rest_route=%2Fwp%2Fv2%2Fmedia&parent=3704"}],"wp:term":[{"taxonomy":"category","embeddable":true,"href":"https:\/\/www.pzwnarew.pl\/index.php?rest_route=%2Fwp%2Fv2%2Fcategories&post=3704"},{"taxonomy":"post_tag","embeddable":true,"href":"https:\/\/www.pzwnarew.pl\/index.php?rest_route=%2Fwp%2Fv2%2Ftags&post=3704"}],"curies":[{"name":"wp","href":"https:\/\/api.w.org\/{rel}","templated":true}]}}