{"id":3507,"date":"2013-01-14T17:57:46","date_gmt":"2013-01-14T16:57:46","guid":{"rendered":"http:\/\/www.ostroleka.com.pl\/pzw-narew38\/?p=3507"},"modified":"2013-01-25T10:03:50","modified_gmt":"2013-01-25T09:03:50","slug":"mrozne-i-sniezne-mistrzostwa","status":"publish","type":"post","link":"https:\/\/www.pzwnarew.pl\/?p=3507","title":{"rendered":"MRO\u0179NE I \u015aNIE\u017bNE MISTRZOSTWA"},"content":{"rendered":"<p>W niedziel\u0119 20 stycznia w\u0119dkarze z ko\u0142a Narew w Ostro\u0142\u0119ce rozegrali mistrzostwa w w\u0119dkowaniu podlodowym<a href=\"http:\/\/www.ostroleka.com.pl\/pzw-narew38\/wp-content\/uploads\/2013\/01\/IMG_0370.jpg\"><img loading=\"lazy\" decoding=\"async\" class=\"alignright  wp-image-3508\" style=\"width: 294px; height: 187px;\" title=\"IMG_0370\" alt=\"\" src=\"http:\/\/www.ostroleka.com.pl\/pzw-narew38\/wp-content\/uploads\/2013\/01\/IMG_0370.jpg\" width=\"292\" height=\"166\" \/><\/a> na jeziorze Rekowym.<\/p>\n<p>Pogoda by\u0142a mro\u017ana ( -8) pr\u00f3szy\u0142 \u015bnieg, ale to nie zniech\u0119ci\u0142o w\u0119dkarzy aby rozegra\u0107 zawody.<\/p>\n<p>Dopisa\u0142a frekwencja i cieszymy si\u0119 z tego, \u017ce w naszych imprezach uczestniczy blisko 50 w\u0119dkarzy.<\/p>\n<p>Zimow\u0105 aur\u0119 pozwoli\u0142 przezwyci\u0119\u017cy\u0107 wspania\u0142y kapu\u015bniak i gor\u0105ca herbata.<!--more--><\/p>\n<p>Ostatecznie po rywalizacji w dw\u00f3ch dwugodzinnych turach wy\u0142oniono pierwsz\u0105 tr\u00f3jk\u0119 , s\u0105 to:<\/p>\n<p>Mistrz Ko\u0142a Narew \u2013 \u0141ukasz Romanik<\/p>\n<p>Wicemistrzowie Marek Choroma\u0144ski i Andrzej Za\u0142\u0119ski.<\/p>\n<p>Ostateczne wyniki prezentujemy w podgl\u0105dzie w galerii zdj\u0119\u0107<\/p>\n<p><span style=\"color: #ff0000;\">\u00a0\u00a0\u00a0\u00a0\u00a0\u00a0\u00a0\u00a0\u00a0\u00a0\u00a0\u00a0\u00a0\u00a0\u00a0\u00a0\u00a0\u00a0\u00a0\u00a0\u00a0\u00a0\u00a0\u00a0\u00a0\u00a0\u00a0\u00a0\u00a0\u00a0\u00a0\u00a0\u00a0\u00a0\u00a0\u00a0\u00a0\u00a0\u00a0\u00a0\u00a0\u00a0\u00a0\u00a0\u00a0\u00a0\u00a0<\/span><strong>\u00a0<span style=\"color: #ff0000;\">\u00a0\u00a0\u00a0\u00a0\u00a0<\/span><\/strong><span style=\"color: #ff0000;\">\u00a0<a href=\"http:\/\/www.ostroleka.com.pl\/gallery_pzw\/thumbnails.php?album=108\"><span style=\"color: #ff0000;\">\u00a0 &lt;&lt;&lt; Galeria zdj\u0119\u0107 patrz &gt;&gt;&gt;<\/span><\/a><\/span><\/p>\n<p><span style=\"color: #ff0000;\">\u00a0<\/span><\/p>\n","protected":false},"excerpt":{"rendered":"<p>W niedziel\u0119 20 stycznia w\u0119dkarze z ko\u0142a Narew w Ostro\u0142\u0119ce rozegrali mistrzostwa w w\u0119dkowaniu podlodowym na jeziorze Rekowym. Pogoda by\u0142a mro\u017ana ( -8) pr\u00f3szy\u0142 \u015bnieg, ale to nie zniech\u0119ci\u0142o w\u0119dkarzy aby rozegra\u0107 zawody. Dopisa\u0142a frekwencja i cieszymy si\u0119 z tego, \u017ce w naszych imprezach uczestniczy blisko 50 w\u0119dkarzy. Zimow\u0105 aur\u0119 pozwoli\u0142 przezwyci\u0119\u017cy\u0107 wspania\u0142y kapu\u015bniak i gor\u0105ca herbata.<\/p>\n","protected":false},"author":2,"featured_media":0,"comment_status":"open","ping_status":"closed","sticky":false,"template":"","format":"standard","meta":{"footnotes":""},"categories":[20,17],"tags":[],"class_list":["post-3507","post","type-post","status-publish","format-standard","hentry","category-newsy","category-imprezy"],"_links":{"self":[{"href":"https:\/\/www.pzwnarew.pl\/index.php?rest_route=\/wp\/v2\/posts\/3507","targetHints":{"allow":["GET"]}}],"collection":[{"href":"https:\/\/www.pzwnarew.pl\/index.php?rest_route=\/wp\/v2\/posts"}],"about":[{"href":"https:\/\/www.pzwnarew.pl\/index.php?rest_route=\/wp\/v2\/types\/post"}],"author":[{"embeddable":true,"href":"https:\/\/www.pzwnarew.pl\/index.php?rest_route=\/wp\/v2\/users\/2"}],"replies":[{"embeddable":true,"href":"https:\/\/www.pzwnarew.pl\/index.php?rest_route=%2Fwp%2Fv2%2Fcomments&post=3507"}],"version-history":[{"count":11,"href":"https:\/\/www.pzwnarew.pl\/index.php?rest_route=\/wp\/v2\/posts\/3507\/revisions"}],"predecessor-version":[{"id":3515,"href":"https:\/\/www.pzwnarew.pl\/index.php?rest_route=\/wp\/v2\/posts\/3507\/revisions\/3515"}],"wp:attachment":[{"href":"https:\/\/www.pzwnarew.pl\/index.php?rest_route=%2Fwp%2Fv2%2Fmedia&parent=3507"}],"wp:term":[{"taxonomy":"category","embeddable":true,"href":"https:\/\/www.pzwnarew.pl\/index.php?rest_route=%2Fwp%2Fv2%2Fcategories&post=3507"},{"taxonomy":"post_tag","embeddable":true,"href":"https:\/\/www.pzwnarew.pl\/index.php?rest_route=%2Fwp%2Fv2%2Ftags&post=3507"}],"curies":[{"name":"wp","href":"https:\/\/api.w.org\/{rel}","templated":true}]}}