{"id":3504,"date":"2013-02-03T15:35:29","date_gmt":"2013-02-03T14:35:29","guid":{"rendered":"http:\/\/www.ostroleka.com.pl\/pzw-narew38\/?p=3504"},"modified":"2013-02-03T21:11:31","modified_gmt":"2013-02-03T20:11:31","slug":"ii-wycieczka-na-lod-jezioro-sniardwy","status":"publish","type":"post","link":"https:\/\/www.pzwnarew.pl\/?p=3504","title":{"rendered":"Udana wyprawa na l\u00f3d"},"content":{"rendered":"<p>W dniu 3 lutego br. w\u0119dkarze z ko\u0142a \u201eNarew nr 38\u201d\u00a0 wybrali si\u0119 na wsp\u00f3lne w\u0119dkowanie na jezioro \u015aniardwy do <a href=\"http:\/\/www.ostroleka.com.pl\/pzw-narew38\/wp-content\/uploads\/2013\/02\/IMG_03611.jpg\"><img loading=\"lazy\" decoding=\"async\" class=\" wp-image-3689 alignright\" alt=\"IMG_0361\" src=\"http:\/\/www.ostroleka.com.pl\/pzw-narew38\/wp-content\/uploads\/2013\/02\/IMG_03611-300x200.jpg\" width=\"240\" height=\"160\" srcset=\"https:\/\/www.pzwnarew.pl\/wp-content\/uploads\/2013\/02\/IMG_03611-300x200.jpg 300w, https:\/\/www.pzwnarew.pl\/wp-content\/uploads\/2013\/02\/IMG_03611-1024x683.jpg 1024w, https:\/\/www.pzwnarew.pl\/wp-content\/uploads\/2013\/02\/IMG_03611.jpg 1690w\" sizes=\"auto, (max-width: 240px) 100vw, 240px\" \/><\/a>miejscowo\u015bci\u00a0 Nied\u017awiedzi R\u00f3g. Frekwencja dopisa\u0142a\u00a0w wyciecze wzi\u0119\u0142o udzia\u0142 53 w\u0119dkarzy, organizatorzy mieli pe\u0142ne r\u0119ce roboty. Uczestnicy mieli doskona\u0142e humory. Pogoda dopisa\u0142a, temperatura wynosi\u0142a powy\u017cej zera.Wszyscy byli bardzo zadowoleni, a po\u0142owy zako\u0144czyli\u015bmy ogniskiem ciep\u0142a herbat\u0105, kaw\u0105 oraz kie\u0142bas\u0105 z kija. Szczeg\u00f3lne podzi\u0119kowanie sk\u0142adamy dla sklepu spo\u017cywczego \u00a0DELIKATESY DELICJA \u00a0ul.Sienkiewicza 5 za ufundowanie \u201egor\u0105cego posi\u0142ku\u201d. Serdecznie zapraszamy na nast\u0119pne wyjazdy.<\/p>\n<p><a href=\"http:\/\/www.ostroleka.com.pl\/gallery_pzw\/thumbnails.php?album=110\"><strong><span style=\"color: #ff0000;\">\u00a0\u00a0\u00a0\u00a0\u00a0\u00a0\u00a0\u00a0\u00a0\u00a0\u00a0\u00a0\u00a0\u00a0\u00a0\u00a0\u00a0\u00a0\u00a0\u00a0\u00a0\u00a0\u00a0\u00a0\u00a0 Galeria zdj\u0119\u0107 patrz&gt;&gt;&gt;<\/span><\/strong><\/p>\n<p><\/a><\/p>\n<p>&nbsp;<\/p>\n","protected":false},"excerpt":{"rendered":"<p>W dniu 3 lutego br. w\u0119dkarze z ko\u0142a \u201eNarew nr 38\u201d\u00a0 wybrali si\u0119 na wsp\u00f3lne w\u0119dkowanie na jezioro \u015aniardwy do miejscowo\u015bci\u00a0 Nied\u017awiedzi R\u00f3g. Frekwencja dopisa\u0142a\u00a0w wyciecze wzi\u0119\u0142o udzia\u0142 53 w\u0119dkarzy, organizatorzy mieli pe\u0142ne r\u0119ce roboty. Uczestnicy mieli doskona\u0142e humory. Pogoda dopisa\u0142a, temperatura wynosi\u0142a powy\u017cej zera.Wszyscy byli bardzo zadowoleni, a po\u0142owy zako\u0144czyli\u015bmy ogniskiem ciep\u0142a herbat\u0105, kaw\u0105 oraz kie\u0142bas\u0105 z kija. Szczeg\u00f3lne podzi\u0119kowanie sk\u0142adamy dla sklepu spo\u017cywczego \u00a0DELIKATESY DELICJA \u00a0ul.Sienkiewicza 5 za ufundowanie \u201egor\u0105cego posi\u0142ku\u201d. Serdecznie zapraszamy na nast\u0119pne wyjazdy. \u00a0\u00a0\u00a0\u00a0\u00a0\u00a0\u00a0\u00a0\u00a0\u00a0\u00a0\u00a0\u00a0\u00a0\u00a0\u00a0\u00a0\u00a0\u00a0\u00a0\u00a0\u00a0\u00a0\u00a0\u00a0 Galeria&#8230;<\/p>\n<p class=\"read-more\"><a class=\"btn btn-default\" href=\"https:\/\/www.pzwnarew.pl\/?p=3504\"> Read More<span class=\"screen-reader-text\">  Read More<\/span><\/a><\/p>\n","protected":false},"author":2,"featured_media":0,"comment_status":"open","ping_status":"closed","sticky":false,"template":"","format":"standard","meta":{"footnotes":""},"categories":[20,17],"tags":[],"class_list":["post-3504","post","type-post","status-publish","format-standard","hentry","category-newsy","category-imprezy"],"_links":{"self":[{"href":"https:\/\/www.pzwnarew.pl\/index.php?rest_route=\/wp\/v2\/posts\/3504","targetHints":{"allow":["GET"]}}],"collection":[{"href":"https:\/\/www.pzwnarew.pl\/index.php?rest_route=\/wp\/v2\/posts"}],"about":[{"href":"https:\/\/www.pzwnarew.pl\/index.php?rest_route=\/wp\/v2\/types\/post"}],"author":[{"embeddable":true,"href":"https:\/\/www.pzwnarew.pl\/index.php?rest_route=\/wp\/v2\/users\/2"}],"replies":[{"embeddable":true,"href":"https:\/\/www.pzwnarew.pl\/index.php?rest_route=%2Fwp%2Fv2%2Fcomments&post=3504"}],"version-history":[{"count":35,"href":"https:\/\/www.pzwnarew.pl\/index.php?rest_route=\/wp\/v2\/posts\/3504\/revisions"}],"predecessor-version":[{"id":3692,"href":"https:\/\/www.pzwnarew.pl\/index.php?rest_route=\/wp\/v2\/posts\/3504\/revisions\/3692"}],"wp:attachment":[{"href":"https:\/\/www.pzwnarew.pl\/index.php?rest_route=%2Fwp%2Fv2%2Fmedia&parent=3504"}],"wp:term":[{"taxonomy":"category","embeddable":true,"href":"https:\/\/www.pzwnarew.pl\/index.php?rest_route=%2Fwp%2Fv2%2Fcategories&post=3504"},{"taxonomy":"post_tag","embeddable":true,"href":"https:\/\/www.pzwnarew.pl\/index.php?rest_route=%2Fwp%2Fv2%2Ftags&post=3504"}],"curies":[{"name":"wp","href":"https:\/\/api.w.org\/{rel}","templated":true}]}}