{"id":3450,"date":"2013-01-02T22:06:26","date_gmt":"2013-01-02T21:06:26","guid":{"rendered":"http:\/\/www.ostroleka.com.pl\/pzw-narew38\/?p=3450"},"modified":"2015-03-13T22:44:33","modified_gmt":"2015-03-13T21:44:33","slug":"okazy-wedkarskie-2013","status":"publish","type":"post","link":"https:\/\/www.pzwnarew.pl\/?p=3450","title":{"rendered":"Okazy 2013"},"content":{"rendered":"<p style=\"text-align: center;\"><a href=\"http:\/\/www.ostroleka.com.pl\/pzw-narew38\/wp-content\/uploads\/2013\/11\/lallalala.jpg\"><img loading=\"lazy\" decoding=\"async\" class=\"aligncenter wp-image-4840 size-full\" src=\"http:\/\/www.pzwnarew.pl\/wp-content\/uploads\/2013\/11\/lallalala.jpg\" alt=\"lallalala\" width=\"1004\" height=\"332\" srcset=\"https:\/\/www.pzwnarew.pl\/wp-content\/uploads\/2013\/11\/lallalala.jpg 1004w, https:\/\/www.pzwnarew.pl\/wp-content\/uploads\/2013\/11\/lallalala-300x99.jpg 300w\" sizes=\"auto, (max-width: 1004px) 100vw, 1004px\" \/><\/a><\/p>\n<p style=\"text-align: center;\"><span style=\"color: #000000;\"><strong>Zarz\u0105d Ko\u0142a \u201eNarew\u201d w Ostro\u0142\u0119ce og\u0142asza coroczny konkurs dla swoich cz\u0142onk\u00f3w pod nazw\u0105 \u201eOkazy w\u0119dkarskie\u201d.<\/strong><\/span><\/p>\n<p>W\u00a0 bie\u017c\u0105cym roku czas trwania konkursu:<br \/>\nod 1 stycznia do 30 listopada 2013 r.<\/p>\n<p>Przedmiotem konkursu s\u0105 najwi\u0119ksze okazy z\u0142owionych ryb we wszystkich gatunkach dozwolonych do po\u0142owu zgodnie z regulaminem amatorskiego po\u0142owu ryb, z zachowaniem okres\u00f3w i wymiar\u00f3w ochronnych.<br \/>\nRyby stanowi\u0105ce przedmiot zg\u0142oszenia w konkursie powinny by\u0107 sfotografowane lub uwiecznione na innych no\u015bnikach.<\/p>\n<p>&nbsp;<\/p>\n<p><a href=\"http:\/\/www.ostroleka.com.pl\/pzw-narew38\/wp-content\/uploads\/2013\/01\/WP_000295.jpg\"><img loading=\"lazy\" decoding=\"async\" class=\"aligncenter wp-image-4320 size-medium\" src=\"http:\/\/www.pzwnarew.pl\/wp-content\/uploads\/2013\/01\/WP_000295-284x300.jpg\" alt=\"WP_000295\" width=\"284\" height=\"300\" srcset=\"https:\/\/www.pzwnarew.pl\/wp-content\/uploads\/2013\/01\/WP_000295-284x300.jpg 284w, https:\/\/www.pzwnarew.pl\/wp-content\/uploads\/2013\/01\/WP_000295-972x1024.jpg 972w, https:\/\/www.pzwnarew.pl\/wp-content\/uploads\/2013\/01\/WP_000295.jpg 1601w\" sizes=\"auto, (max-width: 284px) 100vw, 284px\" \/><\/a><\/p>\n<p style=\"text-align: center;\"><strong>Patryk Szyszka<\/strong><\/p>\n<p style=\"text-align: center;\">Z\u0142owi\u0142 w dniu\u00a0\u00a01\u00a0maja na\u00a0zbiorniku w\u00a0Grodzisku\u00a0\u00a0okonia d\u0142ugo\u015bci\u00a050 cm.<\/p>\n<div style=\"width: 640px;\" class=\"wp-video\"><!--[if lt IE 9]><script>document.createElement('video');<\/script><![endif]-->\n<video class=\"wp-video-shortcode\" id=\"video-3450-1\" width=\"640\" height=\"360\" preload=\"metadata\" controls=\"controls\"><source type=\"video\/mp4\" src=\"http:\/\/www.pzwnarew.pl\/wp-content\/uploads\/2013\/01\/Uwalnianie-okonia..mp4?_=1\" \/><a href=\"http:\/\/www.pzwnarew.pl\/wp-content\/uploads\/2013\/01\/Uwalnianie-okonia..mp4\">http:\/\/www.pzwnarew.pl\/wp-content\/uploads\/2013\/01\/Uwalnianie-okonia..mp4<\/a><\/video><\/div>\n<p style=\"text-align: center;\">Nasze gratulacje !!!<\/p>\n<hr size=\"3\" \/>\n<p style=\"text-align: center;\">\u00a0<a href=\"http:\/\/www.ostroleka.com.pl\/pzw-narew38\/wp-content\/uploads\/2013\/01\/Zdj\u0119cie0623.jpg\"><img loading=\"lazy\" decoding=\"async\" class=\"aligncenter wp-image-4495 size-medium\" src=\"http:\/\/www.pzwnarew.pl\/wp-content\/uploads\/2013\/01\/Zdj\u0119cie0623-225x300.jpg\" alt=\"Zdj\u0119cie0623\" width=\"225\" height=\"300\" srcset=\"https:\/\/www.pzwnarew.pl\/wp-content\/uploads\/2013\/01\/Zdj\u0119cie0623-225x300.jpg 225w, https:\/\/www.pzwnarew.pl\/wp-content\/uploads\/2013\/01\/Zdj\u0119cie0623-768x1024.jpg 768w, https:\/\/www.pzwnarew.pl\/wp-content\/uploads\/2013\/01\/Zdj\u0119cie0623.jpg 1200w\" sizes=\"auto, (max-width: 225px) 100vw, 225px\" \/><\/a><\/p>\n<p style=\"text-align: center;\"><strong>Robert Gwiazdowski<\/strong><\/p>\n<p style=\"text-align: center;\">Z\u0142owi\u0142 w dniu\u00a0\u00a03 czerwca\u00a0na\u00a0jez.\u00a0Brajnickim\u00a0leszcza d\u0142ugo\u015bci\u00a054 cm. (Przyn\u0119ta\u00a0 kukurydza)<\/p>\n<p style=\"text-align: center;\">Nasze gratulacje !!!<\/p>\n<hr size=\"3\" \/>\n<p>&nbsp;<\/p>\n<p style=\"text-align: center;\"><a href=\"http:\/\/www.ostroleka.com.pl\/pzw-narew38\/wp-content\/uploads\/2013\/01\/nnnnnnnnnnnnnnnnnnnnnnnnn.jpg\"><img loading=\"lazy\" decoding=\"async\" class=\"aligncenter wp-image-4626 size-medium\" src=\"http:\/\/www.pzwnarew.pl\/wp-content\/uploads\/2013\/01\/nnnnnnnnnnnnnnnnnnnnnnnnn-300x225.jpg\" alt=\"nnnnnnnnnnnnnnnnnnnnnnnnn\" width=\"300\" height=\"225\" srcset=\"https:\/\/www.pzwnarew.pl\/wp-content\/uploads\/2013\/01\/nnnnnnnnnnnnnnnnnnnnnnnnn-300x225.jpg 300w, https:\/\/www.pzwnarew.pl\/wp-content\/uploads\/2013\/01\/nnnnnnnnnnnnnnnnnnnnnnnnn.jpg 717w\" sizes=\"auto, (max-width: 300px) 100vw, 300px\" \/><\/a><\/p>\n<p style=\"text-align: center;\"><strong>Piotr Mucha<\/strong><\/p>\n<p style=\"text-align: center;\">Z\u0142owi\u0142 w dniu\u00a022\u00a0lipca\u00a0na\u00a0zbiorniku Wykrot\u00a0w\u0119gorza d\u0142ugo\u015bci\u00a065 cm. (Przyn\u0119ta\u00a0 ros\u00f3wka)<\/p>\n<p style=\"text-align: center;\">Nasze gratulacje !!!<\/p>\n<hr size=\"3\" \/>\n<p>&nbsp;<\/p>\n<div><a href=\"http:\/\/www.ostroleka.com.pl\/pzw-narew38\/wp-content\/uploads\/2013\/01\/Zdj\u0119cie-0076.jpg\"><img loading=\"lazy\" decoding=\"async\" class=\"aligncenter wp-image-4627 size-medium\" src=\"http:\/\/www.pzwnarew.pl\/wp-content\/uploads\/2013\/01\/Zdj\u0119cie-0076-300x225.jpg\" alt=\"Zdj\u0119cie-0076\" width=\"300\" height=\"225\" srcset=\"https:\/\/www.pzwnarew.pl\/wp-content\/uploads\/2013\/01\/Zdj\u0119cie-0076-300x225.jpg 300w, https:\/\/www.pzwnarew.pl\/wp-content\/uploads\/2013\/01\/Zdj\u0119cie-0076-1024x768.jpg 1024w\" sizes=\"auto, (max-width: 300px) 100vw, 300px\" \/><\/a><\/div>\n<p style=\"text-align: center;\"><strong>Kamil Brutkowski<\/strong><\/p>\n<p style=\"text-align: center;\">Z\u0142owi\u0142 w dniu\u00a029\u00a0czerwca\u00a0na\u00a0rzece Narew\u00a0Bolenia d\u0142ugo\u015bci\u00a074 cm. (metoda po\u0142owu \u017cywiec)<\/p>\n<p style=\"text-align: center;\">Nasze gratulacje !!!<\/p>\n<hr size=\"3\" \/>\n<p style=\"text-align: center;\"><a href=\"http:\/\/www.ostroleka.com.pl\/pzw-narew38\/wp-content\/uploads\/2013\/01\/gwiazda-lin.jpg\"><img loading=\"lazy\" decoding=\"async\" class=\"aligncenter wp-image-4675 size-medium\" src=\"http:\/\/www.pzwnarew.pl\/wp-content\/uploads\/2013\/01\/gwiazda-lin-300x225.jpg\" alt=\"gwiazda lin\" width=\"300\" height=\"225\" srcset=\"https:\/\/www.pzwnarew.pl\/wp-content\/uploads\/2013\/01\/gwiazda-lin-300x225.jpg 300w, https:\/\/www.pzwnarew.pl\/wp-content\/uploads\/2013\/01\/gwiazda-lin-1024x768.jpg 1024w\" sizes=\"auto, (max-width: 300px) 100vw, 300px\" \/><\/a><\/p>\n<p style=\"text-align: center;\"><strong>Robert Gwiazdowski<\/strong><\/p>\n<p style=\"text-align: center;\">Z\u0142owi\u0142 w dniu\u00a018 sierpnia\u00a0na\u00a0\u00a0\u017cwirowni Brzuze \u00a0lina d\u0142ugo\u015bci\u00a046 cm. (Przyn\u0119ta\u00a0 czerwony robak)<\/p>\n<p style=\"text-align: center;\">Nasze gratulacje !!!<\/p>\n<hr size=\"3\" \/>\n<p style=\"text-align: center;\"><a href=\"http:\/\/www.pzwnarew.pl\/wp-content\/uploads\/2013\/01\/klen.jpg\"><img loading=\"lazy\" decoding=\"async\" class=\"aligncenter wp-image-4715\" src=\"http:\/\/www.pzwnarew.pl\/wp-content\/uploads\/2013\/01\/klen.jpg\" alt=\"\" width=\"284\" height=\"226\" srcset=\"https:\/\/www.pzwnarew.pl\/wp-content\/uploads\/2013\/01\/klen.jpg 2438w, https:\/\/www.pzwnarew.pl\/wp-content\/uploads\/2013\/01\/klen-300x239.jpg 300w, https:\/\/www.pzwnarew.pl\/wp-content\/uploads\/2013\/01\/klen-1024x816.jpg 1024w\" sizes=\"auto, (max-width: 284px) 100vw, 284px\" \/><\/a><\/p>\n<p style=\"text-align: center;\"><strong>Adam \u00a0Szyszka<\/strong><\/p>\n<p style=\"text-align: center;\">Z\u0142owi\u0142 w dniu\u00a01\u00a0wrze\u015bnia\u00a0na\u00a0\u00a0rzece\u00a0Narew\u00a0\u00a0klenia d\u0142ugo\u015bci\u00a044 cm.<\/p>\n<p style=\"text-align: center;\">Nasze gratulacje !!!<\/p>\n<hr size=\"3\" \/>\n<p style=\"text-align: center;\"><a href=\"http:\/\/www.ostroleka.com.pl\/pzw-narew38\/wp-content\/uploads\/2013\/01\/IMAG0495.jpg\"><img loading=\"lazy\" decoding=\"async\" class=\"aligncenter wp-image-4728 size-medium\" src=\"http:\/\/www.pzwnarew.pl\/wp-content\/uploads\/2013\/01\/IMAG0495-275x300.jpg\" alt=\"IMAG0495\" width=\"275\" height=\"300\" srcset=\"https:\/\/www.pzwnarew.pl\/wp-content\/uploads\/2013\/01\/IMAG0495-275x300.jpg 275w, https:\/\/www.pzwnarew.pl\/wp-content\/uploads\/2013\/01\/IMAG0495.jpg 661w\" sizes=\"auto, (max-width: 275px) 100vw, 275px\" \/><\/a><\/p>\n<p style=\"text-align: center;\"><strong>Wojciech Czerwi\u0144ski<\/strong><\/p>\n<p style=\"text-align: center;\">Z\u0142owi\u0142 w dniu\u00a029 lipca o godz. 21\u00a0na\u00a0\u00a0rzece\u00a0Narew\u00a0\u00a0w\u0119gorza d\u0142ugo\u015bci\u00a080 cm. waga 1,05 kg (przyn\u0119ta ukleja)<\/p>\n<p style=\"text-align: center;\">Nasze gratulacje !!!<\/p>\n<hr size=\"3\" \/>\n<p style=\"text-align: center;\"><a href=\"http:\/\/www.ostroleka.com.pl\/pzw-narew38\/wp-content\/uploads\/2013\/01\/lescze-e1378756778207.jpg\"><img loading=\"lazy\" decoding=\"async\" class=\"aligncenter wp-image-4735 size-medium\" src=\"http:\/\/www.pzwnarew.pl\/wp-content\/uploads\/2013\/01\/lescze-e1378756778207-225x300.jpg\" alt=\"lescze\" width=\"225\" height=\"300\" srcset=\"https:\/\/www.pzwnarew.pl\/wp-content\/uploads\/2013\/01\/lescze-e1378756778207-225x300.jpg 225w, https:\/\/www.pzwnarew.pl\/wp-content\/uploads\/2013\/01\/lescze-e1378756778207-768x1024.jpg 768w, https:\/\/www.pzwnarew.pl\/wp-content\/uploads\/2013\/01\/lescze-e1378756778207.jpg 960w\" sizes=\"auto, (max-width: 225px) 100vw, 225px\" \/><\/a><\/p>\n<p style=\"text-align: center;\"><strong>Mateusz M\u0142ynarczyk<\/strong><\/p>\n<p style=\"text-align: center;\">Z\u0142owi\u0142 w lipcu\u00a0na\u00a0rzece\u00a0Narew\u00a0leszcza d\u0142ugo\u015bci\u00a054 cm.\u00a0 (na feedera przyn\u0119ta bia\u0142y robak)<\/p>\n<p style=\"text-align: center;\">Nasze gratulacje !!!<\/p>\n<hr size=\"3\" \/>\n<p style=\"text-align: center;\"><a href=\"http:\/\/www.ostroleka.com.pl\/pzw-narew38\/wp-content\/uploads\/2013\/01\/szczupak-e1378756807517.jpg\"><img loading=\"lazy\" decoding=\"async\" class=\"aligncenter wp-image-4736 size-medium\" src=\"http:\/\/www.pzwnarew.pl\/wp-content\/uploads\/2013\/01\/szczupak-e1378756807517-224x300.jpg\" alt=\"szczupak\" width=\"224\" height=\"300\" srcset=\"https:\/\/www.pzwnarew.pl\/wp-content\/uploads\/2013\/01\/szczupak-e1378756807517-224x300.jpg 224w, https:\/\/www.pzwnarew.pl\/wp-content\/uploads\/2013\/01\/szczupak-e1378756807517.jpg 455w\" sizes=\"auto, (max-width: 224px) 100vw, 224px\" \/><\/a><\/p>\n<p style=\"text-align: center;\"><strong>\u0141ukasz Garbulewski<\/strong><\/p>\n<p style=\"text-align: center;\">Z\u0142owi\u0142\u00a07 wrze\u015bnia na\u00a0rzece\u00a0Narew\u00a0szczupaka d\u0142ugo\u015bci\u00a084 cm.\u00a0 (na \u017cywca)<\/p>\n<p style=\"text-align: center;\">Nasze gratulacje !!!<\/p>\n<hr size=\"3\" \/>\n<p style=\"text-align: center;\"><a href=\"http:\/\/www.ostroleka.com.pl\/pzw-narew38\/wp-content\/uploads\/2013\/01\/DSC00006.jpg\"><img loading=\"lazy\" decoding=\"async\" class=\"aligncenter wp-image-4753 size-medium\" src=\"http:\/\/www.pzwnarew.pl\/wp-content\/uploads\/2013\/01\/DSC00006-300x225.jpg\" alt=\"DSC00006\" width=\"300\" height=\"225\" srcset=\"https:\/\/www.pzwnarew.pl\/wp-content\/uploads\/2013\/01\/DSC00006-300x225.jpg 300w, https:\/\/www.pzwnarew.pl\/wp-content\/uploads\/2013\/01\/DSC00006-1024x768.jpg 1024w\" sizes=\"auto, (max-width: 300px) 100vw, 300px\" \/><\/a><\/p>\n<p style=\"text-align: center;\"><strong>Zbigniew Lis<\/strong><\/p>\n<p style=\"text-align: center;\">Z\u0142owi\u0142\u00a014 wrze\u015bnia na\u00a0starorzeczu\u00a0Narwi\u00a0sandacza d\u0142ugo\u015bci\u00a070 cm.\u00a0 (spinning)<\/p>\n<p style=\"text-align: center;\">Nasze gratulacje !!!<\/p>\n<hr size=\"3\" \/>\n<p style=\"text-align: center;\"><a href=\"http:\/\/www.ostroleka.com.pl\/pzw-narew38\/wp-content\/uploads\/2013\/01\/IMG_20130909_151813.jpg\"><img loading=\"lazy\" decoding=\"async\" class=\"aligncenter wp-image-4754 size-medium\" src=\"http:\/\/www.pzwnarew.pl\/wp-content\/uploads\/2013\/01\/IMG_20130909_151813-225x300.jpg\" alt=\"sandaczz\" width=\"225\" height=\"300\" srcset=\"https:\/\/www.pzwnarew.pl\/wp-content\/uploads\/2013\/01\/IMG_20130909_151813-225x300.jpg 225w, https:\/\/www.pzwnarew.pl\/wp-content\/uploads\/2013\/01\/IMG_20130909_151813-768x1024.jpg 768w\" sizes=\"auto, (max-width: 225px) 100vw, 225px\" \/><\/a><\/p>\n<p style=\"text-align: center;\"><strong>Tomasz Perzanowski<\/strong><\/p>\n<p style=\"text-align: center;\">Z\u0142owi\u0142\u00a09 wrze\u015bnia na\u00a0zbiorniku Wykrot\u00a0sandacza d\u0142ugo\u015bci\u00a072 cm.\u00a0 (na \u017cywca)<\/p>\n<p style=\"text-align: center;\">Nasze gratulacje !!!<\/p>\n<hr size=\"3\" \/>\n<p style=\"text-align: center;\"><a href=\"http:\/\/www.ostroleka.com.pl\/pzw-narew38\/wp-content\/uploads\/2013\/01\/leszcz.jpg\"><img loading=\"lazy\" decoding=\"async\" class=\"aligncenter wp-image-4769 size-medium\" src=\"http:\/\/www.pzwnarew.pl\/wp-content\/uploads\/2013\/01\/leszcz-300x225.jpg\" alt=\"leszcz\" width=\"300\" height=\"225\" srcset=\"https:\/\/www.pzwnarew.pl\/wp-content\/uploads\/2013\/01\/leszcz-300x225.jpg 300w, https:\/\/www.pzwnarew.pl\/wp-content\/uploads\/2013\/01\/leszcz-1024x768.jpg 1024w, https:\/\/www.pzwnarew.pl\/wp-content\/uploads\/2013\/01\/leszcz.jpg 1296w\" sizes=\"auto, (max-width: 300px) 100vw, 300px\" \/><\/a><\/p>\n<p style=\"text-align: center;\"><strong>Przemys\u0142aw My\u015blak<\/strong><\/p>\n<p style=\"text-align: center;\">Z\u0142owi\u0142\u00a017\u00a0lipca na\u00a0starorzeczu\u00a0Narwi\u00a0leszcza d\u0142ugo\u015bci\u00a052 cm.\u00a0 (na kukurydze)<\/p>\n<p style=\"text-align: center;\">Nasze gratulacje !!!<\/p>\n<hr size=\"3\" \/>\n<p style=\"text-align: center;\"><a href=\"http:\/\/www.ostroleka.com.pl\/pzw-narew38\/wp-content\/uploads\/2013\/01\/szczupak1.jpg\"><img loading=\"lazy\" decoding=\"async\" class=\"aligncenter wp-image-4770 size-full\" src=\"http:\/\/www.pzwnarew.pl\/wp-content\/uploads\/2013\/01\/szczupak1.jpg\" alt=\"szczupak\" width=\"270\" height=\"480\" srcset=\"https:\/\/www.pzwnarew.pl\/wp-content\/uploads\/2013\/01\/szczupak1.jpg 270w, https:\/\/www.pzwnarew.pl\/wp-content\/uploads\/2013\/01\/szczupak1-168x300.jpg 168w\" sizes=\"auto, (max-width: 270px) 100vw, 270px\" \/><\/a><\/p>\n<p style=\"text-align: center;\"><strong>Karol Dyko<\/strong><\/p>\n<p style=\"text-align: center;\">Z\u0142owi\u0142\u00a011 sierpnia Szczupaka na\u00a0starorzeczu\u00a0Narwi\u00a0 d\u0142ugo\u015bci\u00a060 cm.\u00a0 (na \u017cywca)<\/p>\n<p style=\"text-align: center;\">Nasze gratulacje !!!<\/p>\n<hr size=\"3\" \/>\n<p><a href=\"http:\/\/www.ostroleka.com.pl\/pzw-narew38\/wp-content\/uploads\/2013\/01\/szczupak2.jpg\"><img loading=\"lazy\" decoding=\"async\" class=\"aligncenter wp-image-4804 size-medium\" src=\"http:\/\/www.pzwnarew.pl\/wp-content\/uploads\/2013\/01\/szczupak2-225x300.jpg\" alt=\"szczupak\" width=\"225\" height=\"300\" srcset=\"https:\/\/www.pzwnarew.pl\/wp-content\/uploads\/2013\/01\/szczupak2-225x300.jpg 225w, https:\/\/www.pzwnarew.pl\/wp-content\/uploads\/2013\/01\/szczupak2-768x1024.jpg 768w, https:\/\/www.pzwnarew.pl\/wp-content\/uploads\/2013\/01\/szczupak2.jpg 1920w\" sizes=\"auto, (max-width: 225px) 100vw, 225px\" \/><\/a><\/p>\n<p style=\"text-align: center;\">\u00a0\u00a0<strong>Rafa\u0142 Grochocki<\/strong><\/p>\n<p style=\"text-align: center;\">Z\u0142owi\u0142 7 wrze\u015bnia Szczupaka na Narwi\u00a0okolice \u0141\u0119gu\u00a0na spinning (kopyto)\u00a0d\u0142ugo\u015bci 86 cm.<\/p>\n<p style=\"text-align: center;\">Nasze gratulacje !!!<\/p>\n<hr size=\"3\" \/>\n<p style=\"text-align: center;\"><a href=\"http:\/\/www.ostroleka.com.pl\/pzw-narew38\/wp-content\/uploads\/2013\/01\/leszcz1.jpg\"><img loading=\"lazy\" decoding=\"async\" class=\"aligncenter wp-image-4805 size-medium\" src=\"http:\/\/www.pzwnarew.pl\/wp-content\/uploads\/2013\/01\/leszcz1-300x179.jpg\" alt=\"leszcz\" width=\"300\" height=\"179\" srcset=\"https:\/\/www.pzwnarew.pl\/wp-content\/uploads\/2013\/01\/leszcz1-300x179.jpg 300w, https:\/\/www.pzwnarew.pl\/wp-content\/uploads\/2013\/01\/leszcz1-1024x613.jpg 1024w\" sizes=\"auto, (max-width: 300px) 100vw, 300px\" \/><\/a><\/p>\n<p style=\"text-align: center;\">\u00a0\u00a0<strong>Rafa\u0142 Grochocki<\/strong><\/p>\n<p style=\"text-align: center;\">Z\u0142owi\u0142\u00a015 wrze\u015bnia\u00a0Leszcza na\u00a0rzece Bug\u00a0okolice\u00a0P\u0142udy\u00a0\u00a0d\u0142ugo\u015bci\u00a048 cm na feedera (bia\u0142y robak)<\/p>\n<p style=\"text-align: center;\">Nasze gratulacje !!!<\/p>\n<hr size=\"3\" \/>\n<p><a href=\"http:\/\/www.ostroleka.com.pl\/pzw-narew38\/wp-content\/uploads\/2013\/01\/SAM_9493.jpg\"><img loading=\"lazy\" decoding=\"async\" class=\"aligncenter wp-image-4828 size-medium\" src=\"http:\/\/www.pzwnarew.pl\/wp-content\/uploads\/2013\/01\/SAM_9493-300x225.jpg\" alt=\"SAM_9493\" width=\"300\" height=\"225\" srcset=\"https:\/\/www.pzwnarew.pl\/wp-content\/uploads\/2013\/01\/SAM_9493-300x225.jpg 300w, https:\/\/www.pzwnarew.pl\/wp-content\/uploads\/2013\/01\/SAM_9493-1024x768.jpg 1024w\" sizes=\"auto, (max-width: 300px) 100vw, 300px\" \/><\/a><\/p>\n<p style=\"text-align: center;\"><strong>Mariola Pysk\u0142o<\/strong><\/p>\n<p style=\"text-align: center;\">W dniu\u00a023\u00a0pa\u017adziernika 2013r z\u0142owi\u0142a Szczupaka d\u0142ugo\u015bci 60 cm. Po\u0142\u00f3w odby\u0142 si\u0119 na Brz\u00f3zym.<\/p>\n<p style=\"text-align: center;\">Nasze gratulacje !!!<\/p>\n<hr size=\"3\" \/>\n<p><a href=\"http:\/\/www.ostroleka.com.pl\/pzw-narew38\/wp-content\/uploads\/2013\/01\/mucha.jpg\"><img loading=\"lazy\" decoding=\"async\" class=\"aligncenter wp-image-4832 size-medium\" src=\"http:\/\/www.pzwnarew.pl\/wp-content\/uploads\/2013\/01\/mucha-300x181.jpg\" alt=\"mucha\" width=\"300\" height=\"181\" srcset=\"https:\/\/www.pzwnarew.pl\/wp-content\/uploads\/2013\/01\/mucha-300x181.jpg 300w, https:\/\/www.pzwnarew.pl\/wp-content\/uploads\/2013\/01\/mucha.jpg 795w\" sizes=\"auto, (max-width: 300px) 100vw, 300px\" \/><\/a><\/p>\n<p style=\"text-align: center;\"><strong>Piotr Mucha<\/strong><\/p>\n<p style=\"text-align: center;\">Z\u0142owi\u0142 w dniu\u00a019.10.13r na starorzeczu Narwi\u00a0szczupaka d\u0142ugo\u015bci\u00a066 cm. Po\u0142akomi\u0142 si\u0119 na 15cm czarnego w\u0119gorza<\/p>\n<p style=\"text-align: center;\">Nasze gratulacje !!!<\/p>\n<hr size=\"3\" \/>\n<p style=\"text-align: center;\"><a href=\"http:\/\/www.ostroleka.com.pl\/pzw-narew38\/wp-content\/uploads\/2013\/01\/mariola-lin.jpg\"><img loading=\"lazy\" decoding=\"async\" class=\"aligncenter wp-image-4847 size-medium\" src=\"http:\/\/www.pzwnarew.pl\/wp-content\/uploads\/2013\/01\/mariola-lin-300x225.jpg\" alt=\"mariola lin\" width=\"300\" height=\"225\" srcset=\"https:\/\/www.pzwnarew.pl\/wp-content\/uploads\/2013\/01\/mariola-lin-300x225.jpg 300w, https:\/\/www.pzwnarew.pl\/wp-content\/uploads\/2013\/01\/mariola-lin-1024x768.jpg 1024w\" sizes=\"auto, (max-width: 300px) 100vw, 300px\" \/><\/a><\/p>\n<p style=\"text-align: center;\"><strong>Mariola Pysk\u0142o<\/strong><\/p>\n<p style=\"text-align: center;\">W dniu\u00a017\u00a0listopada 2013r z\u0142owi\u0142a\u00a0Lina d\u0142ugo\u015bci\u00a046 cm (1,63kg). Po\u0142\u00f3w odby\u0142 si\u0119 na Brz\u00f3zym<\/p>\n<p style=\"text-align: center;\">(metoda boczny trok na\u00a0paprocha)<\/p>\n<p style=\"text-align: center;\">Nasze gratulacje !!!<\/p>\n<p>&nbsp;<\/p>\n<hr size=\"3\" \/>\n","protected":false},"excerpt":{"rendered":"<p>Zarz\u0105d Ko\u0142a \u201eNarew\u201d w Ostro\u0142\u0119ce og\u0142asza coroczny konkurs dla swoich cz\u0142onk\u00f3w pod nazw\u0105 \u201eOkazy w\u0119dkarskie\u201d. W\u00a0 bie\u017c\u0105cym roku czas trwania konkursu: od 1 stycznia do 30 listopada 2013 r. Przedmiotem konkursu s\u0105 najwi\u0119ksze okazy z\u0142owionych ryb we wszystkich gatunkach dozwolonych do po\u0142owu zgodnie z regulaminem amatorskiego po\u0142owu ryb, z zachowaniem okres\u00f3w i wymiar\u00f3w ochronnych. Ryby stanowi\u0105ce przedmiot zg\u0142oszenia w konkursie powinny by\u0107 sfotografowane lub uwiecznione na innych no\u015bnikach. &nbsp; Patryk Szyszka Z\u0142owi\u0142 w dniu\u00a0\u00a01\u00a0maja na\u00a0zbiorniku w\u00a0Grodzisku\u00a0\u00a0okonia d\u0142ugo\u015bci\u00a050 cm. Nasze gratulacje&#8230;<\/p>\n<p class=\"read-more\"><a class=\"btn btn-default\" href=\"https:\/\/www.pzwnarew.pl\/?p=3450\"> Read More<span class=\"screen-reader-text\">  Read More<\/span><\/a><\/p>\n","protected":false},"author":1,"featured_media":0,"comment_status":"open","ping_status":"closed","sticky":false,"template":"","format":"standard","meta":{"footnotes":""},"categories":[42],"tags":[],"class_list":["post-3450","post","type-post","status-publish","format-standard","hentry","category-okazy_2013"],"_links":{"self":[{"href":"https:\/\/www.pzwnarew.pl\/index.php?rest_route=\/wp\/v2\/posts\/3450","targetHints":{"allow":["GET"]}}],"collection":[{"href":"https:\/\/www.pzwnarew.pl\/index.php?rest_route=\/wp\/v2\/posts"}],"about":[{"href":"https:\/\/www.pzwnarew.pl\/index.php?rest_route=\/wp\/v2\/types\/post"}],"author":[{"embeddable":true,"href":"https:\/\/www.pzwnarew.pl\/index.php?rest_route=\/wp\/v2\/users\/1"}],"replies":[{"embeddable":true,"href":"https:\/\/www.pzwnarew.pl\/index.php?rest_route=%2Fwp%2Fv2%2Fcomments&post=3450"}],"version-history":[{"count":40,"href":"https:\/\/www.pzwnarew.pl\/index.php?rest_route=\/wp\/v2\/posts\/3450\/revisions"}],"predecessor-version":[{"id":5957,"href":"https:\/\/www.pzwnarew.pl\/index.php?rest_route=\/wp\/v2\/posts\/3450\/revisions\/5957"}],"wp:attachment":[{"href":"https:\/\/www.pzwnarew.pl\/index.php?rest_route=%2Fwp%2Fv2%2Fmedia&parent=3450"}],"wp:term":[{"taxonomy":"category","embeddable":true,"href":"https:\/\/www.pzwnarew.pl\/index.php?rest_route=%2Fwp%2Fv2%2Fcategories&post=3450"},{"taxonomy":"post_tag","embeddable":true,"href":"https:\/\/www.pzwnarew.pl\/index.php?rest_route=%2Fwp%2Fv2%2Ftags&post=3450"}],"curies":[{"name":"wp","href":"https:\/\/api.w.org\/{rel}","templated":true}]}}