{"id":3434,"date":"2013-01-01T12:23:59","date_gmt":"2013-01-01T11:23:59","guid":{"rendered":"http:\/\/www.ostroleka.com.pl\/pzw-narew38\/?p=3434"},"modified":"2015-04-10T21:20:48","modified_gmt":"2015-04-10T19:20:48","slug":"konkurs-sekcji-ukleja-przy-zp-w-laskowcu","status":"publish","type":"post","link":"https:\/\/www.pzwnarew.pl\/?p=3434","title":{"rendered":"Konkurs sekcji &#8222;UKLEJA&#8221; przy ZP w Laskowcu"},"content":{"rendered":"<p>W dniu 16 grudnia 2012 r. w ramach og\u00f3lnozak\u0142adowych imprez niedzielnych odby\u0142 si\u0119 konkurs z <a href=\"http:\/\/www.ostroleka.com.pl\/pzw-narew38\/wp-content\/uploads\/2013\/01\/ZDJ\u0118CIA-13.12.2012-186.jpg\"><img loading=\"lazy\" decoding=\"async\" class=\"alignright wp-image-3435 size-thumbnail\" title=\"ZDJ\u0118CIA 13.12.2012 186\" src=\"http:\/\/www.pzwnarew.pl\/wp-content\/uploads\/2013\/01\/ZDJ\u0118CIA-13.12.2012-186-150x150.jpg\" alt=\"\" width=\"150\" height=\"150\" \/><\/a>wiedzy ekologiczno w\u0119dkarskiej. Organizatorami konkursu byli wychowawcy: Stanis\u0142aw Majewski i Remigiusz Boniewski. Do konkursu fina\u0142owego zostali dopuszczeni wychowankowie, kt\u00f3rzy wcze\u015bniej\u00a0 wykazali si\u0119 niezb\u0119dn\u0105 wiedz\u0105 z w\/w dziedziny w grupowych eliminacjach wewn\u0119trznych. W finale bra\u0142o udzia\u0142 12 wychowank\u00f3w (po 2 z grupy). Konkurs sk\u0142ada\u0142 si\u0119 z dw\u00f3ch zasadniczych cz\u0119\u015bci:\u00a0\u00a0\u00a0\u00a0\u00a0\u00a0\u00a0\u00a0<!--more--><\/p>\n<p>I \u00a0cz\u0119\u015b\u0107 teoretyczna \u2013 2 rundy z zestawami pyta\u0144 z zagadnie\u0144 ekolog. w\u0119dkarskich<\/p>\n<p>II cz\u0119\u015b\u0107 praktyczna \u2013 dwie konkurencje (rzut do celu zan\u0119t\u0105 i zarzucanie przyn\u0119t\u0105 \u00a0\u00a0uzbrojonej w\u0119dki).<\/p>\n<p>W zwi\u0105zku z uzyskaniem przez 3 wychowank\u00f3w najwy\u017cszej ilo\u015bci zdobytych punkt\u00f3w, w celu wy\u0142onienia kolejno\u015bci miejsc, zarz\u0105dzono rund\u0119 dodatkow\u0105 ze znajomo\u015bci rodzaju ryb. Do cz\u0119\u015bci teoretycznej konkursu wykorzystano \u015brodki multimedialne: projektor filmowy, laptop oraz \u015bmieszne filmiki z w\u0119dkarstwa.<\/p>\n<p>W sk\u0142adzie jury poza w\/w znalaz\u0142 si\u0119 Mariusz Zar\u0119ba \u2013 wicedyrektor zak\u0142adu.<\/p>\n<p>Zarz\u0105d Ko\u0142a Narew w Ostro\u0142\u0119ce dzi\u0119kuje\u00a0 Dyrekcji ZP oraz szczeg\u00f3lnie Remkowi Boniewskiemu i Stanis\u0142awowi Majewskiemu za organizacj\u0119 konkursu na wysokim poziomie w fachowym stylu.<\/p>\n<p>Mamy nadziej\u0119 na dalsza wsp\u00f3\u0142prac\u0119 z Sekcj\u0105 Ukleja.<\/p>\n<p>Miejsca w konkursie:<\/p>\n<ol>\n<li style=\"text-align: left;\">Mariusz \u00a0\u00a0\u00a0\u00a0 Lubecki<\/li>\n<li style=\"text-align: left;\">Daniel \u00a0\u00a0\u00a0\u00a0 Pro\u015bci\u0144ski<\/li>\n<li style=\"text-align: left;\">Stanis\u0142aw \u00a0\u00a0\u00a0\u00a0 Sech<\/li>\n<\/ol>\n<p style=\"text-align: left;\">\u00a0\u00a0\u00a0\u00a0\u00a0\u00a0\u00a0\u00a0\u00a0\u00a0\u00a0\u00a0\u00a0\u00a0\u00a0\u00a0\u00a0\u00a0\u00a0\u00a0\u00a0\u00a0\u00a0\u00a0\u00a0\u00a0\u00a0\u00a0\u00a0\u00a0\u00a0\u00a0\u00a0\u00a0\u00a0\u00a0<strong>\u00a0\u00a0<a href=\"http:\/\/www.ostroleka.com.pl\/gallery_pzw\/thumbnails.php?album=107\">\u00a0 <span style=\"color: #ff0000;\">&lt;&lt;&lt;Galeria zdj\u0119\u0107 patrz&gt;&gt;&gt;<\/span><\/a><\/strong><\/p>\n","protected":false},"excerpt":{"rendered":"<p>W dniu 16 grudnia 2012 r. w ramach og\u00f3lnozak\u0142adowych imprez niedzielnych odby\u0142 si\u0119 konkurs z wiedzy ekologiczno w\u0119dkarskiej. Organizatorami konkursu byli wychowawcy: Stanis\u0142aw Majewski i Remigiusz Boniewski. Do konkursu fina\u0142owego zostali dopuszczeni wychowankowie, kt\u00f3rzy wcze\u015bniej\u00a0 wykazali si\u0119 niezb\u0119dn\u0105 wiedz\u0105 z w\/w dziedziny w grupowych eliminacjach wewn\u0119trznych. W finale bra\u0142o udzia\u0142 12 wychowank\u00f3w (po 2 z grupy). Konkurs sk\u0142ada\u0142 si\u0119 z dw\u00f3ch zasadniczych cz\u0119\u015bci:\u00a0\u00a0\u00a0\u00a0\u00a0\u00a0\u00a0\u00a0<\/p>\n","protected":false},"author":2,"featured_media":0,"comment_status":"open","ping_status":"closed","sticky":false,"template":"","format":"standard","meta":{"footnotes":""},"categories":[20,26],"tags":[],"class_list":["post-3434","post","type-post","status-publish","format-standard","hentry","category-newsy","category-mlodzi"],"_links":{"self":[{"href":"https:\/\/www.pzwnarew.pl\/index.php?rest_route=\/wp\/v2\/posts\/3434","targetHints":{"allow":["GET"]}}],"collection":[{"href":"https:\/\/www.pzwnarew.pl\/index.php?rest_route=\/wp\/v2\/posts"}],"about":[{"href":"https:\/\/www.pzwnarew.pl\/index.php?rest_route=\/wp\/v2\/types\/post"}],"author":[{"embeddable":true,"href":"https:\/\/www.pzwnarew.pl\/index.php?rest_route=\/wp\/v2\/users\/2"}],"replies":[{"embeddable":true,"href":"https:\/\/www.pzwnarew.pl\/index.php?rest_route=%2Fwp%2Fv2%2Fcomments&post=3434"}],"version-history":[{"count":5,"href":"https:\/\/www.pzwnarew.pl\/index.php?rest_route=\/wp\/v2\/posts\/3434\/revisions"}],"predecessor-version":[{"id":6085,"href":"https:\/\/www.pzwnarew.pl\/index.php?rest_route=\/wp\/v2\/posts\/3434\/revisions\/6085"}],"wp:attachment":[{"href":"https:\/\/www.pzwnarew.pl\/index.php?rest_route=%2Fwp%2Fv2%2Fmedia&parent=3434"}],"wp:term":[{"taxonomy":"category","embeddable":true,"href":"https:\/\/www.pzwnarew.pl\/index.php?rest_route=%2Fwp%2Fv2%2Fcategories&post=3434"},{"taxonomy":"post_tag","embeddable":true,"href":"https:\/\/www.pzwnarew.pl\/index.php?rest_route=%2Fwp%2Fv2%2Ftags&post=3434"}],"curies":[{"name":"wp","href":"https:\/\/api.w.org\/{rel}","templated":true}]}}