{"id":3363,"date":"2012-12-14T20:54:54","date_gmt":"2012-12-14T19:54:54","guid":{"rendered":"http:\/\/www.ostroleka.com.pl\/pzw-narew38\/?p=3363"},"modified":"2012-12-15T12:51:06","modified_gmt":"2012-12-15T11:51:06","slug":"dzis-spotkanie-wigilijne","status":"publish","type":"post","link":"https:\/\/www.pzwnarew.pl\/?p=3363","title":{"rendered":"Spotkanie wigilijne 2012"},"content":{"rendered":"<p>W dniu 14.12.12r w restauracji \u201eLuna nad Narwi\u0105\u201d w\u0119dkarze z ko\u0142a Narew nr 38 , podzielili si\u0119 op\u0142atkiem<a href=\"http:\/\/www.ostroleka.com.pl\/pzw-narew38\/wp-content\/uploads\/2012\/12\/lalalala.jpg\"><img loading=\"lazy\" decoding=\"async\" class=\"alignright size-thumbnail wp-image-3373\" title=\"lalalala\" src=\"http:\/\/www.ostroleka.com.pl\/pzw-narew38\/wp-content\/uploads\/2012\/12\/lalalala-150x150.jpg\" alt=\"\" width=\"150\" height=\"150\" \/><\/a> i \u017cyczyli sobie dalszych sukces\u00f3w w w\u0119dkarstwie, oraz jak najwi\u0119kszej ilo\u015bci imprez w\u0119dkarskich w nowym roku 2013. Zarz\u0105d ko\u0142a Narew obieca\u0142 wszystkim cz\u0142onkom, \u017ce zorganizuje wi\u0119cej wycieczek, zawod\u00f3w i dwudniowy sp\u0142yw kajakowy.<\/p>\n<p>Spotkanie by\u0142o okazj\u0105 do wr\u0119czenia statuetek w\u0119dkarzom, kt\u00f3rzy wzi\u0119li udzia\u0142 w konkursie \u201eOkazy w\u0119dkarskie 2012 \u201e<!--more--><\/p>\n<p>Otrzymali je: Piotr Deptu\u0142a (kara\u015b), Jan Wierzbowski (Sum), \u0141ukasz Romanik (W\u0119gorz, Bole\u0144), \u0141ukasz Garbulewski, ( Sandacz, Mi\u0119tus), Artur D\u0105browski (Leszcz), Mariusz Koby\u0142ecki (Karp), Mariola Pysk\u0142o (Szczupak), Robert Gwiazdowski (Oko\u0144), Cezary Nabia\u0142ek (Szczupak).<\/p>\n<p>Kolega Wojciech Krupka otrzyma\u0142 statuetk\u0119 za najlepszego dystrybutora znak\u00f3w w\u0119dkarskich za bie\u017c\u0105cy rok.<\/p>\n<p>Sklep w\u0119dkarski \u201eLin\u201d ufundowa\u0142 nagrod\u0119 \u201eEko w\u0119dkarza\u201d za najwi\u0119cej zebranych pude\u0142ek po robakach, okaza\u0142 si\u0119 nim Cezary Nabia\u0142ek zebra\u0142 ponad 500 szt.<\/p>\n<p>Mi\u0142\u0105 niespodziank\u0119 sprawili koledzy z ko\u0142a wr\u0119czaj\u0105c statuetk\u0119 Wiceprezesowi ds. Sportu Andrzejowi Raszkiewiczowi za wieloletnia prace i zaanga\u017cowanie w rozw\u00f3j ko\u0142a w\u0119dkarskiego Narew.<\/p>\n<p>W spotkaniu wzi\u0105\u0142 udzia\u0142 nestor rodziny Jarz\u0105bk\u00f3w pan Tadeusz Jarz\u0105bek, kt\u00f3ry do PZW wst\u0105pi\u0142 50 lat temu.<\/p>\n<p><span style=\"color: #ff0000;\"><strong>\u00a0\u00a0\u00a0\u00a0\u00a0\u00a0\u00a0\u00a0\u00a0\u00a0\u00a0\u00a0\u00a0\u00a0\u00a0\u00a0\u00a0\u00a0\u00a0\u00a0\u00a0\u00a0\u00a0\u00a0\u00a0\u00a0\u00a0\u00a0\u00a0\u00a0\u00a0\u00a0\u00a0\u00a0\u00a0\u00a0\u00a0\u00a0\u00a0\u00a0\u00a0\u00a0\u00a0\u00a0\u00a0\u00a0\u00a0\u00a0 <a href=\"http:\/\/www.ostroleka.com.pl\/gallery_pzw\/thumbnails.php?album=106\"><span style=\"color: #ff0000;\">galeria zdj\u0119\u0107\u00a0 patrz&gt;&gt;&gt;<\/span><\/a><\/strong><\/span><\/p>\n","protected":false},"excerpt":{"rendered":"<p>W dniu 14.12.12r w restauracji \u201eLuna nad Narwi\u0105\u201d w\u0119dkarze z ko\u0142a Narew nr 38 , podzielili si\u0119 op\u0142atkiem i \u017cyczyli sobie dalszych sukces\u00f3w w w\u0119dkarstwie, oraz jak najwi\u0119kszej ilo\u015bci imprez w\u0119dkarskich w nowym roku 2013. Zarz\u0105d ko\u0142a Narew obieca\u0142 wszystkim cz\u0142onkom, \u017ce zorganizuje wi\u0119cej wycieczek, zawod\u00f3w i dwudniowy sp\u0142yw kajakowy. Spotkanie by\u0142o okazj\u0105 do wr\u0119czenia statuetek w\u0119dkarzom, kt\u00f3rzy wzi\u0119li udzia\u0142 w konkursie \u201eOkazy w\u0119dkarskie 2012 \u201e<\/p>\n","protected":false},"author":2,"featured_media":0,"comment_status":"open","ping_status":"closed","sticky":false,"template":"","format":"standard","meta":{"footnotes":""},"categories":[20],"tags":[],"class_list":["post-3363","post","type-post","status-publish","format-standard","hentry","category-newsy"],"_links":{"self":[{"href":"https:\/\/www.pzwnarew.pl\/index.php?rest_route=\/wp\/v2\/posts\/3363","targetHints":{"allow":["GET"]}}],"collection":[{"href":"https:\/\/www.pzwnarew.pl\/index.php?rest_route=\/wp\/v2\/posts"}],"about":[{"href":"https:\/\/www.pzwnarew.pl\/index.php?rest_route=\/wp\/v2\/types\/post"}],"author":[{"embeddable":true,"href":"https:\/\/www.pzwnarew.pl\/index.php?rest_route=\/wp\/v2\/users\/2"}],"replies":[{"embeddable":true,"href":"https:\/\/www.pzwnarew.pl\/index.php?rest_route=%2Fwp%2Fv2%2Fcomments&post=3363"}],"version-history":[{"count":10,"href":"https:\/\/www.pzwnarew.pl\/index.php?rest_route=\/wp\/v2\/posts\/3363\/revisions"}],"predecessor-version":[{"id":3365,"href":"https:\/\/www.pzwnarew.pl\/index.php?rest_route=\/wp\/v2\/posts\/3363\/revisions\/3365"}],"wp:attachment":[{"href":"https:\/\/www.pzwnarew.pl\/index.php?rest_route=%2Fwp%2Fv2%2Fmedia&parent=3363"}],"wp:term":[{"taxonomy":"category","embeddable":true,"href":"https:\/\/www.pzwnarew.pl\/index.php?rest_route=%2Fwp%2Fv2%2Fcategories&post=3363"},{"taxonomy":"post_tag","embeddable":true,"href":"https:\/\/www.pzwnarew.pl\/index.php?rest_route=%2Fwp%2Fv2%2Ftags&post=3363"}],"curies":[{"name":"wp","href":"https:\/\/api.w.org\/{rel}","templated":true}]}}