{"id":3099,"date":"2012-09-22T18:05:33","date_gmt":"2012-09-22T17:05:33","guid":{"rendered":"http:\/\/www.ostroleka.com.pl\/pzw-narew38\/?p=3099"},"modified":"2012-09-22T18:07:56","modified_gmt":"2012-09-22T17:07:56","slug":"szkolka-wedkarska-rozpoczela-zajecia","status":"publish","type":"post","link":"https:\/\/www.pzwnarew.pl\/?p=3099","title":{"rendered":"SZK\u00d3\u0141KA  W\u0118DKARSKA  ROZPOCZ\u0118\u0141A ZAJ\u0118CIA"},"content":{"rendered":"<p>W dniu 22 wrze\u015bnia dzieci ze szk\u00f3\u0142ki w\u0119dkarskiej &#8222;tr\u00f3jka leszcze&#8221;, zawodami w\u0119dkarskimi<a href=\"http:\/\/www.ostroleka.com.pl\/pzw-narew38\/wp-content\/uploads\/2012\/09\/Zdj\u0119cie-224.jpg\"><img loading=\"lazy\" decoding=\"async\" class=\"alignright size-thumbnail wp-image-3103\" title=\"Zdj\u0119cie 224\" src=\"http:\/\/www.ostroleka.com.pl\/pzw-narew38\/wp-content\/uploads\/2012\/09\/Zdj\u0119cie-224-150x150.jpg\" alt=\"\" width=\"150\" height=\"150\" \/><\/a>zainaugurowa\u0142y nowy cykl szkolenia.<\/p>\n<p>M\u0142odzie\u017c w trakcie zaj\u0119\u0107 w szk\u00f3\u0142ce w\u0119dkarskiej, rozpocznie przygotowania do M\u0142odzie\u017cowej Olimpiady organizowanej przez Okr\u0119g Mazowiecki PZW\u00a0 (w miesi\u0105cu czerwcu przysz\u0142ego roku).<\/p>\n<p><!--more--><\/p>\n<p>Impreza zorganizowana na \u0142owisku Pana Leszka Bia\u0142obrzewskiego w Bia\u0142obrzegu Bli\u017cszym rozpocz\u0119\u0142a sie zawodami w\u0119dkarskimi, w kt\u00f3rych najlepsza tr\u00f3jka w kategorii do lat 11 to:<\/p>\n<p><strong>1. Klimaszewski Mateusz\u00a0\u00a0 \u00a02. Nabia\u0142ek Patryk\u00a0\u00a0 \u00a03. Kowalczyk Aleksandra<\/strong><\/p>\n<p>natomiast do lat 16 pierwsza tr\u00f3jka to :<\/p>\n<p><strong>1. \u017bebrowski Marek\u00a0\u00a0 \u00a02. Zawojek Marcin\u00a0\u00a0 \u00a03. Arciechowski Marcin<\/strong><\/p>\n<p>Ponadto w dyscyplinie rzutu do celu wygrali\u00a0 do lat 11 :<\/p>\n<p><strong>1.Mircewski Bruno\u00a0 \u00a0 2.Terlikowski Piotr\u00a0\u00a0\u00a0 3.Nabia\u0142ek Patryk<\/strong><\/p>\n<p>do lat 16 :<\/p>\n<p><strong>1.Zawojek Dominik\u00a0 \u00a0 2.Zawojek Marcin\u00a0\u00a0 \u00a03.Kowalewski Mariusz<\/strong><\/p>\n<p>Opiekun szk\u00f3\u0142ki Zdzis\u0142aw Sienicki zadowolony jest, \u017ce w szk\u00f3\u0142ce opr\u00f3cz ch\u0142opc\u00f3w z powodzenie w\u0119dkuj\u0105 dziewcz\u0119ta przyk\u0142adem jest Ola Kowalczyk kt\u00f3ra w kat do lat 12 zaj\u0119\u0142a 3 miejsce.<\/p>\n<p>Organizatorzy dzi\u0119kuj\u0105 rodzicom, oraz\u00a0 sklepowi sportowemu MG SPORT za udzia\u0142 w organizacji imprezy.<\/p>\n<p><span style=\"color: #ff0000;\"><strong>\u00a0\u00a0\u00a0\u00a0\u00a0\u00a0\u00a0\u00a0\u00a0\u00a0\u00a0\u00a0\u00a0\u00a0\u00a0\u00a0\u00a0\u00a0\u00a0\u00a0\u00a0\u00a0\u00a0\u00a0\u00a0\u00a0\u00a0\u00a0\u00a0\u00a0\u00a0\u00a0\u00a0 <a href=\"http:\/\/www.ostroleka.com.pl\/gallery_pzw\/thumbnails.php?album=103\"><span style=\"color: #ff0000;\">Galeria zdj\u0119\u0107 patrz&gt;&gt;&gt;<\/span><\/a><\/strong><\/span><\/p>\n<p>&nbsp;<\/p>\n","protected":false},"excerpt":{"rendered":"<p>W dniu 22 wrze\u015bnia dzieci ze szk\u00f3\u0142ki w\u0119dkarskiej &#8222;tr\u00f3jka leszcze&#8221;, zawodami w\u0119dkarskimizainaugurowa\u0142y nowy cykl szkolenia. M\u0142odzie\u017c w trakcie zaj\u0119\u0107 w szk\u00f3\u0142ce w\u0119dkarskiej, rozpocznie przygotowania do M\u0142odzie\u017cowej Olimpiady organizowanej przez Okr\u0119g Mazowiecki PZW\u00a0 (w miesi\u0105cu czerwcu przysz\u0142ego roku).<\/p>\n","protected":false},"author":2,"featured_media":0,"comment_status":"open","ping_status":"closed","sticky":false,"template":"","format":"standard","meta":{"footnotes":""},"categories":[20,27],"tags":[],"class_list":["post-3099","post","type-post","status-publish","format-standard","hentry","category-newsy","category-trojna"],"_links":{"self":[{"href":"https:\/\/www.pzwnarew.pl\/index.php?rest_route=\/wp\/v2\/posts\/3099","targetHints":{"allow":["GET"]}}],"collection":[{"href":"https:\/\/www.pzwnarew.pl\/index.php?rest_route=\/wp\/v2\/posts"}],"about":[{"href":"https:\/\/www.pzwnarew.pl\/index.php?rest_route=\/wp\/v2\/types\/post"}],"author":[{"embeddable":true,"href":"https:\/\/www.pzwnarew.pl\/index.php?rest_route=\/wp\/v2\/users\/2"}],"replies":[{"embeddable":true,"href":"https:\/\/www.pzwnarew.pl\/index.php?rest_route=%2Fwp%2Fv2%2Fcomments&post=3099"}],"version-history":[{"count":8,"href":"https:\/\/www.pzwnarew.pl\/index.php?rest_route=\/wp\/v2\/posts\/3099\/revisions"}],"predecessor-version":[{"id":3108,"href":"https:\/\/www.pzwnarew.pl\/index.php?rest_route=\/wp\/v2\/posts\/3099\/revisions\/3108"}],"wp:attachment":[{"href":"https:\/\/www.pzwnarew.pl\/index.php?rest_route=%2Fwp%2Fv2%2Fmedia&parent=3099"}],"wp:term":[{"taxonomy":"category","embeddable":true,"href":"https:\/\/www.pzwnarew.pl\/index.php?rest_route=%2Fwp%2Fv2%2Fcategories&post=3099"},{"taxonomy":"post_tag","embeddable":true,"href":"https:\/\/www.pzwnarew.pl\/index.php?rest_route=%2Fwp%2Fv2%2Ftags&post=3099"}],"curies":[{"name":"wp","href":"https:\/\/api.w.org\/{rel}","templated":true}]}}