{"id":3081,"date":"2012-09-19T05:51:18","date_gmt":"2012-09-19T04:51:18","guid":{"rendered":"http:\/\/www.ostroleka.com.pl\/pzw-narew38\/?p=3081"},"modified":"2012-09-19T05:51:18","modified_gmt":"2012-09-19T04:51:18","slug":"podziekowanie","status":"publish","type":"post","link":"https:\/\/www.pzwnarew.pl\/?p=3081","title":{"rendered":"Podzi\u0119kowanie"},"content":{"rendered":"<p>W zwi\u0105zku z odnalezieniem \u0142\u00f3dki wedkarskiej\u00a0 skradzionej w dniu15\/16 .09.2012r ,chcia\u0142bym gor\u0105co <a href=\"http:\/\/www.ostroleka.com.pl\/pzw-narew38\/wp-content\/uploads\/2012\/09\/P10700991.jpg\"><img loading=\"lazy\" decoding=\"async\" class=\"alignright size-thumbnail wp-image-3083\" title=\"P1070099\" src=\"http:\/\/www.ostroleka.com.pl\/pzw-narew38\/wp-content\/uploads\/2012\/09\/P10700991-150x150.jpg\" alt=\"\" width=\"150\" height=\"150\" \/><\/a>podziekowa\u0107 Prezesowi Ko\u0142a PZW 38 Narew koledze Bogdanowi Kielakowi za szczeg\u00f3lne zaanga\u017cowanie si\u0119 w poszukiwaniach \u0142\u00f3dki i pomoc w jej odnalezieniu. Dziekuje te\u017c koledze Ryszardowi Ruckiemu za\u00a0 nag\u0142o\u015bnienie sprawy w mediach Ostro\u0142\u0119ckich..<\/p>\n","protected":false},"excerpt":{"rendered":"<p>W zwi\u0105zku z odnalezieniem \u0142\u00f3dki wedkarskiej\u00a0 skradzionej w dniu15\/16 .09.2012r ,chcia\u0142bym gor\u0105co podziekowa\u0107 Prezesowi Ko\u0142a PZW 38 Narew koledze Bogdanowi Kielakowi za szczeg\u00f3lne zaanga\u017cowanie si\u0119 w poszukiwaniach \u0142\u00f3dki i pomoc w jej odnalezieniu. Dziekuje te\u017c koledze Ryszardowi Ruckiemu za\u00a0 nag\u0142o\u015bnienie sprawy w mediach Ostro\u0142\u0119ckich..<\/p>\n","protected":false},"author":2,"featured_media":0,"comment_status":"open","ping_status":"closed","sticky":false,"template":"","format":"standard","meta":{"footnotes":""},"categories":[20],"tags":[],"class_list":["post-3081","post","type-post","status-publish","format-standard","hentry","category-newsy"],"_links":{"self":[{"href":"https:\/\/www.pzwnarew.pl\/index.php?rest_route=\/wp\/v2\/posts\/3081","targetHints":{"allow":["GET"]}}],"collection":[{"href":"https:\/\/www.pzwnarew.pl\/index.php?rest_route=\/wp\/v2\/posts"}],"about":[{"href":"https:\/\/www.pzwnarew.pl\/index.php?rest_route=\/wp\/v2\/types\/post"}],"author":[{"embeddable":true,"href":"https:\/\/www.pzwnarew.pl\/index.php?rest_route=\/wp\/v2\/users\/2"}],"replies":[{"embeddable":true,"href":"https:\/\/www.pzwnarew.pl\/index.php?rest_route=%2Fwp%2Fv2%2Fcomments&post=3081"}],"version-history":[{"count":1,"href":"https:\/\/www.pzwnarew.pl\/index.php?rest_route=\/wp\/v2\/posts\/3081\/revisions"}],"predecessor-version":[{"id":3084,"href":"https:\/\/www.pzwnarew.pl\/index.php?rest_route=\/wp\/v2\/posts\/3081\/revisions\/3084"}],"wp:attachment":[{"href":"https:\/\/www.pzwnarew.pl\/index.php?rest_route=%2Fwp%2Fv2%2Fmedia&parent=3081"}],"wp:term":[{"taxonomy":"category","embeddable":true,"href":"https:\/\/www.pzwnarew.pl\/index.php?rest_route=%2Fwp%2Fv2%2Fcategories&post=3081"},{"taxonomy":"post_tag","embeddable":true,"href":"https:\/\/www.pzwnarew.pl\/index.php?rest_route=%2Fwp%2Fv2%2Ftags&post=3081"}],"curies":[{"name":"wp","href":"https:\/\/api.w.org\/{rel}","templated":true}]}}