{"id":3056,"date":"2012-09-14T16:02:51","date_gmt":"2012-09-14T15:02:51","guid":{"rendered":"http:\/\/www.ostroleka.com.pl\/pzw-narew38\/?p=3056"},"modified":"2012-09-14T16:30:03","modified_gmt":"2012-09-14T15:30:03","slug":"szostka-z-narwia-sprzataly-swiat","status":"publish","type":"post","link":"https:\/\/www.pzwnarew.pl\/?p=3056","title":{"rendered":"SZ\u00d3STKA Z NARWI\u0104 SPRZ\u0104TA\u0141Y \u015aWIAT"},"content":{"rendered":"<p>,,Czym skorupka za m\u0142odu nasi\u0105knie, tym na staro\u015b\u0107 tr\u0105ci&#8221; to stare polskie przys\u0142owie by\u0142o<a href=\"http:\/\/www.ostroleka.com.pl\/pzw-narew38\/wp-content\/uploads\/2012\/09\/IMG_0094.jpg\"><img loading=\"lazy\" decoding=\"async\" class=\"alignright size-thumbnail wp-image-3059\" title=\"IMG_0094\" src=\"http:\/\/www.ostroleka.com.pl\/pzw-narew38\/wp-content\/uploads\/2012\/09\/IMG_0094-150x150.jpg\" alt=\"\" width=\"150\" height=\"150\" \/><\/a> powodem tego aby zaprosi\u0107 m\u0142odzie\u017c ze SP nr. 6 do sprz\u0105tania. Uczniowie z klasy 6c tej\u017ce szko\u0142y pod opiek\u0105 pedagog\u00f3w, pani pedagog Barbary Sienickiej i pani wicedyrektor El\u017cbiety Czartoryskiej-Winiarskiej wspomagani aktywistami z Ko\u0142a PZW 38 ,,NAREW&#8221; sprz\u0105tali rejon starej pla\u017cy i starego grodziska. \u015amieci jak co roku by\u0142o bardzo du\u017co. Niema\u0142a w tym zas\u0142uga w\u0119dkarzy, twierdzi Andrzej Raszkiewicz, poniewa\u017c przewa\u017caj\u0105ca liczba zebranych \u015bmieci to \u015bwiadkowie ich pobytu \u00a0nad rzek\u0105. <!--more-->Na zako\u0144czenie tej jak\u017ce po\u017cytecznej wycieczki w\u0119dkarze pocz\u0119stowali zaproszonych go\u015bci kie\u0142bask\u0105 z grilla. Mamy nadziej\u0119 \u017ce cykliczne powtarzanie tego typu imprez zaszczepi w m\u0142odym pokoleniu pozytywne nawyki przez co nasze otoczenie w przysz\u0142o\u015bci b\u0119dzie mniej za\u015bmiecane.<\/p>\n<p><span style=\"color: #ff0000;\">\u00a0\u00a0\u00a0\u00a0<a href=\"http:\/\/www.ostroleka.com.pl\/gallery_pzw\/thumbnails.php?album=102\"><span style=\"color: #ff0000;\">\u00a0<strong>\u00a0 Zdj\u0119cia patrz&gt;&gt;&gt;<\/strong><\/span><\/a><\/span><\/p>\n","protected":false},"excerpt":{"rendered":"<p>,,Czym skorupka za m\u0142odu nasi\u0105knie, tym na staro\u015b\u0107 tr\u0105ci&#8221; to stare polskie przys\u0142owie by\u0142o powodem tego aby zaprosi\u0107 m\u0142odzie\u017c ze SP nr. 6 do sprz\u0105tania. Uczniowie z klasy 6c tej\u017ce szko\u0142y pod opiek\u0105 pedagog\u00f3w, pani pedagog Barbary Sienickiej i pani wicedyrektor El\u017cbiety Czartoryskiej-Winiarskiej wspomagani aktywistami z Ko\u0142a PZW 38 ,,NAREW&#8221; sprz\u0105tali rejon starej pla\u017cy i starego grodziska. \u015amieci jak co roku by\u0142o bardzo du\u017co. Niema\u0142a w tym zas\u0142uga w\u0119dkarzy, twierdzi Andrzej Raszkiewicz, poniewa\u017c przewa\u017caj\u0105ca liczba zebranych \u015bmieci to \u015bwiadkowie ich&#8230;<\/p>\n<p class=\"read-more\"><a class=\"btn btn-default\" href=\"https:\/\/www.pzwnarew.pl\/?p=3056\"> Read More<span class=\"screen-reader-text\">  Read More<\/span><\/a><\/p>\n","protected":false},"author":2,"featured_media":0,"comment_status":"open","ping_status":"closed","sticky":false,"template":"","format":"standard","meta":{"footnotes":""},"categories":[20],"tags":[],"class_list":["post-3056","post","type-post","status-publish","format-standard","hentry","category-newsy"],"_links":{"self":[{"href":"https:\/\/www.pzwnarew.pl\/index.php?rest_route=\/wp\/v2\/posts\/3056","targetHints":{"allow":["GET"]}}],"collection":[{"href":"https:\/\/www.pzwnarew.pl\/index.php?rest_route=\/wp\/v2\/posts"}],"about":[{"href":"https:\/\/www.pzwnarew.pl\/index.php?rest_route=\/wp\/v2\/types\/post"}],"author":[{"embeddable":true,"href":"https:\/\/www.pzwnarew.pl\/index.php?rest_route=\/wp\/v2\/users\/2"}],"replies":[{"embeddable":true,"href":"https:\/\/www.pzwnarew.pl\/index.php?rest_route=%2Fwp%2Fv2%2Fcomments&post=3056"}],"version-history":[{"count":3,"href":"https:\/\/www.pzwnarew.pl\/index.php?rest_route=\/wp\/v2\/posts\/3056\/revisions"}],"predecessor-version":[{"id":3061,"href":"https:\/\/www.pzwnarew.pl\/index.php?rest_route=\/wp\/v2\/posts\/3056\/revisions\/3061"}],"wp:attachment":[{"href":"https:\/\/www.pzwnarew.pl\/index.php?rest_route=%2Fwp%2Fv2%2Fmedia&parent=3056"}],"wp:term":[{"taxonomy":"category","embeddable":true,"href":"https:\/\/www.pzwnarew.pl\/index.php?rest_route=%2Fwp%2Fv2%2Fcategories&post=3056"},{"taxonomy":"post_tag","embeddable":true,"href":"https:\/\/www.pzwnarew.pl\/index.php?rest_route=%2Fwp%2Fv2%2Ftags&post=3056"}],"curies":[{"name":"wp","href":"https:\/\/api.w.org\/{rel}","templated":true}]}}