{"id":298,"date":"2011-03-15T00:29:43","date_gmt":"2011-03-14T23:29:43","guid":{"rendered":"http:\/\/www.ostroleka.com.pl\/pzw-narew38\/?p=298"},"modified":"2015-03-13T22:35:45","modified_gmt":"2015-03-13T21:35:45","slug":"okazy-2011","status":"publish","type":"post","link":"https:\/\/www.pzwnarew.pl\/?p=298","title":{"rendered":"Okazy 2011"},"content":{"rendered":"<p><strong>Zarz\u0105d Ko\u0142a \u201eNarew\u201d w Ostro\u0142\u0119ce og\u0142asza konkurs dla swoich cz\u0142onk\u00f3w pod nazw\u0105 \u201eOkazy w\u0119dkarskie 2011\u2033.<br \/>\n<\/strong>Czas trwania konkursu:\u00a0 od 1 kwietnia do 30 listopada 2011 r.<br \/>\nWi\u0119cej na stronie <a title=\"OKAZY W\u0118DKARSKIE\" href=\"http:\/\/www.ostroleka.com.pl\/pzw-narew38\/?category_name=konkursy\">OKAZY W\u0118DKARSKIE<\/a><\/p>\n<p>Mamy\u00a0pierwsze OKAZY!<\/p>\n<p>Zapraszamy do wzi\u0119cia udzia\u0142u w konkurskie.<\/p>\n<p style=\"text-align: center;\">\u00a0<a href=\"http:\/\/www.ostroleka.com.pl\/pzw-narew38\/wp-content\/uploads\/2011\/03\/ryba2.jpg\"><img loading=\"lazy\" decoding=\"async\" class=\"aligncenter wp-image-1592\" title=\"ryba\" src=\"http:\/\/www.pzwnarew.pl\/wp-content\/uploads\/2011\/03\/ryba2.jpg\" alt=\"\" width=\"268\" height=\"201\" srcset=\"https:\/\/www.pzwnarew.pl\/wp-content\/uploads\/2011\/03\/ryba2.jpg 1000w, https:\/\/www.pzwnarew.pl\/wp-content\/uploads\/2011\/03\/ryba2-300x225.jpg 300w\" sizes=\"auto, (max-width: 268px) 100vw, 268px\" \/><\/a><\/p>\n<p style=\"text-align: center;\">\u00a0\u00a0\u00a0<strong>Rafa\u0142 Wojtkowiak<\/strong><br \/>\nW dniu\u00a009\u00a0lipca br. Rafa\u0142 Wojtkowiak\u00a0na\u00a0jez. Brajnickim\u00a0z\u0142owi\u0142<br \/>\ndublet w postaci dw\u00f3ch Leszczy d\u0142ugo\u015bci 51 cm i\u00a0 d\u0142.\u00a042 cm<br \/>\nNasze podw\u00f3jne gratulacje!<\/p>\n<hr size=\"3\" \/>\n<p style=\"text-align: center;\"><a href=\"http:\/\/www.ostroleka.com.pl\/pzw-narew38\/wp-content\/uploads\/2011\/03\/zdzis2-300x2251.jpg\"><img loading=\"lazy\" decoding=\"async\" class=\"aligncenter wp-image-1626 size-full\" title=\"zdzis2-300x225\" src=\"http:\/\/www.pzwnarew.pl\/wp-content\/uploads\/2011\/03\/zdzis2-300x2251.jpg\" alt=\"\" width=\"300\" height=\"225\" \/><\/a><\/p>\n<p style=\"text-align: center;\">\u00a0<strong>\u00a0Zdzis\u0142aw Sienicki<\/strong><br \/>\nW dniu 22.07.2011 Zdzis\u0142aw Siennicki na jez. Brajnickim z\u0142owi\u0142 Karpia\u00a0d\u0142ugo\u015bci\u00a052 cm waga 3,3kg<br \/>\nNasze Gratulacje!!!<\/p>\n<hr size=\"3\" \/>\n<p style=\"text-align: center;\"><a href=\"http:\/\/www.ostroleka.com.pl\/pzw-narew38\/wp-content\/uploads\/2011\/03\/kamionka.jpg\"><img loading=\"lazy\" decoding=\"async\" class=\"aligncenter wp-image-1618 size-medium\" title=\"kamionka\" src=\"http:\/\/www.pzwnarew.pl\/wp-content\/uploads\/2011\/03\/kamionka-300x225.jpg\" alt=\"\" width=\"300\" height=\"225\" srcset=\"https:\/\/www.pzwnarew.pl\/wp-content\/uploads\/2011\/03\/kamionka-300x225.jpg 300w, https:\/\/www.pzwnarew.pl\/wp-content\/uploads\/2011\/03\/kamionka-1024x768.jpg 1024w\" sizes=\"auto, (max-width: 300px) 100vw, 300px\" \/><\/a><strong>Katarzyna Kamionowska<\/strong><br \/>\nW dniu 24.07.2011 r.\u00a0na rzece Narew Katarzyna Kamionowska z\u0142apa\u0142a Kle\u0144a d\u0142ugo\u015bci 49\u00a0cm\u00a0waga\u00a01,49\u00a0kg<br \/>\nNasze Gratulacje!!!<\/p>\n<hr size=\"3\" \/>\n<p style=\"text-align: center;\"><a href=\"http:\/\/www.ostroleka.com.pl\/pzw-narew38\/wp-content\/uploads\/2011\/03\/20110806610.jpg\"><img loading=\"lazy\" decoding=\"async\" class=\"aligncenter wp-image-1658 size-medium\" title=\"20110806610\" src=\"http:\/\/www.pzwnarew.pl\/wp-content\/uploads\/2011\/03\/20110806610-300x225.jpg\" alt=\"\" width=\"300\" height=\"225\" srcset=\"https:\/\/www.pzwnarew.pl\/wp-content\/uploads\/2011\/03\/20110806610-300x225.jpg 300w, https:\/\/www.pzwnarew.pl\/wp-content\/uploads\/2011\/03\/20110806610-1024x768.jpg 1024w, https:\/\/www.pzwnarew.pl\/wp-content\/uploads\/2011\/03\/20110806610.jpg 2048w\" sizes=\"auto, (max-width: 300px) 100vw, 300px\" \/><\/a><strong><span style=\"color: #000000;\">Wojciech Romanik<\/span><\/strong><br \/>\n<span style=\"color: #000000;\">W\u00a0dniu 06.08. 2011 na rzece\u00a0Narew Wojciech Romanik z\u0142apa\u0142\u00a0Okonia d\u0142ugo\u015b\u0107 40 cm waga 0,90 kg<br \/>\n(Przyn\u0119ta\u00a0 wiruj\u0105cy ogonek)<br \/>\nNasze Gratulacje!!!<\/span><\/p>\n<hr size=\"3\" \/>\n<p>&nbsp;<\/p>\n<p><strong><a href=\"http:\/\/www.ostroleka.com.pl\/pzw-narew38\/wp-content\/uploads\/2011\/03\/leszcz2.jpg\"><img loading=\"lazy\" decoding=\"async\" class=\"aligncenter wp-image-1660 size-medium\" title=\"leszcz2\" src=\"http:\/\/www.pzwnarew.pl\/wp-content\/uploads\/2011\/03\/leszcz2-300x225.jpg\" alt=\"\" width=\"300\" height=\"225\" srcset=\"https:\/\/www.pzwnarew.pl\/wp-content\/uploads\/2011\/03\/leszcz2-300x225.jpg 300w, https:\/\/www.pzwnarew.pl\/wp-content\/uploads\/2011\/03\/leszcz2-1024x768.jpg 1024w\" sizes=\"auto, (max-width: 300px) 100vw, 300px\" \/><\/a><\/strong><\/p>\n<p style=\"text-align: center;\"><strong>Mariusz Kamionowski<\/strong><br \/>\nW dniu 15.08.2011 na Narwi z\u0142owi\u0142 leszcza<br \/>\nWaga 3.14 kg \u00a0d\u0142. 64 cm.<br \/>\nNasze Gratulacje!!!<\/p>\n<p>&nbsp;<\/p>\n<hr size=\"3\" \/>\n<p style=\"text-align: center;\"><a href=\"http:\/\/www.ostroleka.com.pl\/pzw-narew38\/wp-content\/uploads\/2011\/03\/szarwacki_a.jpg\"><img loading=\"lazy\" decoding=\"async\" class=\"aligncenter wp-image-1689 size-medium\" title=\"szarwacki_a\" src=\"http:\/\/www.pzwnarew.pl\/wp-content\/uploads\/2011\/03\/szarwacki_a-300x225.jpg\" alt=\"\" width=\"300\" height=\"225\" srcset=\"https:\/\/www.pzwnarew.pl\/wp-content\/uploads\/2011\/03\/szarwacki_a-300x225.jpg 300w, https:\/\/www.pzwnarew.pl\/wp-content\/uploads\/2011\/03\/szarwacki_a-1024x768.jpg 1024w, https:\/\/www.pzwnarew.pl\/wp-content\/uploads\/2011\/03\/szarwacki_a.jpg 1600w\" sizes=\"auto, (max-width: 300px) 100vw, 300px\" \/><\/a> <strong>Andrzej Szarwacki<\/strong><br \/>\nW dniu 14.08.2011 na Narwi z\u0142apa\u0142 Bolenia<br \/>\nWaga 2,05 kg d\u0142. 64 cm.<br \/>\nNasze Gratulacje!!!<\/p>\n<p>&nbsp;<\/p>\n<hr size=\"3\" \/>\n<p><a href=\"http:\/\/www.ostroleka.com.pl\/pzw-narew38\/wp-content\/uploads\/2011\/03\/rybaa.jpg\"><img loading=\"lazy\" decoding=\"async\" class=\"aligncenter wp-image-1761 size-medium\" title=\"SANYO DIGITAL CAMERA\" src=\"http:\/\/www.pzwnarew.pl\/wp-content\/uploads\/2011\/03\/rybaa-300x225.jpg\" alt=\"\" width=\"300\" height=\"225\" srcset=\"https:\/\/www.pzwnarew.pl\/wp-content\/uploads\/2011\/03\/rybaa-300x225.jpg 300w, https:\/\/www.pzwnarew.pl\/wp-content\/uploads\/2011\/03\/rybaa-1024x768.jpg 1024w, https:\/\/www.pzwnarew.pl\/wp-content\/uploads\/2011\/03\/rybaa.jpg 1600w\" sizes=\"auto, (max-width: 300px) 100vw, 300px\" \/><\/a><\/p>\n<p style=\"text-align: center;\">\u00a0<strong>Grzegorz Ambrzykowski<\/strong><\/p>\n<p style=\"text-align: center;\"><strong>\u00a0\u00a0\u00a0\u00a0\u00a0\u00a0\u00a0\u00a0\u00a0\u00a0\u00a0\u00a0\u00a0\u00a0\u00a0\u00a0\u00a0\u00a0\u00a0\u00a0\u00a0\u00a0\u00a0\u00a0\u00a0\u00a0\u00a0\u00a0\u00a0\u00a0\u00a0\u00a0\u00a0\u00a0\u00a0\u00a0 <\/strong>W dniu 06.10.2011 na Narwi z\u0142owi\u0142 Brzan\u0119 d\u0142.68cm waga 2,47kg<\/p>\n<p style=\"text-align: center;\">Gratulujemy!!!<\/p>\n<hr size=\"3\" \/>\n<p>&nbsp;<\/p>\n<p><a href=\"http:\/\/www.ostroleka.com.pl\/pzw-narew38\/wp-content\/uploads\/2011\/03\/lin.jpg\"><img loading=\"lazy\" decoding=\"async\" class=\"aligncenter wp-image-1757 size-medium\" title=\"SANYO DIGITAL CAMERA\" src=\"http:\/\/www.pzwnarew.pl\/wp-content\/uploads\/2011\/03\/lin-300x225.jpg\" alt=\"\" width=\"300\" height=\"225\" srcset=\"https:\/\/www.pzwnarew.pl\/wp-content\/uploads\/2011\/03\/lin-300x225.jpg 300w, https:\/\/www.pzwnarew.pl\/wp-content\/uploads\/2011\/03\/lin-1024x768.jpg 1024w, https:\/\/www.pzwnarew.pl\/wp-content\/uploads\/2011\/03\/lin.jpg 1600w\" sizes=\"auto, (max-width: 300px) 100vw, 300px\" \/><\/a><\/p>\n<p><strong>\u00a0\u00a0 \u00a0 \u00a0 \u00a0 \u00a0 \u00a0 \u00a0 \u00a0 \u00a0 \u00a0 \u00a0 \u00a0 \u00a0 \u00a0 \u00a0 \u00a0 \u00a0 \u00a0 \u00a0 \u00a0 \u00a0 \u00a0 \u00a0 \u00a0 \u00a0 \u00a0 \u00a0 \u00a0 \u00a0 \u00a0 \u00a0 \u00a0 \u00a0 \u00a0 \u00a0 \u00a0 \u00a0 Wies\u0142aw Perzan<\/strong><\/p>\n<p style=\"text-align: center;\"><strong>\u00a0 \u00a0 \u00a0 \u00a0 \u00a0 \u00a0 \u00a0 \u00a0 \u00a0 \u00a0 \u00a0 \u00a0 \u00a0 \u00a0 \u00a0\u00a0 \u00a0<\/strong>W dniu 24.09.2011 z\u0142owi\u0142 na starorzeczu omulwi Lina d\u0142.63cm waga 2,37 kg<\/p>\n<p style=\"text-align: center;\">\u00a0\u00a0 \u00a0 \u00a0Gratulujemy!!!<\/p>\n<p>&nbsp;<\/p>\n<hr size=\"3\" \/>\n<p>&nbsp;<\/p>\n<p>&nbsp;<\/p>\n<p><a href=\"http:\/\/www.ostroleka.com.pl\/pzw-narew38\/wp-content\/uploads\/2011\/03\/sum4.jpg\"><img loading=\"lazy\" decoding=\"async\" class=\"aligncenter wp-image-1772 size-medium\" title=\"sum.jpg\" src=\"http:\/\/www.pzwnarew.pl\/wp-content\/uploads\/2011\/03\/sum4-233x300.jpg\" alt=\"\" width=\"233\" height=\"300\" srcset=\"https:\/\/www.pzwnarew.pl\/wp-content\/uploads\/2011\/03\/sum4-233x300.jpg 233w, https:\/\/www.pzwnarew.pl\/wp-content\/uploads\/2011\/03\/sum4.jpg 758w\" sizes=\"auto, (max-width: 233px) 100vw, 233px\" \/><\/a>\u00a0\u00a0\u00a0\u00a0\u00a0\u00a0\u00a0\u00a0\u00a0\u00a0\u00a0\u00a0\u00a0\u00a0\u00a0\u00a0\u00a0\u00a0\u00a0\u00a0\u00a0\u00a0\u00a0\u00a0\u00a0\u00a0\u00a0\u00a0\u00a0\u00a0\u00a0\u00a0\u00a0\u00a0\u00a0\u00a0\u00a0\u00a0\u00a0\u00a0\u00a0\u00a0\u00a0\u00a0<strong>\u00a0\u00a0\u00a0\u00a0\u00a0\u00a0\u00a0\u00a0\u00a0\u00a0\u00a0\u00a0\u00a0\u00a0\u00a0\u00a0\u00a0\u00a0\u00a0\u00a0\u00a0\u00a0\u00a0\u00a0\u00a0\u00a0\u00a0\u00a0\u00a0\u00a0\u00a0\u00a0\u00a0\u00a0\u00a0Wojciech Krupka<\/strong><\/p>\n<p style=\"text-align: center;\">W sierpniu br z\u0142owi\u0142 na spinning suma d\u0142. 108 cm\u00a0 waga 8.5 kg<\/p>\n<p style=\"text-align: center;\">Gratulujemy!!!<\/p>\n<hr size=\"3\" \/>\n<p style=\"text-align: center;\"><a href=\"http:\/\/www.ostroleka.com.pl\/pzw-narew38\/wp-content\/uploads\/2011\/03\/Zdj\u0119cie0173.jpg\"><img loading=\"lazy\" decoding=\"async\" class=\"aligncenter wp-image-1777 size-medium\" title=\"Zdj\u0119cie0173\" src=\"http:\/\/www.pzwnarew.pl\/wp-content\/uploads\/2011\/03\/Zdj\u0119cie0173-300x225.jpg\" alt=\"\" width=\"300\" height=\"225\" srcset=\"https:\/\/www.pzwnarew.pl\/wp-content\/uploads\/2011\/03\/Zdj\u0119cie0173-300x225.jpg 300w, https:\/\/www.pzwnarew.pl\/wp-content\/uploads\/2011\/03\/Zdj\u0119cie0173-1024x768.jpg 1024w, https:\/\/www.pzwnarew.pl\/wp-content\/uploads\/2011\/03\/Zdj\u0119cie0173.jpg 2048w\" sizes=\"auto, (max-width: 300px) 100vw, 300px\" \/><\/a><strong>Krzysztof Kwiatkowski \u00a0<\/strong><\/p>\n<p style=\"text-align: center;\">W dniu 10.07.2011 z\u0142owi\u0142 na rzece Narew (Dyszobaba) Sandacza o d\u0142.74cm waga 3,70kg<\/p>\n<p style=\"text-align: center;\">Gratulujemy!!!<\/p>\n<hr size=\"3\" \/>\n<p style=\"text-align: center;\">\n<p style=\"text-align: center;\"><a href=\"http:\/\/www.ostroleka.com.pl\/pzw-narew38\/wp-content\/uploads\/2011\/03\/koby\u0142ka.jpg\"><img loading=\"lazy\" decoding=\"async\" class=\"aligncenter wp-image-1837 size-medium\" title=\"koby\u0142ka\" src=\"http:\/\/www.pzwnarew.pl\/wp-content\/uploads\/2011\/03\/koby\u0142ka-300x168.jpg\" alt=\"\" width=\"300\" height=\"168\" srcset=\"https:\/\/www.pzwnarew.pl\/wp-content\/uploads\/2011\/03\/koby\u0142ka-300x168.jpg 300w, https:\/\/www.pzwnarew.pl\/wp-content\/uploads\/2011\/03\/koby\u0142ka.jpg 480w\" sizes=\"auto, (max-width: 300px) 100vw, 300px\" \/><\/a><\/p>\n<p>\u00a0\u00a0\u00a0\u00a0\u00a0\u00a0\u00a0\u00a0\u00a0\u00a0\u00a0\u00a0\u00a0\u00a0\u00a0\u00a0\u00a0\u00a0\u00a0\u00a0\u00a0\u00a0\u00a0\u00a0\u00a0\u00a0\u00a0\u00a0\u00a0\u00a0\u00a0\u00a0\u00a0\u00a0\u00a0\u00a0\u00a0\u00a0\u00a0\u00a0\u00a0\u00a0\u00a0\u00a0\u00a0\u00a0\u00a0\u00a0\u00a0\u00a0\u00a0\u00a0\u00a0\u00a0\u00a0\u00a0\u00a0\u00a0\u00a0\u00a0\u00a0\u00a0\u00a0\u00a0\u00a0\u00a0\u00a0\u00a0\u00a0\u00a0<strong> Mariusz Koby\u0142ecki<\/strong><\/p>\n<p>W dniu 08.10.2011 z\u0142owi\u0142\u00a0Amura o d\u0142.76cm waga 4,75kg<\/p>\n<p>Gratulujemy!!!<\/p>\n<hr size=\"3\" \/>\n<p style=\"text-align: center;\">\u00a0<a href=\"http:\/\/www.ostroleka.com.pl\/pzw-narew38\/wp-content\/uploads\/2011\/03\/MI\u0118TUS-355-CM.jpg\"><img loading=\"lazy\" decoding=\"async\" class=\"aligncenter wp-image-1856 size-medium\" title=\"SANYO DIGITAL CAMERA\" src=\"http:\/\/www.pzwnarew.pl\/wp-content\/uploads\/2011\/03\/MI\u0118TUS-355-CM-300x225.jpg\" alt=\"\" width=\"300\" height=\"225\" srcset=\"https:\/\/www.pzwnarew.pl\/wp-content\/uploads\/2011\/03\/MI\u0118TUS-355-CM-300x225.jpg 300w, https:\/\/www.pzwnarew.pl\/wp-content\/uploads\/2011\/03\/MI\u0118TUS-355-CM-1024x768.jpg 1024w, https:\/\/www.pzwnarew.pl\/wp-content\/uploads\/2011\/03\/MI\u0118TUS-355-CM.jpg 1600w\" sizes=\"auto, (max-width: 300px) 100vw, 300px\" \/><\/a><\/p>\n<p><strong>\u00a0\u00a0\u00a0\u00a0\u00a0\u00a0\u00a0\u00a0\u00a0\u00a0\u00a0\u00a0\u00a0\u00a0\u00a0\u00a0\u00a0\u00a0\u00a0\u00a0\u00a0\u00a0\u00a0\u00a0\u00a0\u00a0\u00a0\u00a0\u00a0\u00a0\u00a0\u00a0\u00a0\u00a0\u00a0\u00a0\u00a0\u00a0\u00a0\u00a0\u00a0\u00a0\u00a0\u00a0\u00a0\u00a0\u00a0\u00a0\u00a0\u00a0\u00a0\u00a0\u00a0\u00a0\u00a0\u00a0 \u00a0Sebastian Bia\u0142czak<\/strong><\/p>\n<p>Z\u0142owi\u0142 w dniu 16.11.2011 w rzece Narew Mi\u0119tusa 35,5 cm<\/p>\n<p>Gratulujemy!!!<\/p>\n","protected":false},"excerpt":{"rendered":"<p>Zarz\u0105d Ko\u0142a \u201eNarew\u201d w Ostro\u0142\u0119ce og\u0142asza konkurs dla swoich cz\u0142onk\u00f3w pod nazw\u0105 \u201eOkazy w\u0119dkarskie 2011\u2033. Czas trwania konkursu:\u00a0 od 1 kwietnia do 30 listopada 2011 r. Wi\u0119cej na stronie OKAZY W\u0118DKARSKIE Mamy\u00a0pierwsze OKAZY! Zapraszamy do wzi\u0119cia udzia\u0142u w konkurskie. \u00a0 \u00a0\u00a0\u00a0Rafa\u0142 Wojtkowiak W dniu\u00a009\u00a0lipca br. Rafa\u0142 Wojtkowiak\u00a0na\u00a0jez. Brajnickim\u00a0z\u0142owi\u0142 dublet w postaci dw\u00f3ch Leszczy d\u0142ugo\u015bci 51 cm i\u00a0 d\u0142.\u00a042 cm Nasze podw\u00f3jne gratulacje! \u00a0\u00a0Zdzis\u0142aw Sienicki W dniu 22.07.2011 Zdzis\u0142aw Siennicki na jez. Brajnickim z\u0142owi\u0142 Karpia\u00a0d\u0142ugo\u015bci\u00a052 cm waga 3,3kg Nasze Gratulacje!!! Katarzyna&#8230;<\/p>\n<p class=\"read-more\"><a class=\"btn btn-default\" href=\"https:\/\/www.pzwnarew.pl\/?p=298\"> Read More<span class=\"screen-reader-text\">  Read More<\/span><\/a><\/p>\n","protected":false},"author":2,"featured_media":0,"comment_status":"closed","ping_status":"closed","sticky":false,"template":"","format":"standard","meta":{"footnotes":""},"categories":[16],"tags":[],"class_list":["post-298","post","type-post","status-publish","format-standard","hentry","category-okazy"],"_links":{"self":[{"href":"https:\/\/www.pzwnarew.pl\/index.php?rest_route=\/wp\/v2\/posts\/298","targetHints":{"allow":["GET"]}}],"collection":[{"href":"https:\/\/www.pzwnarew.pl\/index.php?rest_route=\/wp\/v2\/posts"}],"about":[{"href":"https:\/\/www.pzwnarew.pl\/index.php?rest_route=\/wp\/v2\/types\/post"}],"author":[{"embeddable":true,"href":"https:\/\/www.pzwnarew.pl\/index.php?rest_route=\/wp\/v2\/users\/2"}],"replies":[{"embeddable":true,"href":"https:\/\/www.pzwnarew.pl\/index.php?rest_route=%2Fwp%2Fv2%2Fcomments&post=298"}],"version-history":[{"count":77,"href":"https:\/\/www.pzwnarew.pl\/index.php?rest_route=\/wp\/v2\/posts\/298\/revisions"}],"predecessor-version":[{"id":5947,"href":"https:\/\/www.pzwnarew.pl\/index.php?rest_route=\/wp\/v2\/posts\/298\/revisions\/5947"}],"wp:attachment":[{"href":"https:\/\/www.pzwnarew.pl\/index.php?rest_route=%2Fwp%2Fv2%2Fmedia&parent=298"}],"wp:term":[{"taxonomy":"category","embeddable":true,"href":"https:\/\/www.pzwnarew.pl\/index.php?rest_route=%2Fwp%2Fv2%2Fcategories&post=298"},{"taxonomy":"post_tag","embeddable":true,"href":"https:\/\/www.pzwnarew.pl\/index.php?rest_route=%2Fwp%2Fv2%2Ftags&post=298"}],"curies":[{"name":"wp","href":"https:\/\/api.w.org\/{rel}","templated":true}]}}