{"id":2896,"date":"2012-08-19T15:55:25","date_gmt":"2012-08-19T14:55:25","guid":{"rendered":"http:\/\/www.ostroleka.com.pl\/pzw-narew38\/?p=2896"},"modified":"2012-08-19T15:55:34","modified_gmt":"2012-08-19T14:55:34","slug":"splynelismy-w-dzien-wodniaka","status":"publish","type":"post","link":"https:\/\/www.pzwnarew.pl\/?p=2896","title":{"rendered":"SP\u0141YN\u0118LI\u015aMY W DZIE\u0143 WODNIAKA"},"content":{"rendered":"<p>W dniu 19 sierpnia br. w\u0119dkarze z Ko\u0142a PZW Narew w Ostro\u0142\u0119ce uczcili Dzie\u0144 Wodniaka drugim<a href=\"http:\/\/www.ostroleka.com.pl\/pzw-narew38\/wp-content\/uploads\/2012\/08\/21.jpg\"><img loading=\"lazy\" decoding=\"async\" class=\"alignright size-thumbnail wp-image-2899\" title=\"21\" src=\"http:\/\/www.ostroleka.com.pl\/pzw-narew38\/wp-content\/uploads\/2012\/08\/21-150x150.jpg\" alt=\"\" width=\"150\" height=\"150\" \/><\/a> sp\u0142ywem kajakowym rzek\u0105 Omulwi\u0105 na trasie Bia\u0142obrzeg Bli\u017cszy-Ostro\u0142\u0119ka.<\/p>\n<p>Dziesi\u0119\u0107 osad wyruszy\u0142o malownicz\u0105 tras\u0105 po meandrach Omulwi by nast\u0119pnie pod pr\u0105d pokona\u0107 kilometrowy odcinek Narwi od uj\u015bcia Omulwi do pla\u017cy w Ostro\u0142\u0119ce.<\/p>\n<p>Najci\u0119\u017cszy by\u0142 odcinek pod pr\u0105d na Narwi, ale ka\u017cda z osad poradzi\u0142a sobie z t\u0105 trudno\u015bci\u0105. Najdzielniejsze by\u0142y kobiety, kt\u00f3re m\u0119\u017cnie wios\u0142owa\u0142y razem z m\u0119sk\u0105 cz\u0119\u015bci\u0105 za\u0142ogi na kajakach.<!--more--><\/p>\n<p>Tras\u0119 najszybciej pokona\u0142a za\u0142oga gospodarza ko\u0142a, kt\u00f3ry dla podtrzymania tradycji drugiego sp\u0142ywu wpad\u0142 do wody przy uj\u015bciu Omulwi i utopi\u0142 telefon.<\/p>\n<p>Aby sprosta\u0107 trudom trzech godzin wios\u0142owania wszyscy uczestnicy sp\u0142ywu na zako\u0144czenie dzielnie posilili si\u0119 przy grilu dziel\u0105c si\u0119 wra\u017ceniami drugiej edycji sp\u0142ywu kajakowego.<\/p>\n<p>Wszyscy \u017cyczyli sobie za rok nast\u0119pnej edycji na d\u0142u\u017cszej mo\u017ce dwudniowej trasie- na kt\u00f3r\u0105 ju\u017c teraz serdecznie zapraszamy.<\/p>\n<p><strong>\u00a0\u00a0\u00a0\u00a0\u00a0\u00a0\u00a0\u00a0\u00a0\u00a0\u00a0\u00a0\u00a0\u00a0\u00a0\u00a0\u00a0\u00a0\u00a0\u00a0\u00a0\u00a0\u00a0\u00a0\u00a0\u00a0\u00a0\u00a0\u00a0\u00a0\u00a0\u00a0\u00a0\u00a0\u00a0\u00a0\u00a0\u00a0\u00a0\u00a0\u00a0\u00a0\u00a0\u00a0\u00a0<span style=\"color: #ff0000;\">\u00a0\u00a0\u00a0\u00a0\u00a0\u00a0\u00a0 \u00a0<a href=\"http:\/\/www.ostroleka.com.pl\/gallery_pzw\/thumbnails.php?album=101\"><span style=\"color: #ff0000;\">Galeria zdj\u0119\u0107 patrz\u00a0&gt;&gt;&gt;<\/span><\/a><\/span><\/strong><\/p>\n","protected":false},"excerpt":{"rendered":"<p>W dniu 19 sierpnia br. w\u0119dkarze z Ko\u0142a PZW Narew w Ostro\u0142\u0119ce uczcili Dzie\u0144 Wodniaka drugim sp\u0142ywem kajakowym rzek\u0105 Omulwi\u0105 na trasie Bia\u0142obrzeg Bli\u017cszy-Ostro\u0142\u0119ka. Dziesi\u0119\u0107 osad wyruszy\u0142o malownicz\u0105 tras\u0105 po meandrach Omulwi by nast\u0119pnie pod pr\u0105d pokona\u0107 kilometrowy odcinek Narwi od uj\u015bcia Omulwi do pla\u017cy w Ostro\u0142\u0119ce. Najci\u0119\u017cszy by\u0142 odcinek pod pr\u0105d na Narwi, ale ka\u017cda z osad poradzi\u0142a sobie z t\u0105 trudno\u015bci\u0105. Najdzielniejsze by\u0142y kobiety, kt\u00f3re m\u0119\u017cnie wios\u0142owa\u0142y razem z m\u0119sk\u0105 cz\u0119\u015bci\u0105 za\u0142ogi na kajakach.<\/p>\n","protected":false},"author":2,"featured_media":0,"comment_status":"open","ping_status":"closed","sticky":false,"template":"","format":"standard","meta":{"footnotes":""},"categories":[20,17],"tags":[],"class_list":["post-2896","post","type-post","status-publish","format-standard","hentry","category-newsy","category-imprezy"],"_links":{"self":[{"href":"https:\/\/www.pzwnarew.pl\/index.php?rest_route=\/wp\/v2\/posts\/2896","targetHints":{"allow":["GET"]}}],"collection":[{"href":"https:\/\/www.pzwnarew.pl\/index.php?rest_route=\/wp\/v2\/posts"}],"about":[{"href":"https:\/\/www.pzwnarew.pl\/index.php?rest_route=\/wp\/v2\/types\/post"}],"author":[{"embeddable":true,"href":"https:\/\/www.pzwnarew.pl\/index.php?rest_route=\/wp\/v2\/users\/2"}],"replies":[{"embeddable":true,"href":"https:\/\/www.pzwnarew.pl\/index.php?rest_route=%2Fwp%2Fv2%2Fcomments&post=2896"}],"version-history":[{"count":4,"href":"https:\/\/www.pzwnarew.pl\/index.php?rest_route=\/wp\/v2\/posts\/2896\/revisions"}],"predecessor-version":[{"id":2901,"href":"https:\/\/www.pzwnarew.pl\/index.php?rest_route=\/wp\/v2\/posts\/2896\/revisions\/2901"}],"wp:attachment":[{"href":"https:\/\/www.pzwnarew.pl\/index.php?rest_route=%2Fwp%2Fv2%2Fmedia&parent=2896"}],"wp:term":[{"taxonomy":"category","embeddable":true,"href":"https:\/\/www.pzwnarew.pl\/index.php?rest_route=%2Fwp%2Fv2%2Fcategories&post=2896"},{"taxonomy":"post_tag","embeddable":true,"href":"https:\/\/www.pzwnarew.pl\/index.php?rest_route=%2Fwp%2Fv2%2Ftags&post=2896"}],"curies":[{"name":"wp","href":"https:\/\/api.w.org\/{rel}","templated":true}]}}